{"id":187865,"date":"2023-06-06T09:09:00","date_gmt":"2023-06-06T08:09:00","guid":{"rendered":"https:\/\/www.tucomarca.com\/wordpress\/segunda\/?p=187865"},"modified":"2023-06-06T17:06:34","modified_gmt":"2023-06-06T16:06:34","slug":"la-socialmusik-orquestra-posara-sobre-el-faristol-la-gran-partita-de-mozart-aquest-dissabte-en-el-palau-de-la-musica","status":"publish","type":"post","link":"https:\/\/www.tucomarca.com\/wordpress\/segunda\/ca\/la-socialmusik-orquestra-posara-sobre-el-faristol-la-gran-partita-de-mozart-aquest-dissabte-en-el-palau-de-la-musica\/","title":{"rendered":"La SocialMusik Orquestra posar\u00e0 sobre el faristol &#8216;La gran partita&#8217;, de Mozart, aquest dissabte en el Palau de la M\u00fasica"},"content":{"rendered":"\n<h4 class=\"wp-block-heading\">La SocialMusik Orquestra, dirigida per Jan Milosz Zarzycki, posa sobre el faristol l&#8217;obra \u201cLa gran partita\u201d Serenata n\u00fam. 10 per a vents en Sib M, K. 361 de Wolfang Amadeus Mozart, aquest dissabte, 10 de juny, a les 19,30 hores, en el Palau de la M\u00fasica.<\/h4>\n\n\n\n<p>La Serenata n\u00fam. 10 per a vents en Si Bemoll Major, K. 361\/370A, coneguda com \u00abLa gran partita\u00bb, \u00e9s una serenata de Wolfgang Amadeus Mozart, composta probablement en 1781 o 1782. La composici\u00f3 est\u00e0 escrita per a dos obo\u00e9s, dos clarinets, dos corni di bassetto, dos fagots, quatre trompes i contrabaix.<\/p>\n\n\n\n<p>Les serenates i divertimentos per a instruments de vent de Mozart s\u00f3n considerades, a vegades, com a obres menors. Res m\u00e9s allunyat de la veritat. L&#8217;aspecte desenfadat d&#8217;algunes d&#8217;elles amaga considerables refinaments i admirables subtileses. S\u00f3n, en suma, una de les vies m\u00e9s accesibes a la profunda saviesa del geni de Salzburg.<\/p>\n\n\n\n<p>La SocialMusik Orquestra est\u00e0 composta per:<\/p>\n\n\n\n<ul class=\"wp-block-list\"><li>Pedro Vicente, Maria Dolores Enguidanos. Clarinets<\/li><li>Vicente Llimera, Reyes Perell\u00f3. Obo\u00e9s<\/li><li>Santiago P\u00e9rez, Daniel Bellovi. Cornos di basseto<\/li><li>Miguel Puchol, Jesus Viezma. Fagots<\/li><li>Juan Jos\u00e9 LLimera, Miguel Jorge, Carmelo Romaguera, Batiste Bernat. Trompes<\/li><li>Elena Garc\u00eda. Contrabaix<\/li><\/ul>\n\n\n\n<p><strong>Jan Milosz Zarzycki-Director<\/strong><\/p>\n\n\n\n<p>Director general i art\u00edstic de la Filharm\u00f2nica de Cambra. Witold Lutos\u0142awski en \u0141om\u017ca, professor de la Universitat de M\u00fasica Fryderyk Chopin de Vars\u00f2via, finalista i llorejat de concursos internacionals de m\u00fasica a It\u00e0lia, Espanya i Hongria.<\/p>\n\n\n\n<p>En 1994 es va graduar amb honors en la classe de direcci\u00f3 de Marek Pijarowski en Wroc\u0142aw. Va completar els seus estudis de direcci\u00f3 a Viena i Berl\u00edn, on va tindre l&#8217;oportunitat d&#8217;aprendre l&#8217;art de la direcci\u00f3 de mestres de la batuta com: Seiji Ozawa, Kurt Masur, Claudio Abbado. Tamb\u00e9 \u00e9s graduat del departament instrumental de l&#8217;Acad\u00e8mia de M\u00fasica de Katowice (1990), com a violinista ha guanyat nombrosos concursos de m\u00fasica. Tamb\u00e9 va completar Estudis de Postgrau en Gesti\u00f3 per a Creadors, Artistes i Animadors Culturals en la Facultat de Gesti\u00f3 de la Universitat de Vars\u00f2via.<\/p>\n\n\n\n<p><\/p>\n","protected":false},"excerpt":{"rendered":"<div class=\"mh-excerpt\">La SocialMusik Orquestra, dirigida per Jan Milosz Zarzycki, posa sobre el faristol l&#8217;obra \u201cLa gran partita\u201d Serenata n\u00fam. 10 per a vents en Sib M, K. 361 de Wolfang Amadeus Mozart, aquest dissabte, 10 de <a class=\"mh-excerpt-more\" href=\"https:\/\/www.tucomarca.com\/wordpress\/segunda\/ca\/la-socialmusik-orquestra-posara-sobre-el-faristol-la-gran-partita-de-mozart-aquest-dissabte-en-el-palau-de-la-musica\/\" title=\"La SocialMusik Orquestra posar\u00e0 sobre el faristol &#8216;La gran partita&#8217;, de Mozart, aquest dissabte en el Palau de la M\u00fasica\">[+] <\/a><\/div>\n","protected":false},"author":12,"featured_media":187860,"comment_status":"open","ping_status":"open","sticky":false,"template":"","format":"standard","meta":{"footnotes":""},"categories":[11019,10911,11005,10894,10912,11007,10896],"tags":[10913,10914,12827,19337],"class_list":{"0":"post-187865","1":"post","2":"type-post","3":"status-publish","4":"format-standard","5":"has-post-thumbnail","7":"category-agenda-ca","8":"category-bunol-ca","9":"category-canal-musica","10":"category-la-comarca-ca","11":"category-la-hoya-ca","12":"category-ocio-y-cultura-ca","13":"category-seccion-ca","14":"tag-bunol-ca","15":"tag-la-hoya-de-bunol-chiva-ca","16":"tag-palacio-de-la-musica-ca","17":"tag-socialmusik-orquesta-ca"},"_links":{"self":[{"href":"https:\/\/www.tucomarca.com\/wordpress\/segunda\/ca\/wp-json\/wp\/v2\/posts\/187865","targetHints":{"allow":["GET"]}}],"collection":[{"href":"https:\/\/www.tucomarca.com\/wordpress\/segunda\/ca\/wp-json\/wp\/v2\/posts"}],"about":[{"href":"https:\/\/www.tucomarca.com\/wordpress\/segunda\/ca\/wp-json\/wp\/v2\/types\/post"}],"author":[{"embeddable":true,"href":"https:\/\/www.tucomarca.com\/wordpress\/segunda\/ca\/wp-json\/wp\/v2\/users\/12"}],"replies":[{"embeddable":true,"href":"https:\/\/www.tucomarca.com\/wordpress\/segunda\/ca\/wp-json\/wp\/v2\/comments?post=187865"}],"version-history":[{"count":0,"href":"https:\/\/www.tucomarca.com\/wordpress\/segunda\/ca\/wp-json\/wp\/v2\/posts\/187865\/revisions"}],"wp:featuredmedia":[{"embeddable":true,"href":"https:\/\/www.tucomarca.com\/wordpress\/segunda\/ca\/wp-json\/wp\/v2\/media\/187860"}],"wp:attachment":[{"href":"https:\/\/www.tucomarca.com\/wordpress\/segunda\/ca\/wp-json\/wp\/v2\/media?parent=187865"}],"wp:term":[{"taxonomy":"category","embeddable":true,"href":"https:\/\/www.tucomarca.com\/wordpress\/segunda\/ca\/wp-json\/wp\/v2\/categories?post=187865"},{"taxonomy":"post_tag","embeddable":true,"href":"https:\/\/www.tucomarca.com\/wordpress\/segunda\/ca\/wp-json\/wp\/v2\/tags?post=187865"}],"curies":[{"name":"wp","href":"https:\/\/api.w.org\/{rel}","templated":true}]}}