{"id":188041,"date":"2023-06-08T11:55:00","date_gmt":"2023-06-08T10:55:00","guid":{"rendered":"https:\/\/www.tucomarca.com\/wordpress\/segunda\/?p=188041"},"modified":"2023-06-08T19:36:46","modified_gmt":"2023-06-08T18:36:46","slug":"la-diputacio-entrega-les-plaques-als-sis-pobles-de-la-ribera-que-se-sumen-a-la-xarxa-contra-la-violencia-de-genere","status":"publish","type":"post","link":"https:\/\/www.tucomarca.com\/wordpress\/segunda\/ca\/la-diputacio-entrega-les-plaques-als-sis-pobles-de-la-ribera-que-se-sumen-a-la-xarxa-contra-la-violencia-de-genere\/","title":{"rendered":"La Diputaci\u00f3 entrega les plaques als sis pobles de la Ribera que se sumen a la Xarxa contra la Viol\u00e8ncia de G\u00e8nere"},"content":{"rendered":"\n<h4 class=\"wp-block-heading\">Benifai\u00f3, Guadassuar, Alc\u00e0ntera de X\u00faquer i Sumac\u00e0rcer a la Ribera Alta i Albalat de la Ribera i Llaur\u00ed a la Ribera Baixa eleven a 32 els municipis de les dos comarques que formen part de la plataforma provincial contra la viol\u00e8ncia masclista, que suma 188 membres en total<\/h4>\n\n\n\n<p>Els ajuntaments de Benifai\u00f3, Guadassuar, Alc\u00e0ntera de X\u00faquer i Sumac\u00e0rcer, a la Ribera Alta, i d&#8217;Albalat de la Ribera i Llaur\u00ed a la Ribera Baixa s&#8217;incorporen a la Xarxa contra la Viol\u00e8ncia de G\u00e8nere de la Diputaci\u00f3\u00f3 de Val\u00e8ncia. Amb estes adhesions, la Ribera Alta suma 23 municipis a la Xarxa i la Ribera Baixa altres nou. Al costat dels nous membres, ja formaven part de la Xarxa Tur\u00eds, Real, Rafelguaraf, Llombai, Sellent, Benimodo, Alzira, Montserrat, Carlet, Algemes\u00ed, L&#8217;Alc\u00fadia, Carcaixent, Alberic, Massalav\u00e9s, Catadau, Montroi, Manuel, Senyera i La Pobla Llarga (Ribera Alta); i Almussafes, Cullera, Sueca, Favara, Corbera, Riola i Poliny\u00e0 del X\u00faquer (Ribera Baixa).<\/p>\n\n\n\n<p>Despr\u00e9s de la incorporaci\u00f3 de 25 noves localitats a la Xarxa de Municipis Protegits contra la Viol\u00e8ncia de G\u00e8nere en l&#8217;\u00faltima Assemblea General celebrada el passat 14 d&#8217;abril, la Diputaci\u00f3 de Val\u00e8ncia ha entregat este dijous les plaques als representants dels nous membres de la plataforma de treball conjunt. Gr\u00e0cies a les noves adhesions, la xarxa provincial encarregada de lluitar contra la xacra social suma ja 188 ajuntaments, la qual cosa suposa el 70% dels municipis que formen la prov\u00edncia de Val\u00e8ncia.<\/p>\n\n\n\n<p>La diputada d&#8217;Igualtat, Eli Garc\u00eda, ha sigut l&#8217;encarregada d&#8217;entregar les plaques que distingixen als nous membres. A l&#8217;acte han acudit tamb\u00e9 les diputades provincials Dolors Gimeno, Mentxu Balaguer i Carolina Mengual i el diputat Ramiro Rivera, a m\u00e9s d&#8217;una dotzena d&#8217;alcaldes i alcaldesses de les localitats recentment adherides a la xarxa.<\/p>\n\n\n\n<p>Estos ajuntaments podran sol\u00b7licitar les subvencions per a projectes i campanyes de sensibilitzaci\u00f3 i prevenci\u00f3 de la viol\u00e8ncia masclista que oferix l&#8217;\u00e0rea d&#8217;Igualtat de la Diputaci\u00f3. Per a 2023, la convocat\u00f2ria comptar\u00e0 amb un total de 700.000 euros, la qual cosa suposa un increment de 100.000 euros respecte a la del passat any.<\/p>\n\n\n\n<p>Aix\u00ed, des de 2018 es venen concedint ajudes econ\u00f2miques en r\u00e8gim de concurr\u00e8ncia competitiva per als diferents projectes i campanyes relacionats amb la prevenci\u00f3, detecci\u00f3 i lluita contra la viol\u00e8ncia de g\u00e8nere, incloent-hi accions en mat\u00e8ria de coeducaci\u00f3, aix\u00ed com actuacions dirigides a l&#8217;erradicaci\u00f3 de la prostituci\u00f3. Enguany com a novetat s&#8217;inclouen les mesures del Pla Estrat\u00e8gic de la Dona en el Sstema Rural Valenci\u00e0.<\/p>\n\n\n\n<p><\/p>\n","protected":false},"excerpt":{"rendered":"<div class=\"mh-excerpt\">Benifai\u00f3, Guadassuar, Alc\u00e0ntera de X\u00faquer i Sumac\u00e0rcer a la Ribera Alta i Albalat de la Ribera i Llaur\u00ed a la Ribera Baixa eleven a 32 els municipis de les dos comarques que formen part de <a class=\"mh-excerpt-more\" href=\"https:\/\/www.tucomarca.com\/wordpress\/segunda\/ca\/la-diputacio-entrega-les-plaques-als-sis-pobles-de-la-ribera-que-se-sumen-a-la-xarxa-contra-la-violencia-de-genere\/\" title=\"La Diputaci\u00f3 entrega les plaques als sis pobles de la Ribera que se sumen a la Xarxa contra la Viol\u00e8ncia de G\u00e8nere\">[+] <\/a><\/div>\n","protected":false},"author":12,"featured_media":188040,"comment_status":"open","ping_status":"open","sticky":false,"template":"","format":"standard","meta":{"footnotes":""},"categories":[10981,10987,10898,10994,10948,10894,10902,10947,10896,11049],"tags":[11246,13863,11356],"class_list":{"0":"post-188041","1":"post","2":"type-post","3":"status-publish","4":"format-standard","5":"has-post-thumbnail","7":"category-alcantera-de-xuquer-ca","8":"category-benifaio-ca","9":"category-ventana-ca","10":"category-guadassuar-ca","11":"category-infraestructuras-ca","12":"category-la-comarca-ca","13":"category-la-ribera-ca","14":"category-politica","15":"category-seccion-ca","16":"category-sumacarcer-ca","17":"tag-diputacio-de-valencia-ca","18":"tag-red-contra-la-violencia-de-genero-ca","19":"tag-ribera-alta-ca"},"_links":{"self":[{"href":"https:\/\/www.tucomarca.com\/wordpress\/segunda\/ca\/wp-json\/wp\/v2\/posts\/188041","targetHints":{"allow":["GET"]}}],"collection":[{"href":"https:\/\/www.tucomarca.com\/wordpress\/segunda\/ca\/wp-json\/wp\/v2\/posts"}],"about":[{"href":"https:\/\/www.tucomarca.com\/wordpress\/segunda\/ca\/wp-json\/wp\/v2\/types\/post"}],"author":[{"embeddable":true,"href":"https:\/\/www.tucomarca.com\/wordpress\/segunda\/ca\/wp-json\/wp\/v2\/users\/12"}],"replies":[{"embeddable":true,"href":"https:\/\/www.tucomarca.com\/wordpress\/segunda\/ca\/wp-json\/wp\/v2\/comments?post=188041"}],"version-history":[{"count":0,"href":"https:\/\/www.tucomarca.com\/wordpress\/segunda\/ca\/wp-json\/wp\/v2\/posts\/188041\/revisions"}],"wp:featuredmedia":[{"embeddable":true,"href":"https:\/\/www.tucomarca.com\/wordpress\/segunda\/ca\/wp-json\/wp\/v2\/media\/188040"}],"wp:attachment":[{"href":"https:\/\/www.tucomarca.com\/wordpress\/segunda\/ca\/wp-json\/wp\/v2\/media?parent=188041"}],"wp:term":[{"taxonomy":"category","embeddable":true,"href":"https:\/\/www.tucomarca.com\/wordpress\/segunda\/ca\/wp-json\/wp\/v2\/categories?post=188041"},{"taxonomy":"post_tag","embeddable":true,"href":"https:\/\/www.tucomarca.com\/wordpress\/segunda\/ca\/wp-json\/wp\/v2\/tags?post=188041"}],"curies":[{"name":"wp","href":"https:\/\/api.w.org\/{rel}","templated":true}]}}