{"id":188303,"date":"2023-06-13T10:10:00","date_gmt":"2023-06-13T09:10:00","guid":{"rendered":"https:\/\/www.tucomarca.com\/wordpress\/segunda\/?p=188303"},"modified":"2023-06-13T11:04:37","modified_gmt":"2023-06-13T10:04:37","slug":"serveis-funeraris-angel-cuenca-presenta-el-seu-projecte-ningu-es-queda-sense-loportunitat-dacomiadar-se","status":"publish","type":"post","link":"https:\/\/www.tucomarca.com\/wordpress\/segunda\/ca\/serveis-funeraris-angel-cuenca-presenta-el-seu-projecte-ningu-es-queda-sense-loportunitat-dacomiadar-se\/","title":{"rendered":"Serveis funeraris \u00c1ngel Cuenca presenta el seu projecte \u201cNing\u00fa es queda sense l&#8217;oportunitat d&#8217;acomiadar-se\u201d"},"content":{"rendered":"\n<p>Serveis Funeraris \u00c1ngel Cuenca ha presentat el seu nou projecte\u00a0<strong>&#8220;Ning\u00fa es quede sense l&#8217;oportunitat d&#8217;acomiadar-se&#8221;<\/strong>. Tres generacions amb m\u00e9s de 75 anys d&#8217;experi\u00e8ncia avala a Serveis Funeraris \u00c1ngel Cuenca, que s&#8217;encarrega de gestionar el servei funerari de manera integral, cuidant fins a l&#8217;\u00faltim detall. D&#8217;aqu\u00ed ve que en el seu afany per acostar totes les novetats en el seu sector, es posen a la disposici\u00f3 de les fam\u00edlies tots els canals f\u00edsics\u00a0i digitals perqu\u00e8\u00a0&#8220;Ning\u00fa es quede sense l&#8217;oportunitat d&#8217;acomiadar-se&#8221;.<\/p>\n\n\n\n<p>Un nou servei que es presenta, despr\u00e9s d&#8217;un acord amb l&#8217;Ajuntament de Bunyol, \u00e9s el servei d&#8217;autob\u00fas urb\u00e0, que tindr\u00e0 parada totes les vesprades en diferents horaris i els dissabtes al mat\u00ed.<\/p>\n\n\n\n<p><\/p>\n\n\n<div class=\"wp-block-image\">\n<figure class=\"aligncenter size-full is-resized\"><img loading=\"lazy\" decoding=\"async\" src=\"http:\/\/www.tucomarca.com\/wordpress\/segunda\/wp-content\/uploads\/2023\/06\/ParadasAutobus2.jpg\" alt=\"\" class=\"wp-image-188016\" width=\"262\" height=\"315\" srcset=\"https:\/\/www.tucomarca.com\/wordpress\/segunda\/wp-content\/uploads\/2023\/06\/ParadasAutobus2.jpg 369w, https:\/\/www.tucomarca.com\/wordpress\/segunda\/wp-content\/uploads\/2023\/06\/ParadasAutobus2-250x300.jpg 250w\" sizes=\"auto, (max-width: 262px) 100vw, 262px\" \/><\/figure>\n<\/div>\n\n\n<p>Contractant els seus serveis podem optar a vetlar en els principals tanatoris, ja que Serveis Funeraris \u00c1ngel Cuenca disposa de&nbsp;tanatoris propis&nbsp;en els municipis de&nbsp;<strong>Bunyol, Xiva, Godelleta&nbsp;<\/strong>i<strong>&nbsp;I\u00e0tova,&nbsp;<\/strong>donant cobertura a les poblacions d&#8217;Alboraig,&nbsp;<strong>&nbsp;Macastre, Setaig\u00fces, Millars, Dosaig\u00fces&nbsp;<\/strong>i<strong>&nbsp;Cortes de Pallars.&nbsp;<\/strong><\/p>\n\n\n\n<p>La seua nova web explica a m\u00e9s, amb tot luxe de detalls, els serveis que ofereix aquesta empresa de Bunyol que combina la tradici\u00f3 amb la innovaci\u00f3 en un perfecte equilibri. Per a aix\u00f2 es disposa del tradicional sistema d&#8217;esqueles murals i comunicaci\u00f3 de b\u00e0ndols locals, al que s&#8217;han afegit les noves t\u00e9cnolog\u00edas de RRSS, web i aplicaci\u00f3 m\u00f2bil.<\/p>\n\n\n\n<figure class=\"wp-block-image size-large is-resized\"><img loading=\"lazy\" decoding=\"async\" src=\"http:\/\/www.tucomarca.com\/wordpress\/segunda\/wp-content\/uploads\/2023\/06\/WebEsquela.jpg\" alt=\"\" class=\"wp-image-188127\" width=\"850\" height=\"425\" srcset=\"https:\/\/www.tucomarca.com\/wordpress\/segunda\/wp-content\/uploads\/2023\/06\/WebEsquela.jpg 1181w, https:\/\/www.tucomarca.com\/wordpress\/segunda\/wp-content\/uploads\/2023\/06\/WebEsquela-300x150.jpg 300w, https:\/\/www.tucomarca.com\/wordpress\/segunda\/wp-content\/uploads\/2023\/06\/WebEsquela-1024x512.jpg 1024w, https:\/\/www.tucomarca.com\/wordpress\/segunda\/wp-content\/uploads\/2023\/06\/WebEsquela-768x384.jpg 768w\" sizes=\"auto, (max-width: 850px) 100vw, 850px\" \/><\/figure>\n\n\n\n<p>L&#8217;aplicaci\u00f3 m\u00f2bil, serveix al seu torn de sistema de comunicaci\u00f3, on es disposar\u00e0 de tot el detall del sepeli, llibre de condolences, enc\u00e0rrec de flor de manera senzilla per al sepeli i en finalitzar es disposar\u00e0 in eternum d&#8217;una web \u00fanica per a record de la persona morta, que podr\u00e0 ser consultat per amics i familiars.<\/p>\n\n\n<div class=\"wp-block-image\">\n<figure class=\"aligncenter size-full is-resized\"><img loading=\"lazy\" decoding=\"async\" src=\"https:\/\/www.tucomarca.com\/wordpress\/segunda\/wp-content\/uploads\/2023\/06\/AplicacionaCuenca1.jpg\" alt=\"\" class=\"wp-image-188125\" width=\"274\" height=\"623\" srcset=\"https:\/\/www.tucomarca.com\/wordpress\/segunda\/wp-content\/uploads\/2023\/06\/AplicacionaCuenca1.jpg 729w, https:\/\/www.tucomarca.com\/wordpress\/segunda\/wp-content\/uploads\/2023\/06\/AplicacionaCuenca1-132x300.jpg 132w, https:\/\/www.tucomarca.com\/wordpress\/segunda\/wp-content\/uploads\/2023\/06\/AplicacionaCuenca1-450x1024.jpg 450w, https:\/\/www.tucomarca.com\/wordpress\/segunda\/wp-content\/uploads\/2023\/06\/AplicacionaCuenca1-675x1536.jpg 675w\" sizes=\"auto, (max-width: 274px) 100vw, 274px\" \/><\/figure>\n<\/div>\n\n\n<figure class=\"wp-block-gallery has-nested-images columns-default is-cropped wp-block-gallery-1 is-layout-flex wp-block-gallery-is-layout-flex\">\n<figure class=\"wp-block-image size-large\"><img loading=\"lazy\" decoding=\"async\" width=\"736\" height=\"645\" data-id=\"188123\" src=\"http:\/\/www.tucomarca.com\/wordpress\/segunda\/wp-content\/uploads\/2023\/06\/AplicacionaCuenca3.jpg\" alt=\"\" class=\"wp-image-188123\" srcset=\"https:\/\/www.tucomarca.com\/wordpress\/segunda\/wp-content\/uploads\/2023\/06\/AplicacionaCuenca3.jpg 736w, https:\/\/www.tucomarca.com\/wordpress\/segunda\/wp-content\/uploads\/2023\/06\/AplicacionaCuenca3-300x263.jpg 300w\" sizes=\"auto, (max-width: 736px) 100vw, 736px\" \/><\/figure>\n\n\n\n<figure class=\"wp-block-image size-large\"><img loading=\"lazy\" decoding=\"async\" width=\"806\" height=\"834\" data-id=\"188129\" src=\"http:\/\/www.tucomarca.com\/wordpress\/segunda\/wp-content\/uploads\/2023\/06\/AplicacionaCuenca2.png\" alt=\"\" class=\"wp-image-188129\" srcset=\"https:\/\/www.tucomarca.com\/wordpress\/segunda\/wp-content\/uploads\/2023\/06\/AplicacionaCuenca2.png 806w, https:\/\/www.tucomarca.com\/wordpress\/segunda\/wp-content\/uploads\/2023\/06\/AplicacionaCuenca2-290x300.png 290w, https:\/\/www.tucomarca.com\/wordpress\/segunda\/wp-content\/uploads\/2023\/06\/AplicacionaCuenca2-768x795.png 768w\" sizes=\"auto, (max-width: 806px) 100vw, 806px\" \/><\/figure>\n<\/figure>\n","protected":false},"excerpt":{"rendered":"<div class=\"mh-excerpt\">Serveis Funeraris \u00c1ngel Cuenca ha presentat el seu nou projecte\u00a0&#8220;Ning\u00fa es quede sense l&#8217;oportunitat d&#8217;acomiadar-se&#8221;. Tres generacions amb m\u00e9s de 75 anys d&#8217;experi\u00e8ncia avala a Serveis Funeraris \u00c1ngel Cuenca, que s&#8217;encarrega de gestionar el servei <a class=\"mh-excerpt-more\" href=\"https:\/\/www.tucomarca.com\/wordpress\/segunda\/ca\/serveis-funeraris-angel-cuenca-presenta-el-seu-projecte-ningu-es-queda-sense-loportunitat-dacomiadar-se\/\" title=\"Serveis funeraris \u00c1ngel Cuenca presenta el seu projecte \u201cNing\u00fa es queda sense l&#8217;oportunitat d&#8217;acomiadar-se\u201d\">[+] <\/a><\/div>\n","protected":false},"author":12,"featured_media":188134,"comment_status":"open","ping_status":"open","sticky":false,"template":"","format":"gallery","meta":{"footnotes":""},"categories":[10973,10911,10976,10977,10980,10948,10894,10912,10978,11007,10896,10979,10974,10975],"tags":[10913,10914,19360],"class_list":{"0":"post-188303","1":"post","2":"type-post","3":"status-publish","4":"format-gallery","5":"has-post-thumbnail","7":"category-alborache-ca","8":"category-bunol-ca","9":"category-dos-aguas-ca","10":"category-godelleta-ca","11":"category-yatova-ca","12":"category-infraestructuras-ca","13":"category-la-comarca-ca","14":"category-la-hoya-ca","15":"category-macastre-ca","16":"category-ocio-y-cultura-ca","17":"category-seccion-ca","18":"category-siete-aguas-ca","19":"category-cheste-ca","20":"category-chiva-ca","21":"tag-bunol-ca","22":"tag-la-hoya-de-bunol-chiva-ca","23":"tag-servicios-funerarios-angel-cuenca-ca","24":"post_format-post-format-gallery"},"_links":{"self":[{"href":"https:\/\/www.tucomarca.com\/wordpress\/segunda\/ca\/wp-json\/wp\/v2\/posts\/188303","targetHints":{"allow":["GET"]}}],"collection":[{"href":"https:\/\/www.tucomarca.com\/wordpress\/segunda\/ca\/wp-json\/wp\/v2\/posts"}],"about":[{"href":"https:\/\/www.tucomarca.com\/wordpress\/segunda\/ca\/wp-json\/wp\/v2\/types\/post"}],"author":[{"embeddable":true,"href":"https:\/\/www.tucomarca.com\/wordpress\/segunda\/ca\/wp-json\/wp\/v2\/users\/12"}],"replies":[{"embeddable":true,"href":"https:\/\/www.tucomarca.com\/wordpress\/segunda\/ca\/wp-json\/wp\/v2\/comments?post=188303"}],"version-history":[{"count":0,"href":"https:\/\/www.tucomarca.com\/wordpress\/segunda\/ca\/wp-json\/wp\/v2\/posts\/188303\/revisions"}],"wp:featuredmedia":[{"embeddable":true,"href":"https:\/\/www.tucomarca.com\/wordpress\/segunda\/ca\/wp-json\/wp\/v2\/media\/188134"}],"wp:attachment":[{"href":"https:\/\/www.tucomarca.com\/wordpress\/segunda\/ca\/wp-json\/wp\/v2\/media?parent=188303"}],"wp:term":[{"taxonomy":"category","embeddable":true,"href":"https:\/\/www.tucomarca.com\/wordpress\/segunda\/ca\/wp-json\/wp\/v2\/categories?post=188303"},{"taxonomy":"post_tag","embeddable":true,"href":"https:\/\/www.tucomarca.com\/wordpress\/segunda\/ca\/wp-json\/wp\/v2\/tags?post=188303"}],"curies":[{"name":"wp","href":"https:\/\/api.w.org\/{rel}","templated":true}]}}