{"id":188329,"date":"2023-06-12T10:10:00","date_gmt":"2023-06-12T09:10:00","guid":{"rendered":"https:\/\/www.tucomarca.com\/wordpress\/segunda\/?p=188329"},"modified":"2023-06-12T19:28:31","modified_gmt":"2023-06-12T18:28:31","slug":"els-veins-de-bunyol-desallotjats-del-carrer-moratin-per-la-seua-ensulsiada-ja-estan-en-els-seus-habitatges","status":"publish","type":"post","link":"https:\/\/www.tucomarca.com\/wordpress\/segunda\/ca\/els-veins-de-bunyol-desallotjats-del-carrer-moratin-per-la-seua-ensulsiada-ja-estan-en-els-seus-habitatges\/","title":{"rendered":"Els ve\u00efns de Bunyol desallotjats del carrer Morat\u00edn per la seua ensulsiada ja estan en els seus habitatges"},"content":{"rendered":"\n<h4 class=\"wp-block-heading\">Aquesta obra urgent ha comptat amb la subvenci\u00f3 de 500.000 euros de la Generalitat Valenciana, a m\u00e9s d&#8217;aportacions de la Diputaci\u00f3 de Val\u00e8ncia.&nbsp;<\/h4>\n\n\n\n<p>Juncal Carrascosa, alcaldessa en funcions de Bunyol, ha confirmat que tots els ve\u00efns i ve\u00efnes del carrer Morat\u00edn ja es troben des de fa uns dies en els seus domicilis amb un carrer i una zona totalment segura, neta, i amb un sanejament totalment reconstru\u00eft despr\u00e9s de la caiguda del mur d&#8217;aqueix carrer el passat 31 d&#8217;agost. Despr\u00e9s de la urg\u00e8ncia i rapidesa duta a terme per l&#8217;equip de govern, t\u00e8cnics municipals i empresa contractada per a l&#8217;arranjament d&#8217;aqueixa zona, definitivament s&#8217;ha pogut oferir amb garanties l&#8217;entrada de tots els damnificats en els seus domicilis despr\u00e9s de la fat\u00eddica matinada del 31 d&#8217;agost on van haver d&#8217;eixir dels seus domicilis pel possible perill que corrien els seus habitatges, a m\u00e9s del trencament de tota la xarxa de sanejament de la zona.<\/p>\n\n\n\n<p>La primer edil bu\u00f1olense en funcions est\u00e0 molt satisfeta del treball realitzat per l&#8217;equip de govern, empresa privada i administracions que han col\u00b7laborat r\u00e0pidament en la finalitzaci\u00f3 d&#8217;aquest gran projecte, en el qual \u201cdes del minut un assumim la urg\u00e8ncia i aix\u00ed la transmetem a totes les institucions a les quals li sol\u00b7licitem ajuda\u201d.<\/p>\n\n\n\n<p>Definitivament, el mes d&#8217;octubre passat van rebre la notificaci\u00f3 positiva de la Generalitat Valenciana en la qual es comprometien al fet que en els pr\u00f2xims pressupostos, de 2023, d&#8217;aquesta instituci\u00f3 auton\u00f2mica, es concediria un total de 500.000 euros a l&#8217;Ajuntament de Bunyol per al finan\u00e7ament d&#8217;actuacions de recuperaci\u00f3 del tal\u00fas al Castell de Bunyol.&nbsp;<\/p>\n\n\n\n<p>Concretament aquesta subvenci\u00f3 \u00e9s present en el pressupost de la Generalitat per a 2023 en la partida de Despeses Diverses, en la l\u00ednia de subvencions, amb la denominaci\u00f3 \u201cRecuperaci\u00f3 tal\u00fas Castillo de Bunyol\u201d. L&#8217;objecte de la subvenci\u00f3 \u00e9s poder afrontar econ\u00f2micament la contractaci\u00f3 d&#8217;emerg\u00e8ncia de tots els treballs necessaris per a aconseguir les prestacions consistents a permetre el retorn de les persones habitants desallotjades, amb les degudes condicions de seguretat del carrer i de les seues edificacions, amb el restabliment de les infraestructures d&#8217;aigua potable i clavegueram, derivats de l&#8217;ensulsiada del mur de sosteniment i cal\u00e7ada del Carrer Morat\u00edn a Bunyol, resultant tamb\u00e9 danyades les infraestructures de subministrament d&#8217;aigua potable i clavegueram, amb el que el carrer va quedar sense element de contenci\u00f3 cap als terrenys inferiors, amb el risc de nous despreniments, principalment en circumst\u00e0ncies meteorol\u00f2giques adverses de pluges, neu, o forts vents.&nbsp;<\/p>\n\n\n\n<p>Una vegada concedida ja a l&#8217;abril d&#8217;enguany la subvenci\u00f3, el recentment nomenat director general d&#8217;Administraci\u00f3 Local de la Generalitat Valenciana, Adolf Sanmart\u00edn, va visitar Bunyol, el seu Ajuntament i la zona del Carrer Morat\u00edn on s&#8217;estaven ultimant les obres. En aquesta visita li va acompanyar Juncal Carrascosa, primer edil bu\u00f1olense, i els regidors del Consistori bu\u00f1olense, Manuel Sierra, Mar\u00eda Vall\u00e9s i Rafael P\u00e9rez, a m\u00e9s de Francisco Molina, Director Territorial de Presid\u00e8ncia de la Generalitat Valenciana. Ac\u00ed va poder comprovar l&#8217;estat de les obres. Ara ja \u00e9s una realitat, que tots els ve\u00efns de la zona i de la localitat poden gaudir. Els ve\u00efns ja estan instal\u00b7lats de nou i els visitants i ve\u00efns del municipi tamb\u00e9 compten amb una excel\u00b7lent zona, segura, i amb unes incre\u00efbles vistes de la localitat i del Castell.&nbsp;<\/p>\n\n\n\n<p>Adolf Sanmart\u00edn va qualificar en la seua visita el mes d&#8217;abril passat la \u201cgran predisposici\u00f3 la del seu equip de Govern per a poder vindre i visitar una gran obra, en la qual la Generalitat ha contribu\u00eft de manera urgent amb m\u00e9s de 500.000\u20ac, i vol\u00edem comprovar l&#8217;efici\u00e8ncia i rapidesa del govern en aquesta obra visitant-la de primera m\u00e0\u201d. L&#8217;Alcaldessa de la localitat va mantindre una reuni\u00f3 en el despatx d&#8217;Alcaldia de l&#8217;Ajuntament. A m\u00e9s de con\u00e9ixer de primera m\u00e0 totes les necessitats de l&#8217;administraci\u00f3 local de Bunyol i el funcionament del seu ajuntament, va signar en el llibre de signatures el recentment nomenat Adolf Sanmart\u00edn.&nbsp;<\/p>\n\n\n\n<p>Juncal Carrascosa argumenta que aquesta gran obra ha aconseguit realitzar-se amb gran \u00e8xit, amb rapidesa i amb la urg\u00e8ncia que mereixia per a la seguretat dels ve\u00efns de la zona, i per a assentar una zona de gran bellesa, hist\u00f2ria i patrimoni cultural.<\/p>\n\n\n\n<p><\/p>\n","protected":false},"excerpt":{"rendered":"<div class=\"mh-excerpt\">Aquesta obra urgent ha comptat amb la subvenci\u00f3 de 500.000 euros de la Generalitat Valenciana, a m\u00e9s d&#8217;aportacions de la Diputaci\u00f3 de Val\u00e8ncia.&nbsp; Juncal Carrascosa, alcaldessa en funcions de Bunyol, ha confirmat que tots els <a class=\"mh-excerpt-more\" href=\"https:\/\/www.tucomarca.com\/wordpress\/segunda\/ca\/els-veins-de-bunyol-desallotjats-del-carrer-moratin-per-la-seua-ensulsiada-ja-estan-en-els-seus-habitatges\/\" title=\"Els ve\u00efns de Bunyol desallotjats del carrer Morat\u00edn per la seua ensulsiada ja estan en els seus habitatges\">[+] <\/a><\/div>\n","protected":false},"author":12,"featured_media":188327,"comment_status":"open","ping_status":"open","sticky":false,"template":"","format":"standard","meta":{"footnotes":""},"categories":[10911,10948,10894,10912,10947,10896],"tags":[10913,17829,10914],"class_list":{"0":"post-188329","1":"post","2":"type-post","3":"status-publish","4":"format-standard","5":"has-post-thumbnail","7":"category-bunol-ca","8":"category-infraestructuras-ca","9":"category-la-comarca-ca","10":"category-la-hoya-ca","11":"category-politica","12":"category-seccion-ca","13":"tag-bunol-ca","14":"tag-calle-moratin-ca","15":"tag-la-hoya-de-bunol-chiva-ca"},"_links":{"self":[{"href":"https:\/\/www.tucomarca.com\/wordpress\/segunda\/ca\/wp-json\/wp\/v2\/posts\/188329","targetHints":{"allow":["GET"]}}],"collection":[{"href":"https:\/\/www.tucomarca.com\/wordpress\/segunda\/ca\/wp-json\/wp\/v2\/posts"}],"about":[{"href":"https:\/\/www.tucomarca.com\/wordpress\/segunda\/ca\/wp-json\/wp\/v2\/types\/post"}],"author":[{"embeddable":true,"href":"https:\/\/www.tucomarca.com\/wordpress\/segunda\/ca\/wp-json\/wp\/v2\/users\/12"}],"replies":[{"embeddable":true,"href":"https:\/\/www.tucomarca.com\/wordpress\/segunda\/ca\/wp-json\/wp\/v2\/comments?post=188329"}],"version-history":[{"count":0,"href":"https:\/\/www.tucomarca.com\/wordpress\/segunda\/ca\/wp-json\/wp\/v2\/posts\/188329\/revisions"}],"wp:featuredmedia":[{"embeddable":true,"href":"https:\/\/www.tucomarca.com\/wordpress\/segunda\/ca\/wp-json\/wp\/v2\/media\/188327"}],"wp:attachment":[{"href":"https:\/\/www.tucomarca.com\/wordpress\/segunda\/ca\/wp-json\/wp\/v2\/media?parent=188329"}],"wp:term":[{"taxonomy":"category","embeddable":true,"href":"https:\/\/www.tucomarca.com\/wordpress\/segunda\/ca\/wp-json\/wp\/v2\/categories?post=188329"},{"taxonomy":"post_tag","embeddable":true,"href":"https:\/\/www.tucomarca.com\/wordpress\/segunda\/ca\/wp-json\/wp\/v2\/tags?post=188329"}],"curies":[{"name":"wp","href":"https:\/\/api.w.org\/{rel}","templated":true}]}}