{"id":188337,"date":"2023-06-12T09:57:00","date_gmt":"2023-06-12T08:57:00","guid":{"rendered":"https:\/\/www.tucomarca.com\/wordpress\/segunda\/?p=188337"},"modified":"2023-06-12T19:43:58","modified_gmt":"2023-06-12T18:43:58","slug":"engalanar-carrers-o-habitatges-en-el-municipi-de-venta-del-moro-pot-tindre-premi","status":"publish","type":"post","link":"https:\/\/www.tucomarca.com\/wordpress\/segunda\/ca\/engalanar-carrers-o-habitatges-en-el-municipi-de-venta-del-moro-pot-tindre-premi\/","title":{"rendered":"Engalanar carrers o habitatges en el municipi de Venta del Moro pot tindre premi"},"content":{"rendered":"\n<p>L&#8217;Associaci\u00f3 Cultural Amics de Venta del Moro i l&#8217;Ajuntament del municipi convoquen conjuntament la quarta campanya \u201cVenta del Moro i Llogarets Poseu-vos Bonicas\u201d.<br>En el concurs podr\u00e0 participar qualsevol casa o grup de cases que estiga dins del terme municipal de Venta del Moro: poble, llogarets i caserius.<br>L&#8217;objecte del concurs \u201c\u00e9s l&#8217;adorn i embelliment de fa\u00e7anes, carrerons i racons que donen a l&#8217;exterior amb plantes, flors i afegits. En el concurs es valorar\u00e0 el conjunt global de la fa\u00e7ana, aix\u00ed com l&#8217;estat de conservaci\u00f3, pintura, enjalbiegue i elements propis de l&#8217;arquitectura tradicional\u201d detallen les entitats convocants.<br>Es concediran 3 premis per valor de 150 euros cadascun.<br>El termini d&#8217;inscripci\u00f3 \u00e9s del 12 de juny al 14 de juliol de 2023 i les inscripcions es podr\u00e0 realitzar en l&#8217;adre\u00e7a de correu electr\u00f2nic aavm@ventadelmoro.org, en missatge intern en la p\u00e0gina de facebook \u201cVenta del Moro i llogarets\u201d, a l&#8217;Ajuntament de Venta del Moro o en la Farm\u00e0cia de la llicenciada Otilia Blasco. En la inscripci\u00f3 s&#8217;ha de posar el nom i cognoms del participant, adre\u00e7a exacta de la fa\u00e7ana i tel\u00e8fon.<br>A partir del 13 de juliol les fa\u00e7anes han d&#8217;estar adornades, perqu\u00e8 hauran d&#8217;estar disposades per a la passada del jurat.<br>Un jurat neutral concedir\u00e0 els tres premis amb l&#8217;opci\u00f3 de quedar cap desert dels premis.<br>Es donar\u00e0 publicitat via facebook de les fa\u00e7anes premiades i de les quals participen. Informa, <strong>Luis Ib\u00e1\u00f1ez.<\/strong><\/p>\n","protected":false},"excerpt":{"rendered":"<div class=\"mh-excerpt\">L&#8217;Associaci\u00f3 Cultural Amics de Venta del Moro i l&#8217;Ajuntament del municipi convoquen conjuntament la quarta campanya \u201cVenta del Moro i Llogarets Poseu-vos Bonicas\u201d.En el concurs podr\u00e0 participar qualsevol casa o grup de cases que estiga <a class=\"mh-excerpt-more\" href=\"https:\/\/www.tucomarca.com\/wordpress\/segunda\/ca\/engalanar-carrers-o-habitatges-en-el-municipi-de-venta-del-moro-pot-tindre-premi\/\" title=\"Engalanar carrers o habitatges en el municipi de Venta del Moro pot tindre premi\">[+] <\/a><\/div>\n","protected":false},"author":12,"featured_media":188336,"comment_status":"open","ping_status":"open","sticky":false,"template":"","format":"standard","meta":{"footnotes":""},"categories":[11019,10894,11007,10909,10896,11060],"tags":[10910,11709],"class_list":{"0":"post-188337","1":"post","2":"type-post","3":"status-publish","4":"format-standard","5":"has-post-thumbnail","7":"category-agenda-ca","8":"category-la-comarca-ca","9":"category-ocio-y-cultura-ca","10":"category-requena-utiel-ca","11":"category-seccion-ca","12":"category-venta-del-moro-ca","13":"tag-requena-utiel-ca","14":"tag-venta-del-moro-ca"},"_links":{"self":[{"href":"https:\/\/www.tucomarca.com\/wordpress\/segunda\/ca\/wp-json\/wp\/v2\/posts\/188337","targetHints":{"allow":["GET"]}}],"collection":[{"href":"https:\/\/www.tucomarca.com\/wordpress\/segunda\/ca\/wp-json\/wp\/v2\/posts"}],"about":[{"href":"https:\/\/www.tucomarca.com\/wordpress\/segunda\/ca\/wp-json\/wp\/v2\/types\/post"}],"author":[{"embeddable":true,"href":"https:\/\/www.tucomarca.com\/wordpress\/segunda\/ca\/wp-json\/wp\/v2\/users\/12"}],"replies":[{"embeddable":true,"href":"https:\/\/www.tucomarca.com\/wordpress\/segunda\/ca\/wp-json\/wp\/v2\/comments?post=188337"}],"version-history":[{"count":0,"href":"https:\/\/www.tucomarca.com\/wordpress\/segunda\/ca\/wp-json\/wp\/v2\/posts\/188337\/revisions"}],"wp:featuredmedia":[{"embeddable":true,"href":"https:\/\/www.tucomarca.com\/wordpress\/segunda\/ca\/wp-json\/wp\/v2\/media\/188336"}],"wp:attachment":[{"href":"https:\/\/www.tucomarca.com\/wordpress\/segunda\/ca\/wp-json\/wp\/v2\/media?parent=188337"}],"wp:term":[{"taxonomy":"category","embeddable":true,"href":"https:\/\/www.tucomarca.com\/wordpress\/segunda\/ca\/wp-json\/wp\/v2\/categories?post=188337"},{"taxonomy":"post_tag","embeddable":true,"href":"https:\/\/www.tucomarca.com\/wordpress\/segunda\/ca\/wp-json\/wp\/v2\/tags?post=188337"}],"curies":[{"name":"wp","href":"https:\/\/api.w.org\/{rel}","templated":true}]}}