{"id":188440,"date":"2023-06-13T10:00:00","date_gmt":"2023-06-13T09:00:00","guid":{"rendered":"https:\/\/www.tucomarca.com\/wordpress\/segunda\/?p=188440"},"modified":"2023-06-13T14:04:27","modified_gmt":"2023-06-13T13:04:27","slug":"el-campionat-de-futbol-sala-destiu-de-bunyol-obri-termini-per-a-inscripcions-fins-al-25-de-juny","status":"publish","type":"post","link":"https:\/\/www.tucomarca.com\/wordpress\/segunda\/ca\/el-campionat-de-futbol-sala-destiu-de-bunyol-obri-termini-per-a-inscripcions-fins-al-25-de-juny\/","title":{"rendered":"El campionat de futbol sala d&#8217;estiu de Bunyol obri termini per a inscripcions fins al 25 de juny"},"content":{"rendered":"\n<h4 class=\"wp-block-heading\">Del 3 de juliol al 23 d&#8217;agost des de les 20,00h fins a les 00,00h en el Poliesportiu de la Piscina Municipal de Bunyol es desenvolupar\u00e0 aquest reeixit Campionat de Futbol Sala.&nbsp;<\/h4>\n\n\n\n<p>La regidoria d&#8217;Esports de l&#8217;Ajuntament de Bunyol, l&#8217;associaci\u00f3 Bunyol \u00e9s Esport i esport-i, organitzen un estiu m\u00e9s el Campionat de Futbol Sala en el poliesportiu de la piscina municipal del 3 de juliol al 23 d&#8217;agost.&nbsp;<\/p>\n\n\n\n<p>Les categories s\u00f3n, com totes les edicions, s\u00e8nior mascul\u00ed i femen\u00ed (majors de 16 anys), majors (de 13 a 15 anys), mitjans (de 10 a 12 anys) i xicotets (de 7 a 9 anys). Els preus d&#8217;inscripci\u00f3 varien en funci\u00f3 de la categoria. Per al s\u00e8nior mascul\u00ed cal pagar 120 euros, per al femen\u00ed 70 euros, per a majors 60 euros, i per a mitjans i xicotets 30 euros.<\/p>\n\n\n\n<p>Les inscripcions s\u00f3n fins al 25 de juny en bunyolesdeporte.com o llegint el QR que apareix en el cartell. V\u00edctor S\u00e1nchez, t\u00e8cnic de Bunyol \u00e9s Esport, confirmava que les edicions anteriors han sigut tot un \u00e8xit i que aquest any pretenen que hi haja major nombre d&#8217;equips inscrits, i que el s\u00e8nior femen\u00ed compte amb equips.&nbsp;<\/p>\n\n\n\n<p>S\u00e1nchez anima a tots els que estiguen interessats a participar que s&#8217;apunten al m\u00e9s prompte possible ja que quadrar tan alt nombre d&#8217;equips participants \u00e9s complicat i com m\u00e9s prompte millor se s\u00e0pien els equips millor. \u201c\u00c9s un proc\u00e9s molt f\u00e0cil, molt accessible per a tots i molt r\u00e0pid\u201d, aix\u00ed ho entenen des de Bunyol \u00e9s Esport. A m\u00e9s, recomanen que el nombre de jugadors en els equips, per a categories inferiors, com les de xiquets mitjans i xicotets, que siga el m\u00e9s redu\u00eft possible, ja que quants menys xiquets hi haja en cada equip m\u00e9s minuts poden jugar\u201d.<\/p>\n\n\n\n<p>Com tots els estius, un gran nombre de ve\u00efns, familiars i nombrosos curiosos s&#8217;acosten a gaudir de les llargues n<\/p>\n\n\n\n<p><\/p>\n","protected":false},"excerpt":{"rendered":"<div class=\"mh-excerpt\">Del 3 de juliol al 23 d&#8217;agost des de les 20,00h fins a les 00,00h en el Poliesportiu de la Piscina Municipal de Bunyol es desenvolupar\u00e0 aquest reeixit Campionat de Futbol Sala.&nbsp; La regidoria d&#8217;Esports <a class=\"mh-excerpt-more\" href=\"https:\/\/www.tucomarca.com\/wordpress\/segunda\/ca\/el-campionat-de-futbol-sala-destiu-de-bunyol-obri-termini-per-a-inscripcions-fins-al-25-de-juny\/\" title=\"El campionat de futbol sala d&#8217;estiu de Bunyol obri termini per a inscripcions fins al 25 de juny\">[+] <\/a><\/div>\n","protected":false},"author":12,"featured_media":188437,"comment_status":"open","ping_status":"open","sticky":false,"template":"","format":"standard","meta":{"footnotes":""},"categories":[11019,10911,11003,11012,10894,10912,10896],"tags":[10913,17234,10914],"class_list":{"0":"post-188440","1":"post","2":"type-post","3":"status-publish","4":"format-standard","5":"has-post-thumbnail","7":"category-agenda-ca","8":"category-bunol-ca","9":"category-sports","10":"category-futbol-sala-ca","11":"category-la-comarca-ca","12":"category-la-hoya-ca","13":"category-seccion-ca","14":"tag-bunol-ca","15":"tag-campeonato-de-futbol-sala-ca","16":"tag-la-hoya-de-bunol-chiva-ca"},"_links":{"self":[{"href":"https:\/\/www.tucomarca.com\/wordpress\/segunda\/ca\/wp-json\/wp\/v2\/posts\/188440","targetHints":{"allow":["GET"]}}],"collection":[{"href":"https:\/\/www.tucomarca.com\/wordpress\/segunda\/ca\/wp-json\/wp\/v2\/posts"}],"about":[{"href":"https:\/\/www.tucomarca.com\/wordpress\/segunda\/ca\/wp-json\/wp\/v2\/types\/post"}],"author":[{"embeddable":true,"href":"https:\/\/www.tucomarca.com\/wordpress\/segunda\/ca\/wp-json\/wp\/v2\/users\/12"}],"replies":[{"embeddable":true,"href":"https:\/\/www.tucomarca.com\/wordpress\/segunda\/ca\/wp-json\/wp\/v2\/comments?post=188440"}],"version-history":[{"count":0,"href":"https:\/\/www.tucomarca.com\/wordpress\/segunda\/ca\/wp-json\/wp\/v2\/posts\/188440\/revisions"}],"wp:featuredmedia":[{"embeddable":true,"href":"https:\/\/www.tucomarca.com\/wordpress\/segunda\/ca\/wp-json\/wp\/v2\/media\/188437"}],"wp:attachment":[{"href":"https:\/\/www.tucomarca.com\/wordpress\/segunda\/ca\/wp-json\/wp\/v2\/media?parent=188440"}],"wp:term":[{"taxonomy":"category","embeddable":true,"href":"https:\/\/www.tucomarca.com\/wordpress\/segunda\/ca\/wp-json\/wp\/v2\/categories?post=188440"},{"taxonomy":"post_tag","embeddable":true,"href":"https:\/\/www.tucomarca.com\/wordpress\/segunda\/ca\/wp-json\/wp\/v2\/tags?post=188440"}],"curies":[{"name":"wp","href":"https:\/\/api.w.org\/{rel}","templated":true}]}}