{"id":188783,"date":"2023-06-16T15:00:00","date_gmt":"2023-06-16T14:00:00","guid":{"rendered":"https:\/\/www.tucomarca.com\/wordpress\/segunda\/?p=188783"},"modified":"2023-06-16T19:26:54","modified_gmt":"2023-06-16T18:26:54","slug":"el-pp-seguira-al-capdavant-del-govern-de-betera-gracies-al-suport-de-mas-camarena-torre-en-conill","status":"publish","type":"post","link":"https:\/\/www.tucomarca.com\/wordpress\/segunda\/ca\/el-pp-seguira-al-capdavant-del-govern-de-betera-gracies-al-suport-de-mas-camarena-torre-en-conill\/","title":{"rendered":"El PP seguir\u00e0 al capdavant del govern de B\u00e9tera gr\u00e0cies al suport de Mas Camarena-Torre en Conill"},"content":{"rendered":"\n<p>La for\u00e7a pol\u00edtica m\u00e9s votada en les passades eleccions municipals en la localitat, el Partit Popular amb Elia Verdev\u00edo al capdavant, seguir\u00e0 una legislatura m\u00e9s al capdavant del consistori de B\u00e9tera gr\u00e0cies al suport mostrat per l&#8217;agrupaci\u00f3 Mas Camarena-Torre en Conill amb qui els populars ha subscrit un pacte de legislatura per als pr\u00f2xims quatre anys. <\/p>\n\n\n\n<p>Els populars no deixen per tant la vara de comandament d&#8217;un consistori en el qual la passada legislatura ja van governar gr\u00e0cies al pacte amb aquesta mateixa formaci\u00f3 al costat de Ciutadans, for\u00e7a pol\u00edtica que no ha aconseguit representaci\u00f3 municipal en aquestes eleccions. <\/p>\n\n\n\n<p>El nou govern de B\u00e9tera estar\u00e0 compost per tant pels 8 regidors del Partit Popular al costat dels 4 de Mas Camarena-Torre en Conill, quedant en l&#8217;oposici\u00f3 tant Acord per guanyar amb els seus 5 edils; com VOX i PSPV-PSOE tots dos partits amb dos edils cadascun.<\/p>\n","protected":false},"excerpt":{"rendered":"<div class=\"mh-excerpt\">La for\u00e7a pol\u00edtica m\u00e9s votada en les passades eleccions municipals en la localitat, el Partit Popular amb Elia Verdev\u00edo al capdavant, seguir\u00e0 una legislatura m\u00e9s al capdavant del consistori de B\u00e9tera gr\u00e0cies al suport mostrat <a class=\"mh-excerpt-more\" href=\"https:\/\/www.tucomarca.com\/wordpress\/segunda\/ca\/el-pp-seguira-al-capdavant-del-govern-de-betera-gracies-al-suport-de-mas-camarena-torre-en-conill\/\" title=\"El PP seguir\u00e0 al capdavant del govern de B\u00e9tera gr\u00e0cies al suport de Mas Camarena-Torre en Conill\">[+] <\/a><\/div>\n","protected":false},"author":1,"featured_media":188780,"comment_status":"open","ping_status":"open","sticky":false,"template":"","format":"standard","meta":{"footnotes":""},"categories":[10937,10892,19312,19311,10898,10948,10894,10904,10947,10896],"tags":[11202,10899,18828,11978],"class_list":{"0":"post-188783","1":"post","2":"type-post","3":"status-publish","4":"format-standard","5":"has-post-thumbnail","7":"category-betera-ca","8":"category-camp-de-turia-ca","9":"category-elecciones-28m-ca","10":"category-eleccions-28m","11":"category-ventana-ca","12":"category-infraestructuras-ca","13":"category-la-comarca-ca","14":"category-sin-categorizar-ca","15":"category-politica","16":"category-seccion-ca","17":"tag-betera-ca","18":"tag-camp-de-turia-ca","19":"tag-elecciones-municipales-2023-ca","20":"tag-partido-popular-ca"},"_links":{"self":[{"href":"https:\/\/www.tucomarca.com\/wordpress\/segunda\/ca\/wp-json\/wp\/v2\/posts\/188783","targetHints":{"allow":["GET"]}}],"collection":[{"href":"https:\/\/www.tucomarca.com\/wordpress\/segunda\/ca\/wp-json\/wp\/v2\/posts"}],"about":[{"href":"https:\/\/www.tucomarca.com\/wordpress\/segunda\/ca\/wp-json\/wp\/v2\/types\/post"}],"author":[{"embeddable":true,"href":"https:\/\/www.tucomarca.com\/wordpress\/segunda\/ca\/wp-json\/wp\/v2\/users\/1"}],"replies":[{"embeddable":true,"href":"https:\/\/www.tucomarca.com\/wordpress\/segunda\/ca\/wp-json\/wp\/v2\/comments?post=188783"}],"version-history":[{"count":0,"href":"https:\/\/www.tucomarca.com\/wordpress\/segunda\/ca\/wp-json\/wp\/v2\/posts\/188783\/revisions"}],"wp:featuredmedia":[{"embeddable":true,"href":"https:\/\/www.tucomarca.com\/wordpress\/segunda\/ca\/wp-json\/wp\/v2\/media\/188780"}],"wp:attachment":[{"href":"https:\/\/www.tucomarca.com\/wordpress\/segunda\/ca\/wp-json\/wp\/v2\/media?parent=188783"}],"wp:term":[{"taxonomy":"category","embeddable":true,"href":"https:\/\/www.tucomarca.com\/wordpress\/segunda\/ca\/wp-json\/wp\/v2\/categories?post=188783"},{"taxonomy":"post_tag","embeddable":true,"href":"https:\/\/www.tucomarca.com\/wordpress\/segunda\/ca\/wp-json\/wp\/v2\/tags?post=188783"}],"curies":[{"name":"wp","href":"https:\/\/api.w.org\/{rel}","templated":true}]}}