{"id":188813,"date":"2023-06-17T17:00:00","date_gmt":"2023-06-17T16:00:00","guid":{"rendered":"https:\/\/www.tucomarca.com\/wordpress\/segunda\/?p=188813"},"modified":"2023-06-18T13:41:13","modified_gmt":"2023-06-18T12:41:13","slug":"rocio-cortes-grau-pp-sera-lalcaldessa-de-requena-durant-els-proxims-quatre-anys-amb-el-suport-del-prya","status":"publish","type":"post","link":"https:\/\/www.tucomarca.com\/wordpress\/segunda\/ca\/rocio-cortes-grau-pp-sera-lalcaldessa-de-requena-durant-els-proxims-quatre-anys-amb-el-suport-del-prya\/","title":{"rendered":"Roc\u00edo Cort\u00e9s Grau (PP) ser\u00e0 l&#8217;alcaldessa de Requena durant els pr\u00f2xims quatre anys amb el suport del PRyA"},"content":{"rendered":"\n<p>El cap de la candidatura del Partit Popular de Requena, en les \u00faltimes eleccions municipals, Roc\u00edo Cort\u00e9s, ha sigut proclamada alcaldessa del municipi de Requena conformat pel poble i els seus 25 llogarets.<br>Cort\u00e9s substitueix en el c\u00e0rrec a Mario S\u00e1nchez, del PSOE, que l&#8217;ha representat en els \u00faltims anys.<br>Cal recordar que el Partit Popular va obtindre en les passades eleccions huit regidors, igual que els socialistes. Per tant, est\u00e0 formaci\u00f3 pol\u00edtica i el Partit de Requena i Llogarets -PRyA-, que va aconseguir tres edils van arribar a un acord que els ha perm\u00e9s sumar majoria absoluta.<br>Per part seua, VOX va aconseguir representaci\u00f3, per primera vegada en el consistori, amb dos edils.<br>La nova corporaci\u00f3 municipal requenense estar\u00e0 composta pels seg\u00fcents regidors:<\/p>\n\n\n\n<p>Per part del PP, aquests seran els edils i les \u00e0rees que representaran: Roc\u00edo Cort\u00e9s Grao, Alcaldessa i Hisenda; Alberto Garc\u00eda Caba\u00f1as, Fira i Festejos, Cultura, Comunicaci\u00f3, Promoci\u00f3 Econ\u00f2mica i Transpar\u00e8ncia; Adolfo Mu\u00f1oz Loro, Personal, Governaci\u00f3, Ind\u00fastria, Efici\u00e8ncia Energ\u00e8tica i Turisme; Julio Eulogio Mart\u00ednez Gorbe, Esports i Comer\u00e7; Evangelina Concepci\u00f3n S\u00e1nchez Acero, Inf\u00e0ncia, Joventut, Majors, Igualtat i Inform\u00e0tica; Silvia Arocas Mart\u00ednez, Serveis Socials, Educaci\u00f3 i Patrimoni; Alejandro Hern\u00e1ndez Pardo, Agricultura y Blanca P\u00e9rez Lara, Sanitat<br>Per part del PRyA: Joaqu\u00edn Gonz\u00e1lez Gonz\u00e1lez, Primer tinent alcalde, Urbanisme, Obres, Accessibilitat, Transport i Llogarets; Javier Jord\u00e1 S\u00e1nchez, Brigada i Serveis P\u00fablics i \u00c1ngeles Pilar L\u00f3pez Hern\u00e1ndez, Medi Ambient i Camins.<br>En les fotos: A dalt, la nova corporaci\u00f3 municipal amb l&#8217;alcaldessa asseguda i a baix, la corporaci\u00f3 municipal m\u00e9s els dos edils de Vox. Informa, <strong>Luis Ib\u00e1\u00f1ez<\/strong>.<\/p>\n\n\n\n<figure class=\"wp-block-image size-full\"><img loading=\"lazy\" decoding=\"async\" width=\"816\" height=\"816\" src=\"http:\/\/www.tucomarca.com\/wordpress\/segunda\/wp-content\/uploads\/2023\/06\/RocioCortesRequenaPP.jpg\" alt=\"\" class=\"wp-image-188808\" srcset=\"https:\/\/www.tucomarca.com\/wordpress\/segunda\/wp-content\/uploads\/2023\/06\/RocioCortesRequenaPP.jpg 816w, https:\/\/www.tucomarca.com\/wordpress\/segunda\/wp-content\/uploads\/2023\/06\/RocioCortesRequenaPP-300x300.jpg 300w, https:\/\/www.tucomarca.com\/wordpress\/segunda\/wp-content\/uploads\/2023\/06\/RocioCortesRequenaPP-290x290.jpg 290w, https:\/\/www.tucomarca.com\/wordpress\/segunda\/wp-content\/uploads\/2023\/06\/RocioCortesRequenaPP-768x768.jpg 768w\" sizes=\"auto, (max-width: 816px) 100vw, 816px\" \/><\/figure>\n","protected":false},"excerpt":{"rendered":"<div class=\"mh-excerpt\">El cap de la candidatura del Partit Popular de Requena, en les \u00faltimes eleccions municipals, Roc\u00edo Cort\u00e9s, ha sigut proclamada alcaldessa del municipi de Requena conformat pel poble i els seus 25 llogarets.Cort\u00e9s substitueix en <a class=\"mh-excerpt-more\" href=\"https:\/\/www.tucomarca.com\/wordpress\/segunda\/ca\/rocio-cortes-grau-pp-sera-lalcaldessa-de-requena-durant-els-proxims-quatre-anys-amb-el-suport-del-prya\/\" title=\"Roc\u00edo Cort\u00e9s Grau (PP) ser\u00e0 l&#8217;alcaldessa de Requena durant els pr\u00f2xims quatre anys amb el suport del PRyA\">[+] <\/a><\/div>\n","protected":false},"author":1,"featured_media":188811,"comment_status":"open","ping_status":"open","sticky":false,"template":"","format":"standard","meta":{"footnotes":""},"categories":[19312,19311,10898,10948,10894,10904,10947,10908,10909,10896],"tags":[18828,11978,12796,11099,10910],"class_list":{"0":"post-188813","1":"post","2":"type-post","3":"status-publish","4":"format-standard","5":"has-post-thumbnail","7":"category-elecciones-28m-ca","8":"category-eleccions-28m","9":"category-ventana-ca","10":"category-infraestructuras-ca","11":"category-la-comarca-ca","12":"category-sin-categorizar-ca","13":"category-politica","14":"category-requena-ca","15":"category-requena-utiel-ca","16":"category-seccion-ca","17":"tag-elecciones-municipales-2023-ca","18":"tag-partido-popular-ca","19":"tag-prya-ca","20":"tag-requena-ca","21":"tag-requena-utiel-ca"},"_links":{"self":[{"href":"https:\/\/www.tucomarca.com\/wordpress\/segunda\/ca\/wp-json\/wp\/v2\/posts\/188813","targetHints":{"allow":["GET"]}}],"collection":[{"href":"https:\/\/www.tucomarca.com\/wordpress\/segunda\/ca\/wp-json\/wp\/v2\/posts"}],"about":[{"href":"https:\/\/www.tucomarca.com\/wordpress\/segunda\/ca\/wp-json\/wp\/v2\/types\/post"}],"author":[{"embeddable":true,"href":"https:\/\/www.tucomarca.com\/wordpress\/segunda\/ca\/wp-json\/wp\/v2\/users\/1"}],"replies":[{"embeddable":true,"href":"https:\/\/www.tucomarca.com\/wordpress\/segunda\/ca\/wp-json\/wp\/v2\/comments?post=188813"}],"version-history":[{"count":0,"href":"https:\/\/www.tucomarca.com\/wordpress\/segunda\/ca\/wp-json\/wp\/v2\/posts\/188813\/revisions"}],"wp:featuredmedia":[{"embeddable":true,"href":"https:\/\/www.tucomarca.com\/wordpress\/segunda\/ca\/wp-json\/wp\/v2\/media\/188811"}],"wp:attachment":[{"href":"https:\/\/www.tucomarca.com\/wordpress\/segunda\/ca\/wp-json\/wp\/v2\/media?parent=188813"}],"wp:term":[{"taxonomy":"category","embeddable":true,"href":"https:\/\/www.tucomarca.com\/wordpress\/segunda\/ca\/wp-json\/wp\/v2\/categories?post=188813"},{"taxonomy":"post_tag","embeddable":true,"href":"https:\/\/www.tucomarca.com\/wordpress\/segunda\/ca\/wp-json\/wp\/v2\/tags?post=188813"}],"curies":[{"name":"wp","href":"https:\/\/api.w.org\/{rel}","templated":true}]}}