{"id":188886,"date":"2023-06-18T10:00:00","date_gmt":"2023-06-18T09:00:00","guid":{"rendered":"https:\/\/www.tucomarca.com\/wordpress\/segunda\/?p=188886"},"modified":"2023-06-18T14:09:22","modified_gmt":"2023-06-18T13:09:22","slug":"ricardo-perez-pp-afronta-la-seua-tercera-majoria-absoluta-consecutiva-al-capdavant-de-lajuntament-de-millars","status":"publish","type":"post","link":"https:\/\/www.tucomarca.com\/wordpress\/segunda\/ca\/ricardo-perez-pp-afronta-la-seua-tercera-majoria-absoluta-consecutiva-al-capdavant-de-lajuntament-de-millars\/","title":{"rendered":"Ricardo P\u00e9rez (PP) afronta la seua tercera majoria absoluta consecutiva al capdavant de l&#8217;Ajuntament de Millars"},"content":{"rendered":"\n<h3 class=\"wp-block-heading\">El popular Ricardo P\u00e9rez ha jurat de nou aquest dissabte el seu c\u00e0rrec com a alcalde de Millars despr\u00e9s de la seua tercera majoria absoluta consecutiva aconseguida des de 2015.&nbsp;<\/h3>\n\n\n\n<p>El ple de constituci\u00f3 de la nova corporaci\u00f3 municipal de Millars, celebrat aquest passat dissabte, ha ratificat com a alcalde del municipi, per tercera vegada consecutiva, al popular Ricardo P\u00e9rez, qui repeteix mandat despr\u00e9s d&#8217;aconseguir una folgada majoria absoluta en les eleccions municipals celebrades el passat 28 de maig.<\/p>\n\n\n\n<p>Ricardo P\u00e9rez ha sigut investit alcalde amb els vots dels quatre edils del Partit Popular; mentre que en l&#8217;oposici\u00f3 s&#8217;han quedat la regidora del Partit Socialista i la representant de la formaci\u00f3 Uni\u00f3 de Ciutadans Independents (UCIN).<\/p>\n\n\n\n<p>Del seu discurs, el reelegit alcalde ha destacat que est\u00e0 &#8220;molt feli\u00e7 per la confian\u00e7a depositada pel poble de Millars per tercera vegada consecutiva, tamb\u00e9 estic enormement agra\u00eft a els i les companys i compayes de candidatura, a la meua fam\u00edlia, i per descomptat a tot Millars ja que seguisc amb la mateixa il\u00b7lusi\u00f3 que fa 8 anys per a treballar pel meu poble, per a continuar incidint en el tema de la lluita contra la despoblaci\u00f3, emprendre iniciatives i projectes amb l&#8217;\u00fanic objectiu que el benestar de la poblaci\u00f3; perqu\u00e8 Millars siga un municipi que garantisca treball, serveis essencials, seguretat i destinaci\u00f3 tur\u00edstica&#8221;, en paraules de Ricardo P\u00e9rez.<\/p>\n\n\n\n<p>P\u00e9rez compartir\u00e0 equip de govern amb els populars Ana Mar\u00eda Gald\u00f3n Lorente, Antonio Moya S\u00e1ez i Jos\u00e9 \u00c1ngel S\u00e1ez Lorente.<\/p>\n\n\n\n<figure class=\"wp-block-image size-large\"><img loading=\"lazy\" decoding=\"async\" width=\"1024\" height=\"576\" src=\"http:\/\/www.tucomarca.com\/wordpress\/segunda\/wp-content\/uploads\/2023\/06\/Millarescorporacion-1024x576.jpg\" alt=\"\" class=\"wp-image-188908\" srcset=\"https:\/\/www.tucomarca.com\/wordpress\/segunda\/wp-content\/uploads\/2023\/06\/Millarescorporacion-1024x576.jpg 1024w, https:\/\/www.tucomarca.com\/wordpress\/segunda\/wp-content\/uploads\/2023\/06\/Millarescorporacion-300x169.jpg 300w, https:\/\/www.tucomarca.com\/wordpress\/segunda\/wp-content\/uploads\/2023\/06\/Millarescorporacion-768x432.jpg 768w, https:\/\/www.tucomarca.com\/wordpress\/segunda\/wp-content\/uploads\/2023\/06\/Millarescorporacion-1536x864.jpg 1536w, https:\/\/www.tucomarca.com\/wordpress\/segunda\/wp-content\/uploads\/2023\/06\/Millarescorporacion-678x381.jpg 678w, https:\/\/www.tucomarca.com\/wordpress\/segunda\/wp-content\/uploads\/2023\/06\/Millarescorporacion.jpg 1600w\" sizes=\"auto, (max-width: 1024px) 100vw, 1024px\" \/><figcaption>Corporaci\u00f3 municipal de Millars.<\/figcaption><\/figure>\n","protected":false},"excerpt":{"rendered":"<div class=\"mh-excerpt\">El popular Ricardo P\u00e9rez ha jurat de nou aquest dissabte el seu c\u00e0rrec com a alcalde de Millars despr\u00e9s de la seua tercera majoria absoluta consecutiva aconseguida des de 2015.&nbsp; El ple de constituci\u00f3 de <a class=\"mh-excerpt-more\" href=\"https:\/\/www.tucomarca.com\/wordpress\/segunda\/ca\/ricardo-perez-pp-afronta-la-seua-tercera-majoria-absoluta-consecutiva-al-capdavant-de-lajuntament-de-millars\/\" title=\"Ricardo P\u00e9rez (PP) afronta la seua tercera majoria absoluta consecutiva al capdavant de l&#8217;Ajuntament de Millars\">[+] <\/a><\/div>\n","protected":false},"author":1,"featured_media":188885,"comment_status":"open","ping_status":"open","sticky":false,"template":"","format":"standard","meta":{"footnotes":""},"categories":[19312,10898,10948,10963,10894,10904,10970,10896,10897],"tags":[18828,11094,11186,11978],"class_list":{"0":"post-188886","1":"post","2":"type-post","3":"status-publish","4":"format-standard","5":"has-post-thumbnail","7":"category-elecciones-28m-ca","8":"category-ventana-ca","9":"category-infraestructuras-ca","10":"category-la-canal-de-navarres-ca","11":"category-la-comarca-ca","12":"category-sin-categorizar-ca","13":"category-millares-ca","14":"category-seccion-ca","15":"category-sucesos-la-comarca-ca","16":"tag-elecciones-municipales-2023-ca","17":"tag-la-canal-de-navarres","18":"tag-millares-ca","19":"tag-partido-popular-ca"},"_links":{"self":[{"href":"https:\/\/www.tucomarca.com\/wordpress\/segunda\/ca\/wp-json\/wp\/v2\/posts\/188886","targetHints":{"allow":["GET"]}}],"collection":[{"href":"https:\/\/www.tucomarca.com\/wordpress\/segunda\/ca\/wp-json\/wp\/v2\/posts"}],"about":[{"href":"https:\/\/www.tucomarca.com\/wordpress\/segunda\/ca\/wp-json\/wp\/v2\/types\/post"}],"author":[{"embeddable":true,"href":"https:\/\/www.tucomarca.com\/wordpress\/segunda\/ca\/wp-json\/wp\/v2\/users\/1"}],"replies":[{"embeddable":true,"href":"https:\/\/www.tucomarca.com\/wordpress\/segunda\/ca\/wp-json\/wp\/v2\/comments?post=188886"}],"version-history":[{"count":0,"href":"https:\/\/www.tucomarca.com\/wordpress\/segunda\/ca\/wp-json\/wp\/v2\/posts\/188886\/revisions"}],"wp:featuredmedia":[{"embeddable":true,"href":"https:\/\/www.tucomarca.com\/wordpress\/segunda\/ca\/wp-json\/wp\/v2\/media\/188885"}],"wp:attachment":[{"href":"https:\/\/www.tucomarca.com\/wordpress\/segunda\/ca\/wp-json\/wp\/v2\/media?parent=188886"}],"wp:term":[{"taxonomy":"category","embeddable":true,"href":"https:\/\/www.tucomarca.com\/wordpress\/segunda\/ca\/wp-json\/wp\/v2\/categories?post=188886"},{"taxonomy":"post_tag","embeddable":true,"href":"https:\/\/www.tucomarca.com\/wordpress\/segunda\/ca\/wp-json\/wp\/v2\/tags?post=188886"}],"curies":[{"name":"wp","href":"https:\/\/api.w.org\/{rel}","templated":true}]}}