{"id":188937,"date":"2023-06-17T16:55:00","date_gmt":"2023-06-17T15:55:00","guid":{"rendered":"https:\/\/www.tucomarca.com\/wordpress\/segunda\/?p=188937"},"modified":"2023-06-18T18:54:48","modified_gmt":"2023-06-18T17:54:48","slug":"el-pp-torna-al-govern-de-godelleta-liderat-per-maria-amparo-pardo-i-amb-el-suport-de-la-pug","status":"publish","type":"post","link":"https:\/\/www.tucomarca.com\/wordpress\/segunda\/ca\/el-pp-torna-al-govern-de-godelleta-liderat-per-maria-amparo-pardo-i-amb-el-suport-de-la-pug\/","title":{"rendered":"El PP torna al govern de Godelleta liderat per Mar\u00eda Amparo Pardo i amb el suport de la PUG"},"content":{"rendered":"\n<p>El Partit Popular ha recuperat el govern de Godellleta, liderat per Mar\u00eda Amparo Pardo, dos anys despr\u00e9s de la moci\u00f3 de censura promoguda pel PSPV-PSOE al costat de Ciutadans que va desbancar al llavors cap de llista dels populars, Silvia L\u00f3pez.&nbsp;<\/p>\n\n\n\n<p>I ho fa despr\u00e9s de ser la llista m\u00e9s votada les passades municipals i de nou amb el suport d&#8217;una altra de les formacions amb la qual ja va pactar en 2019, la Plataforma d&#8217;Urbanitzacions de Godelleta (PUG) que aporta els seus dos regidors als cinc edils del PP, enfront dels quatre regidors que ha obtingut l&#8217;altra for\u00e7a pol\u00edtica present en el plenari aquesta legislatura, el PSPV-PSOE que lidera Rafael Fora i que conformar\u00e0 l&#8217;oposici\u00f3 en solitari at\u00e9s que l&#8217;altra formaci\u00f3 d&#8217;esquerres amb la qual tradicionalment el PSPV-PSOE s&#8217;ha alineat, EUPV amb Pablo Rodr\u00edguez que l&#8217;ha encap\u00e7alada durant les \u00faltimes quatre d\u00e8cades, en aquestes eleccions no ha obtingut representaci\u00f3 en el plenari.<\/p>\n\n\n\n<p>Durant la seua al\u00b7locuci\u00f3 pr\u00e8via a la seua presa de possessi\u00f3, Mar\u00eda Amparo Pardo va agrair el suport rebut en les urnes i va incidir en qu\u00e8 Godelleta necessitava &#8220;un govern lleial, honest, humil i treballador que oferisca estabilitat a l&#8217;Ajuntament. El Partit Popular de Godelleta som un grup pol\u00edtic competent que hem demostrat que sabem treballar junts&#8221;, tal com va destacar durant la seua intervenci\u00f3.<\/p>\n\n\n\n<p>&#8220;El municipi necessita un equip de govern centrat en donar solucions a tots aqueixos problemes buscant models en consens i no amb imposicions, adaptats a la realitat i no amb projectes ut\u00f2pics que no condueixen a cap lloc. El dialogue i la cooperaci\u00f3 entre l&#8217;Ajuntament i els seus ve\u00efns ha de ser i ser\u00e0 la t\u00f2nica de la nostra gesti\u00f3&#8221;, va afegir Mar\u00eda Amparo Pardo.<\/p>\n\n\n\n<p>Per part seua, el cap de llista de la Plataforma d&#8217;Urbanitzacions (PUG), Max Prades, va recordar durant la seua al\u00b7locuci\u00f3 que Godelleta necessitava &#8220;estabilitat, perqu\u00e8 els dues \u00faltimes legislatures us han oferit per\u00edodes de complex desordre pol\u00edtic on els interessos personals han prevalgut sobre el bon govern&#8221;, no obstant aix\u00f2 va remarcar que Godelleta &#8220;\u00e9s un poble xicotet, per la qual cosa ens hem d&#8217;entendre i fer el millor per al poble&#8221;; i va aclarir que el suport de la seua formaci\u00f3 al Partit Popular era per a &#8220;donar-li estabilitat al govern, crear un ambient estable, honest i conciliador en aquesta legislatura. En lloc d&#8217;imposar voluntats, buscarem el consens, que \u00e9s el que fa falta en un Ajuntament com aquest i en comptes de manipular dialogarem&#8221;, va finalitzar.&nbsp;<\/p>\n\n\n\n<p>&#8220;Hui \u00e9s un dia emocionant i ple de significat per a mi, ja que tinc l&#8217;honor de dirigir-me a tots vost\u00e9s com a alcaldessa de Godelleta&#8221;, va comen\u00e7ar Mar\u00eda Amparo Pardo en el seu discurs despr\u00e9s de ser proclamada alcaldessa, a m\u00e9s d&#8217;agrair la assitencia a l&#8217;acte i el suport donat en les urnes al &#8220;Partit popular, que juntament amb la Plataforma d&#8217;Urbanitzacions guiarem els passos d&#8217;aquest Ajuntamet treballant incansablement per a millorar les nostres vides i el nostre entorn&#8221;, tal com va destacar.&nbsp;<\/p>\n\n\n\n<p>&#8220;El meu comprom\u00eds \u00e9s governar amb transpar\u00e8ncia, honestedat i proximitat; per a oferir l&#8217;estabilitat que aquest Ajuntament necessita i ning\u00fa millor que la PUG com a company de cam\u00ed per a aconseguir aqueix equilibri que ja des de fa diverses legislatures comen\u00e7a a ser molt necessari. Tenim clar que el di\u00e0leg i l&#8217;enteniment s\u00f3n la base d&#8217;una bona negociaci\u00f3. Junts oferirem un govern amb regidors disposats al canvi, cadascun d&#8217;ells especialista e de l&#8217;\u00e0rea de les seues regidories, un equip honest i competent que sap fer les coses b\u00e9&#8221;, va afegir Mar\u00eda Amparo Pardo.<\/p>\n\n\n\n<p>&#8220;Godelleta \u00e9s una localitat que est\u00e0 formada per un nucli urb\u00e0 i les seues 28 urbanitzacions i disseminats, aquestes \u00faltimes amb grans problemes urban\u00edstics arrossegats des de d\u00e8cades. Cada zona t\u00e9 les seues peculiaritats, que haurem d&#8217;analitzar per separat per a donar soluci\u00f3 a totes elles. L&#8217;equip necessita un equip de govern centrat en donar solucions a tots aqueixos problemes, buscant models en el consens i no amb imposicions; adaptats a la realitat i no amb projectes fara\u00f2nics que nom\u00e9s condueixen a endeutaments innecessaris. El dialogue entre l&#8217;Ajuntament i els nostres ve\u00efns ha de ser i ser\u00e0 la t\u00f2nica de la nostra gesti\u00f3. \u00c9s fonamental per a mi promoure la participaci\u00f3 ciutadana en la presa de decisions, vull assegurar-me que cadascun de vost\u00e9s tinga l&#8217;oportunitat e expressar les seues idees, preocupacions i propostes per a construir junts el municipi que tots desitgem. El nostre municipi compta amb un gran patrimoni cultural i natural que hem de preservar i promoure. Treballarem per a protegir el nostre entorn natural, defensant sempre l&#8217;agricultura, un dels motors econ\u00f2mics de la nostra localitat, evitant que els horts solars s&#8217;instal\u00b7len en qualsevol lloc. Donarem suport a les energies renovables per\u00f2 sempre de manera ordenada. Associacions, entitats, clubs esportius i penyes taurines de la localitat seran la nostra imatge cultural amb els qui mantindrem un vincle directe que ens ajudar\u00e0 a fomentar i millorar la imatge de Godelleta&#8221;, va manifestar Mar\u00eda Amparo Pardo.&nbsp;<strong>tucomarca.com<\/strong>.<\/p>\n\n\n\n<figure class=\"wp-block-gallery has-nested-images columns-2 is-cropped wp-block-gallery-1 is-layout-flex wp-block-gallery-is-layout-flex\">\n<figure class=\"wp-block-image size-large\"><img loading=\"lazy\" decoding=\"async\" width=\"1181\" height=\"664\" data-id=\"188928\" src=\"http:\/\/www.tucomarca.com\/wordpress\/segunda\/wp-content\/uploads\/2023\/06\/GodelletaToma05-1.jpg\" alt=\"\" class=\"wp-image-188928\" srcset=\"https:\/\/www.tucomarca.com\/wordpress\/segunda\/wp-content\/uploads\/2023\/06\/GodelletaToma05-1.jpg 1181w, https:\/\/www.tucomarca.com\/wordpress\/segunda\/wp-content\/uploads\/2023\/06\/GodelletaToma05-1-300x169.jpg 300w, https:\/\/www.tucomarca.com\/wordpress\/segunda\/wp-content\/uploads\/2023\/06\/GodelletaToma05-1-1024x576.jpg 1024w, https:\/\/www.tucomarca.com\/wordpress\/segunda\/wp-content\/uploads\/2023\/06\/GodelletaToma05-1-768x432.jpg 768w, https:\/\/www.tucomarca.com\/wordpress\/segunda\/wp-content\/uploads\/2023\/06\/GodelletaToma05-1-678x381.jpg 678w\" sizes=\"auto, (max-width: 1181px) 100vw, 1181px\" \/><\/figure>\n\n\n\n<figure class=\"wp-block-image size-large\"><img loading=\"lazy\" decoding=\"async\" width=\"1181\" height=\"664\" data-id=\"188934\" src=\"http:\/\/www.tucomarca.com\/wordpress\/segunda\/wp-content\/uploads\/2023\/06\/GodelletaToma06.jpg\" alt=\"\" class=\"wp-image-188934\" srcset=\"https:\/\/www.tucomarca.com\/wordpress\/segunda\/wp-content\/uploads\/2023\/06\/GodelletaToma06.jpg 1181w, https:\/\/www.tucomarca.com\/wordpress\/segunda\/wp-content\/uploads\/2023\/06\/GodelletaToma06-300x169.jpg 300w, https:\/\/www.tucomarca.com\/wordpress\/segunda\/wp-content\/uploads\/2023\/06\/GodelletaToma06-1024x576.jpg 1024w, https:\/\/www.tucomarca.com\/wordpress\/segunda\/wp-content\/uploads\/2023\/06\/GodelletaToma06-768x432.jpg 768w, https:\/\/www.tucomarca.com\/wordpress\/segunda\/wp-content\/uploads\/2023\/06\/GodelletaToma06-678x381.jpg 678w\" sizes=\"auto, (max-width: 1181px) 100vw, 1181px\" \/><\/figure>\n\n\n\n<figure class=\"wp-block-image size-large\"><img loading=\"lazy\" decoding=\"async\" width=\"1181\" height=\"787\" data-id=\"188922\" src=\"http:\/\/www.tucomarca.com\/wordpress\/segunda\/wp-content\/uploads\/2023\/06\/GodelletaToma02.jpg\" alt=\"\" class=\"wp-image-188922\" srcset=\"https:\/\/www.tucomarca.com\/wordpress\/segunda\/wp-content\/uploads\/2023\/06\/GodelletaToma02.jpg 1181w, https:\/\/www.tucomarca.com\/wordpress\/segunda\/wp-content\/uploads\/2023\/06\/GodelletaToma02-300x200.jpg 300w, https:\/\/www.tucomarca.com\/wordpress\/segunda\/wp-content\/uploads\/2023\/06\/GodelletaToma02-1024x682.jpg 1024w, https:\/\/www.tucomarca.com\/wordpress\/segunda\/wp-content\/uploads\/2023\/06\/GodelletaToma02-768x512.jpg 768w\" sizes=\"auto, (max-width: 1181px) 100vw, 1181px\" \/><\/figure>\n\n\n\n<figure class=\"wp-block-image size-large\"><img loading=\"lazy\" decoding=\"async\" width=\"1181\" height=\"787\" data-id=\"188924\" src=\"http:\/\/www.tucomarca.com\/wordpress\/segunda\/wp-content\/uploads\/2023\/06\/GodelletaToma03-1.jpg\" alt=\"\" class=\"wp-image-188924\" srcset=\"https:\/\/www.tucomarca.com\/wordpress\/segunda\/wp-content\/uploads\/2023\/06\/GodelletaToma03-1.jpg 1181w, https:\/\/www.tucomarca.com\/wordpress\/segunda\/wp-content\/uploads\/2023\/06\/GodelletaToma03-1-300x200.jpg 300w, https:\/\/www.tucomarca.com\/wordpress\/segunda\/wp-content\/uploads\/2023\/06\/GodelletaToma03-1-1024x682.jpg 1024w, https:\/\/www.tucomarca.com\/wordpress\/segunda\/wp-content\/uploads\/2023\/06\/GodelletaToma03-1-768x512.jpg 768w\" sizes=\"auto, (max-width: 1181px) 100vw, 1181px\" \/><\/figure>\n\n\n\n<figure class=\"wp-block-image size-large\"><img loading=\"lazy\" decoding=\"async\" width=\"1181\" height=\"787\" data-id=\"188920\" src=\"http:\/\/www.tucomarca.com\/wordpress\/segunda\/wp-content\/uploads\/2023\/06\/GodelletaToma01.jpg\" alt=\"\" class=\"wp-image-188920\" srcset=\"https:\/\/www.tucomarca.com\/wordpress\/segunda\/wp-content\/uploads\/2023\/06\/GodelletaToma01.jpg 1181w, https:\/\/www.tucomarca.com\/wordpress\/segunda\/wp-content\/uploads\/2023\/06\/GodelletaToma01-300x200.jpg 300w, https:\/\/www.tucomarca.com\/wordpress\/segunda\/wp-content\/uploads\/2023\/06\/GodelletaToma01-1024x682.jpg 1024w, https:\/\/www.tucomarca.com\/wordpress\/segunda\/wp-content\/uploads\/2023\/06\/GodelletaToma01-768x512.jpg 768w\" sizes=\"auto, (max-width: 1181px) 100vw, 1181px\" \/><\/figure>\n<\/figure>\n\n\n\n<p> <\/p>\n","protected":false},"excerpt":{"rendered":"<div class=\"mh-excerpt\">El Partit Popular ha recuperat el govern de Godellleta, liderat per Mar\u00eda Amparo Pardo, dos anys despr\u00e9s de la moci\u00f3 de censura promoguda pel PSPV-PSOE al costat de Ciutadans que va desbancar al llavors cap <a class=\"mh-excerpt-more\" href=\"https:\/\/www.tucomarca.com\/wordpress\/segunda\/ca\/el-pp-torna-al-govern-de-godelleta-liderat-per-maria-amparo-pardo-i-amb-el-suport-de-la-pug\/\" title=\"El PP torna al govern de Godelleta liderat per Mar\u00eda Amparo Pardo i amb el suport de la PUG\">[+] <\/a><\/div>\n","protected":false},"author":1,"featured_media":188927,"comment_status":"open","ping_status":"open","sticky":false,"template":"","format":"gallery","meta":{"footnotes":""},"categories":[19312,19311,10898,10977,10948,10894,10904,10912,10947,10896],"tags":[18828,11087,10914,11978,19385,19199,19386,19387],"class_list":{"0":"post-188937","1":"post","2":"type-post","3":"status-publish","4":"format-gallery","5":"has-post-thumbnail","7":"category-elecciones-28m-ca","8":"category-eleccions-28m","9":"category-ventana-ca","10":"category-godelleta-ca","11":"category-infraestructuras-ca","12":"category-la-comarca-ca","13":"category-sin-categorizar-ca","14":"category-la-hoya-ca","15":"category-politica","16":"category-seccion-ca","17":"tag-elecciones-municipales-2023-ca","18":"tag-godelleta-ca","19":"tag-la-hoya-de-bunol-chiva-ca","20":"tag-partido-popular-ca","21":"tag-posesion-ca","22":"tag-pug-ca","23":"tag-tomas-ca","24":"tag-tomas-de-posesion-ca","25":"post_format-post-format-gallery"},"_links":{"self":[{"href":"https:\/\/www.tucomarca.com\/wordpress\/segunda\/ca\/wp-json\/wp\/v2\/posts\/188937","targetHints":{"allow":["GET"]}}],"collection":[{"href":"https:\/\/www.tucomarca.com\/wordpress\/segunda\/ca\/wp-json\/wp\/v2\/posts"}],"about":[{"href":"https:\/\/www.tucomarca.com\/wordpress\/segunda\/ca\/wp-json\/wp\/v2\/types\/post"}],"author":[{"embeddable":true,"href":"https:\/\/www.tucomarca.com\/wordpress\/segunda\/ca\/wp-json\/wp\/v2\/users\/1"}],"replies":[{"embeddable":true,"href":"https:\/\/www.tucomarca.com\/wordpress\/segunda\/ca\/wp-json\/wp\/v2\/comments?post=188937"}],"version-history":[{"count":0,"href":"https:\/\/www.tucomarca.com\/wordpress\/segunda\/ca\/wp-json\/wp\/v2\/posts\/188937\/revisions"}],"wp:featuredmedia":[{"embeddable":true,"href":"https:\/\/www.tucomarca.com\/wordpress\/segunda\/ca\/wp-json\/wp\/v2\/media\/188927"}],"wp:attachment":[{"href":"https:\/\/www.tucomarca.com\/wordpress\/segunda\/ca\/wp-json\/wp\/v2\/media?parent=188937"}],"wp:term":[{"taxonomy":"category","embeddable":true,"href":"https:\/\/www.tucomarca.com\/wordpress\/segunda\/ca\/wp-json\/wp\/v2\/categories?post=188937"},{"taxonomy":"post_tag","embeddable":true,"href":"https:\/\/www.tucomarca.com\/wordpress\/segunda\/ca\/wp-json\/wp\/v2\/tags?post=188937"}],"curies":[{"name":"wp","href":"https:\/\/api.w.org\/{rel}","templated":true}]}}