{"id":188993,"date":"2023-06-18T13:26:00","date_gmt":"2023-06-18T12:26:00","guid":{"rendered":"https:\/\/www.tucomarca.com\/wordpress\/segunda\/?p=188993"},"modified":"2023-06-19T10:46:52","modified_gmt":"2023-06-19T09:46:52","slug":"els-vots-del-partit-popular-i-x-bunyol-donen-lalcaldia-de-la-localitat-a-virginia-sanz-pp","status":"publish","type":"post","link":"https:\/\/www.tucomarca.com\/wordpress\/segunda\/ca\/els-vots-del-partit-popular-i-x-bunyol-donen-lalcaldia-de-la-localitat-a-virginia-sanz-pp\/","title":{"rendered":"Els vots del Partit Popular i X Bunyol donen l&#8217;alcaldia de la localitat a Virginia Sanz (PP)"},"content":{"rendered":"\n<p>La popular Virginia Sanz \u00e9s ja la nova alcaldessa de Bunyol despr\u00e9s de rebre el suport dels cinc edils del Partit Popular aix\u00ed com els dos de l&#8217;agrupaci\u00f3 d&#8217;electors X Bunyol durant la presa de possessi\u00f3 desenvolupada aquest dissabte al mat\u00ed en la localitat.<\/p>\n\n\n\n<p>En un acte desenvolupat en la sala d&#8217;actes de la casa consistorial, el Partit Popular bunyolense ha fet hist\u00f2ria en aconseguir, per primera vegada, l&#8217;alcaldia; una circumst\u00e0ncia que no havia ocorregut en tot el per\u00edode democr\u00e0tic actual sorgit de la Transici\u00f3. L&#8217;oposici\u00f3 al govern conjunt de PP i X Bunyol la conformaran a m\u00e9s els dos partits que tradicionalment s&#8217;han simultanejat en l&#8217;alcaldia: PSPV-PSOE i EUPV-Unides Podem, a m\u00e9s de IAB, amb dos representants en el plenari cadascuna d&#8217;aquestes forces pol\u00edtiques.<\/p>\n\n\n\n<p>Durant la seua intervenci\u00f3 ja com a nova alcaldessa, Virginia Sanz va agrair a tots els assistents &#8220;el que hagen vingut a presenciar el canvi, ja que hui comen\u00e7a una nova etapa en el nostre municipi&#8221;; i va assegurar que vol ser &#8220;l&#8217;alcaldessa de tots, els que m&#8217;heu votat i els que no. Mentre estiga al capdavant d&#8217;aquest Ajuntament, mai la meua porta estar\u00e0 tancada a ning\u00fa per motius ideol\u00f2gics&#8221;, va subratllar.<\/p>\n\n\n\n<p>&#8220;No vinc a destruir res, Bunyol \u00e9s el que \u00e9s gr\u00e0cies a encerts i fallades. Jo vinc amb el meu equip a aportar, a millorar, a escoltar, a treballar tots junts. A fer un Bunyol millor, inclusiu, obert, respectant la tradici\u00f3 i mirant al present i al futur. Tenim reptes, el ve\u00efnatge va triar el canvi perqu\u00e8 t\u00e9 la sensaci\u00f3 que hi ha coses que es poden fer millor o a les quals se&#8217;ls hauria d&#8217;haver donat un major impuls; i assumim aqueix repte amb la responsabilitat per\u00f2 sense vertigen. No venim fer llenya de l&#8217;arbre caigut, no \u00e9s el meu estil perqu\u00e8 soc una persona molt respectuosa i aix\u00ed vull representar-vos, per\u00f2 s\u00ed que venim a fer canvis i a millorar les coses&#8221;, tal com va deixar patent Virginia Sanz durant el seu discurs.<\/p>\n\n\n\n<p>La nova alcaldessa tamb\u00e9 va voler agrair &#8220;a l&#8217;agrupaci\u00f3 X Bunyol, i especialment a Sergio i a Luc\u00eda, el seu suport. Treballarem junts, amb lleialtat, som dos grups pol\u00edtics diferents, per\u00f2 el govern va ser un. Treballarem units, perqu\u00e8 Bunyol i els seus reptes tamb\u00e9 s\u00f3n \u00fanics&#8221;, tal com va subratllar.<\/p>\n\n\n\n<p>Virginia Sanz tamb\u00e9 va voler recordar &#8220;que venen temps en els quals el Partit Popular governar\u00e0 la Comunitat Valenciana. I vull prendre el comprom\u00eds que Bunyol va estar sempre per damunt dels interessos del meu partit. Serem exigents amb el govern de la Generalitat i, si es donara el cas, amb el Govern d&#8217;Espanya. Usarem aqueixa proximitat amb aqueixos governs i el fet que siguem del mateix partit per a ser m\u00e9s exigents&#8221;.<\/p>\n\n\n\n<p>&#8220;L&#8217;Ajuntament no el pot fer tot, de fet no l&#8217;ha de fer tot \u2014va continuar la nova alcaldessa en el seu discurs\u2014. L&#8217;Ajuntament el que ha de fer \u00e9s facilitar: facilitar al comer\u00e7, a les empreses, a les associacions, hem de tindre ordenances clares, simples i comprensibles; tributs justos i f\u00e0cils d&#8217;aplicar que atraguen talent i que permeten a aqueixa joventut fer una vida a Bunyol i mirar al futur des de Bunyol&#8221;.<\/p>\n\n\n\n<p>La nova alcaldessa tampoc es va oblidar de la cultura: &#8220;Volem ser un poble protagonista de la vida cultural valenciana. Bunyol necessita un canvi de rumb; un punt i final a una fase obsoleta i amb els vostres vots, per fi, hem aconseguit arribar fins ac\u00ed&#8221;, va sentenciar Virginia Sanz, que va finalitzar les seues paraules recordant que s\u00f3n &#8220;gent treballadora, preparada i amb moltes ganes de lluitar per Bunyol. Som gent del poble i venim per al poble; i aquest \u00e9s el nostre \u00fanic objectiu: Bunyol. Aix\u00ed que, en nom del govern, us demane confian\u00e7a perqu\u00e8 comencem una nova etapa i molts projectes nous i il\u00b7lusionants. Gr\u00e0cies i treballar&#8221;.<strong> tucomarca.com<\/strong>.<\/p>\n\n\n\n<figure class=\"wp-block-gallery has-nested-images columns-2 is-cropped wp-block-gallery-1 is-layout-flex wp-block-gallery-is-layout-flex\">\n<figure class=\"wp-block-image size-large\"><img loading=\"lazy\" decoding=\"async\" width=\"1181\" height=\"664\" data-id=\"188976\" src=\"http:\/\/www.tucomarca.com\/wordpress\/segunda\/wp-content\/uploads\/2023\/06\/BunolTomaVirginia02.jpg\" alt=\"\" class=\"wp-image-188976\" srcset=\"https:\/\/www.tucomarca.com\/wordpress\/segunda\/wp-content\/uploads\/2023\/06\/BunolTomaVirginia02.jpg 1181w, https:\/\/www.tucomarca.com\/wordpress\/segunda\/wp-content\/uploads\/2023\/06\/BunolTomaVirginia02-300x169.jpg 300w, https:\/\/www.tucomarca.com\/wordpress\/segunda\/wp-content\/uploads\/2023\/06\/BunolTomaVirginia02-1024x576.jpg 1024w, https:\/\/www.tucomarca.com\/wordpress\/segunda\/wp-content\/uploads\/2023\/06\/BunolTomaVirginia02-768x432.jpg 768w, https:\/\/www.tucomarca.com\/wordpress\/segunda\/wp-content\/uploads\/2023\/06\/BunolTomaVirginia02-678x381.jpg 678w\" sizes=\"auto, (max-width: 1181px) 100vw, 1181px\" \/><\/figure>\n\n\n\n<figure class=\"wp-block-image size-large\"><img loading=\"lazy\" decoding=\"async\" width=\"1181\" height=\"665\" data-id=\"188986\" src=\"http:\/\/www.tucomarca.com\/wordpress\/segunda\/wp-content\/uploads\/2023\/06\/BunolTomaVirginia07.jpg\" alt=\"\" class=\"wp-image-188986\" srcset=\"https:\/\/www.tucomarca.com\/wordpress\/segunda\/wp-content\/uploads\/2023\/06\/BunolTomaVirginia07.jpg 1181w, https:\/\/www.tucomarca.com\/wordpress\/segunda\/wp-content\/uploads\/2023\/06\/BunolTomaVirginia07-300x169.jpg 300w, https:\/\/www.tucomarca.com\/wordpress\/segunda\/wp-content\/uploads\/2023\/06\/BunolTomaVirginia07-1024x577.jpg 1024w, https:\/\/www.tucomarca.com\/wordpress\/segunda\/wp-content\/uploads\/2023\/06\/BunolTomaVirginia07-768x432.jpg 768w, https:\/\/www.tucomarca.com\/wordpress\/segunda\/wp-content\/uploads\/2023\/06\/BunolTomaVirginia07-678x381.jpg 678w\" sizes=\"auto, (max-width: 1181px) 100vw, 1181px\" \/><\/figure>\n\n\n\n<figure class=\"wp-block-image size-large\"><img loading=\"lazy\" decoding=\"async\" width=\"1181\" height=\"665\" data-id=\"188980\" src=\"http:\/\/www.tucomarca.com\/wordpress\/segunda\/wp-content\/uploads\/2023\/06\/BunolTomaVirginia04.jpg\" alt=\"\" class=\"wp-image-188980\" srcset=\"https:\/\/www.tucomarca.com\/wordpress\/segunda\/wp-content\/uploads\/2023\/06\/BunolTomaVirginia04.jpg 1181w, https:\/\/www.tucomarca.com\/wordpress\/segunda\/wp-content\/uploads\/2023\/06\/BunolTomaVirginia04-300x169.jpg 300w, https:\/\/www.tucomarca.com\/wordpress\/segunda\/wp-content\/uploads\/2023\/06\/BunolTomaVirginia04-1024x577.jpg 1024w, https:\/\/www.tucomarca.com\/wordpress\/segunda\/wp-content\/uploads\/2023\/06\/BunolTomaVirginia04-768x432.jpg 768w, https:\/\/www.tucomarca.com\/wordpress\/segunda\/wp-content\/uploads\/2023\/06\/BunolTomaVirginia04-678x381.jpg 678w\" sizes=\"auto, (max-width: 1181px) 100vw, 1181px\" \/><\/figure>\n\n\n\n<figure class=\"wp-block-image size-large\"><img loading=\"lazy\" decoding=\"async\" width=\"1181\" height=\"664\" data-id=\"188978\" src=\"http:\/\/www.tucomarca.com\/wordpress\/segunda\/wp-content\/uploads\/2023\/06\/BunolTomaVirginia03.jpg\" alt=\"\" class=\"wp-image-188978\" srcset=\"https:\/\/www.tucomarca.com\/wordpress\/segunda\/wp-content\/uploads\/2023\/06\/BunolTomaVirginia03.jpg 1181w, https:\/\/www.tucomarca.com\/wordpress\/segunda\/wp-content\/uploads\/2023\/06\/BunolTomaVirginia03-300x169.jpg 300w, https:\/\/www.tucomarca.com\/wordpress\/segunda\/wp-content\/uploads\/2023\/06\/BunolTomaVirginia03-1024x576.jpg 1024w, https:\/\/www.tucomarca.com\/wordpress\/segunda\/wp-content\/uploads\/2023\/06\/BunolTomaVirginia03-768x432.jpg 768w, https:\/\/www.tucomarca.com\/wordpress\/segunda\/wp-content\/uploads\/2023\/06\/BunolTomaVirginia03-678x381.jpg 678w\" sizes=\"auto, (max-width: 1181px) 100vw, 1181px\" \/><\/figure>\n\n\n\n<figure class=\"wp-block-image size-large\"><img loading=\"lazy\" decoding=\"async\" width=\"2560\" height=\"1532\" data-id=\"188974\" src=\"http:\/\/www.tucomarca.com\/wordpress\/segunda\/wp-content\/uploads\/2023\/06\/BunolTomaVirginia01-scaled.jpg\" alt=\"\" class=\"wp-image-188974\" srcset=\"https:\/\/www.tucomarca.com\/wordpress\/segunda\/wp-content\/uploads\/2023\/06\/BunolTomaVirginia01-scaled.jpg 2560w, https:\/\/www.tucomarca.com\/wordpress\/segunda\/wp-content\/uploads\/2023\/06\/BunolTomaVirginia01-300x180.jpg 300w, https:\/\/www.tucomarca.com\/wordpress\/segunda\/wp-content\/uploads\/2023\/06\/BunolTomaVirginia01-1024x613.jpg 1024w, https:\/\/www.tucomarca.com\/wordpress\/segunda\/wp-content\/uploads\/2023\/06\/BunolTomaVirginia01-768x460.jpg 768w, https:\/\/www.tucomarca.com\/wordpress\/segunda\/wp-content\/uploads\/2023\/06\/BunolTomaVirginia01-1536x919.jpg 1536w, https:\/\/www.tucomarca.com\/wordpress\/segunda\/wp-content\/uploads\/2023\/06\/BunolTomaVirginia01-2048x1226.jpg 2048w\" sizes=\"auto, (max-width: 2560px) 100vw, 2560px\" \/><\/figure>\n\n\n\n<figure class=\"wp-block-image size-large\"><img loading=\"lazy\" decoding=\"async\" width=\"1181\" height=\"665\" data-id=\"188984\" src=\"http:\/\/www.tucomarca.com\/wordpress\/segunda\/wp-content\/uploads\/2023\/06\/BunolTomaVirginia06.jpg\" alt=\"\" class=\"wp-image-188984\" srcset=\"https:\/\/www.tucomarca.com\/wordpress\/segunda\/wp-content\/uploads\/2023\/06\/BunolTomaVirginia06.jpg 1181w, https:\/\/www.tucomarca.com\/wordpress\/segunda\/wp-content\/uploads\/2023\/06\/BunolTomaVirginia06-300x169.jpg 300w, https:\/\/www.tucomarca.com\/wordpress\/segunda\/wp-content\/uploads\/2023\/06\/BunolTomaVirginia06-1024x577.jpg 1024w, https:\/\/www.tucomarca.com\/wordpress\/segunda\/wp-content\/uploads\/2023\/06\/BunolTomaVirginia06-768x432.jpg 768w, https:\/\/www.tucomarca.com\/wordpress\/segunda\/wp-content\/uploads\/2023\/06\/BunolTomaVirginia06-678x381.jpg 678w\" sizes=\"auto, (max-width: 1181px) 100vw, 1181px\" \/><\/figure>\n\n\n\n<figure class=\"wp-block-image size-large\"><img loading=\"lazy\" decoding=\"async\" width=\"1181\" height=\"665\" data-id=\"188982\" src=\"http:\/\/www.tucomarca.com\/wordpress\/segunda\/wp-content\/uploads\/2023\/06\/BunolTomaVirginia05.jpg\" alt=\"\" class=\"wp-image-188982\" srcset=\"https:\/\/www.tucomarca.com\/wordpress\/segunda\/wp-content\/uploads\/2023\/06\/BunolTomaVirginia05.jpg 1181w, https:\/\/www.tucomarca.com\/wordpress\/segunda\/wp-content\/uploads\/2023\/06\/BunolTomaVirginia05-300x169.jpg 300w, https:\/\/www.tucomarca.com\/wordpress\/segunda\/wp-content\/uploads\/2023\/06\/BunolTomaVirginia05-1024x577.jpg 1024w, https:\/\/www.tucomarca.com\/wordpress\/segunda\/wp-content\/uploads\/2023\/06\/BunolTomaVirginia05-768x432.jpg 768w, https:\/\/www.tucomarca.com\/wordpress\/segunda\/wp-content\/uploads\/2023\/06\/BunolTomaVirginia05-678x381.jpg 678w\" sizes=\"auto, (max-width: 1181px) 100vw, 1181px\" \/><\/figure>\n<\/figure>\n","protected":false},"excerpt":{"rendered":"<div class=\"mh-excerpt\">La popular Virginia Sanz \u00e9s ja la nova alcaldessa de Bunyol despr\u00e9s de rebre el suport dels cinc edils del Partit Popular aix\u00ed com els dos de l&#8217;agrupaci\u00f3 d&#8217;electors X Bunyol durant la presa de <a class=\"mh-excerpt-more\" href=\"https:\/\/www.tucomarca.com\/wordpress\/segunda\/ca\/els-vots-del-partit-popular-i-x-bunyol-donen-lalcaldia-de-la-localitat-a-virginia-sanz-pp\/\" title=\"Els vots del Partit Popular i X Bunyol donen l&#8217;alcaldia de la localitat a Virginia Sanz (PP)\">[+] <\/a><\/div>\n","protected":false},"author":1,"featured_media":188985,"comment_status":"open","ping_status":"open","sticky":false,"template":"","format":"gallery","meta":{"footnotes":""},"categories":[10911,19312,19311,10898,10948,10894,10904,10912,10947,10896],"tags":[10913,18828,10914,11978],"class_list":{"0":"post-188993","1":"post","2":"type-post","3":"status-publish","4":"format-gallery","5":"has-post-thumbnail","7":"category-bunol-ca","8":"category-elecciones-28m-ca","9":"category-eleccions-28m","10":"category-ventana-ca","11":"category-infraestructuras-ca","12":"category-la-comarca-ca","13":"category-sin-categorizar-ca","14":"category-la-hoya-ca","15":"category-politica","16":"category-seccion-ca","17":"tag-bunol-ca","18":"tag-elecciones-municipales-2023-ca","19":"tag-la-hoya-de-bunol-chiva-ca","20":"tag-partido-popular-ca","21":"post_format-post-format-gallery"},"_links":{"self":[{"href":"https:\/\/www.tucomarca.com\/wordpress\/segunda\/ca\/wp-json\/wp\/v2\/posts\/188993","targetHints":{"allow":["GET"]}}],"collection":[{"href":"https:\/\/www.tucomarca.com\/wordpress\/segunda\/ca\/wp-json\/wp\/v2\/posts"}],"about":[{"href":"https:\/\/www.tucomarca.com\/wordpress\/segunda\/ca\/wp-json\/wp\/v2\/types\/post"}],"author":[{"embeddable":true,"href":"https:\/\/www.tucomarca.com\/wordpress\/segunda\/ca\/wp-json\/wp\/v2\/users\/1"}],"replies":[{"embeddable":true,"href":"https:\/\/www.tucomarca.com\/wordpress\/segunda\/ca\/wp-json\/wp\/v2\/comments?post=188993"}],"version-history":[{"count":0,"href":"https:\/\/www.tucomarca.com\/wordpress\/segunda\/ca\/wp-json\/wp\/v2\/posts\/188993\/revisions"}],"wp:featuredmedia":[{"embeddable":true,"href":"https:\/\/www.tucomarca.com\/wordpress\/segunda\/ca\/wp-json\/wp\/v2\/media\/188985"}],"wp:attachment":[{"href":"https:\/\/www.tucomarca.com\/wordpress\/segunda\/ca\/wp-json\/wp\/v2\/media?parent=188993"}],"wp:term":[{"taxonomy":"category","embeddable":true,"href":"https:\/\/www.tucomarca.com\/wordpress\/segunda\/ca\/wp-json\/wp\/v2\/categories?post=188993"},{"taxonomy":"post_tag","embeddable":true,"href":"https:\/\/www.tucomarca.com\/wordpress\/segunda\/ca\/wp-json\/wp\/v2\/tags?post=188993"}],"curies":[{"name":"wp","href":"https:\/\/api.w.org\/{rel}","templated":true}]}}