{"id":189268,"date":"2023-06-21T12:00:00","date_gmt":"2023-06-21T11:00:00","guid":{"rendered":"https:\/\/www.tucomarca.com\/wordpress\/segunda\/?p=189268"},"modified":"2023-06-21T17:46:34","modified_gmt":"2023-06-21T16:46:34","slug":"la-banda-simfonica-de-la-societat-musical-lartistica-de-xiva-oferira-la-tradicional-serenata-de-sant-joan","status":"publish","type":"post","link":"https:\/\/www.tucomarca.com\/wordpress\/segunda\/ca\/la-banda-simfonica-de-la-societat-musical-lartistica-de-xiva-oferira-la-tradicional-serenata-de-sant-joan\/","title":{"rendered":"La banda simf\u00f2nica de la Societat Musical \u201cL&#8217;Art\u00edstica&#8221; de Xiva oferir\u00e0 la tradicional serenata de Sant Joan"},"content":{"rendered":"\n<h4 class=\"wp-block-heading\">Un concert que segurament es remunta a la fi del segle XIX, i amb tota seguretat a principis del XX.<\/h4>\n\n\n\n<p>La \u201cserenata de Sant Joan\u201d \u00e9s un concert que es realitza el dia 24 de juny, festivitat de Sant Joan Baptista, sant al qual est\u00e0 consagrada l&#8217;Esgl\u00e9sia parroquial des de 1777* i que es repeteix tots els anys en aquest mateix dia, que \u00e9s festiu en la localitat<br>No es t\u00e9 const\u00e0ncia d&#8217;un any exacte d&#8217;inici, per\u00f2, en el llibre \u201cL&#8217;ART\u00cdSTICA\u201d BANDA DE M\u00daSICA DE XIVA, escrit per Alfredo Corral, es diu: \u201cDespeses ocorregudes en la M\u00fasica des del dia 14 de desembre de 1.905 fins al 14 de Novembre de 1.906: i entre ells hi ha un que diu: Per mig any de serbir la m\u00fasica els Caps Vicente Silvestre i Vicente Vela des de Nadal \u00e1 Sant Joan del corrent any\u2026 30\u00b4-. Pot deduir-se per aquesta anotaci\u00f3 que l&#8217;\u00faltim servei va ser la serenata de Sant Joan. Per qu\u00e8 no? I si en 1906 es va donar una serenata, i at\u00e9s que els or\u00edgens de la m\u00fasica a Xiva es remunten a 1850, no podria ser que a la fi del segle XIX ja es fera aquest concert anomenat serenata perqu\u00e8 es donava a la nit. Aix\u00ed mateix en un altre lloc de l&#8217;esmentat llibre es diu: \u201cL&#8217;esperit musical de Xiva tornava a florir, i aquells deu m\u00fasics agrupats a l&#8217;abril de 1939*, que fins i tot van donar la serenata de Sant Joan, com era tradici\u00f3\u2026.\u201d&nbsp;<br>Alguns dels m\u00fasics amb m\u00e9s edat als quals hem preguntat, recorden d&#8217;anar a la serenata amb els seus pares, ja que aquesta era un acte social important on els ve\u00efns eixien a sentir la banda interpretar obres que, en els inicis, estarien basades en pasdobles, masurques, romances de sarsueles, polkas, valsos, etc., i a poc a poc s&#8217;han anat interpretant obres de m\u00e9s actualitat.&nbsp;<br>Aqueixes mateixes persones consultades recorden que ja sent ells m\u00fasics s&#8217;oferien en la pla\u00e7a principal de la poblaci\u00f3, fins a quina, en l&#8217;\u00faltima d\u00e8cada del segle passat s&#8217;ha realitzat en altres llocs de la localitat.<br>En l&#8217;actualitat ja ens l&#8217;interpreta solament la Banda de M\u00fasica de la S. M. L&#8217;Art\u00edstica, si no que es compagina amb l&#8217;altra entitat musical existent, \u201cL&#8217;Orquestra de Pols i Pua Vila de Xiva\u201d, oferint cadascuna la meitat del concert.<br>Per a aquest any 2023 la serenata s&#8217;oferir\u00e0, -a causa del poc estable del temps, i en previsi\u00f3 de pluges- en el Teatre Astoria el dia 24 de juny a les 19,00 h Ho iniciar\u00e0 l&#8217;Orquestra de Pols i Pua Vila de Xiva i en la segona part, la Banda de M\u00fasica L&#8217;Art\u00edstica de Xiva\u201d oferir\u00e0 obres de compositors tan canviats de nom com Pascual Marquina, Jos\u00e9 Serrano, David Rivas, etc., sota la direcci\u00f3 del seu director titular: Vicente Reche Ruiz.<\/p>\n\n\n\n<p>XIVA una aproximaci\u00f3 a la seua hist\u00f2ria, de Ant\u00ba. Atienza Pe\u00f1arrocha. 1939 any de finalitzaci\u00f3 de la Guerra Civil.<\/p>\n\n\n\n<p><\/p>\n","protected":false},"excerpt":{"rendered":"<div class=\"mh-excerpt\">Un concert que segurament es remunta a la fi del segle XIX, i amb tota seguretat a principis del XX. La \u201cserenata de Sant Joan\u201d \u00e9s un concert que es realitza el dia 24 de <a class=\"mh-excerpt-more\" href=\"https:\/\/www.tucomarca.com\/wordpress\/segunda\/ca\/la-banda-simfonica-de-la-societat-musical-lartistica-de-xiva-oferira-la-tradicional-serenata-de-sant-joan\/\" title=\"La banda simf\u00f2nica de la Societat Musical \u201cL&#8217;Art\u00edstica&#8221; de Xiva oferir\u00e0 la tradicional serenata de Sant Joan\">[+] <\/a><\/div>\n","protected":false},"author":12,"featured_media":189267,"comment_status":"open","ping_status":"open","sticky":false,"template":"","format":"standard","meta":{"footnotes":""},"categories":[11019,11005,10894,10912,11007,10896,10975],"tags":[11195,10914,19405,14188],"class_list":{"0":"post-189268","1":"post","2":"type-post","3":"status-publish","4":"format-standard","5":"has-post-thumbnail","7":"category-agenda-ca","8":"category-canal-musica","9":"category-la-comarca-ca","10":"category-la-hoya-ca","11":"category-ocio-y-cultura-ca","12":"category-seccion-ca","13":"category-chiva-ca","14":"tag-chiva-ca","15":"tag-la-hoya-de-bunol-chiva-ca","16":"tag-serenata-de-san-juan-ca","17":"tag-sm-la-artistica-de-chiva-2-ca"},"_links":{"self":[{"href":"https:\/\/www.tucomarca.com\/wordpress\/segunda\/ca\/wp-json\/wp\/v2\/posts\/189268","targetHints":{"allow":["GET"]}}],"collection":[{"href":"https:\/\/www.tucomarca.com\/wordpress\/segunda\/ca\/wp-json\/wp\/v2\/posts"}],"about":[{"href":"https:\/\/www.tucomarca.com\/wordpress\/segunda\/ca\/wp-json\/wp\/v2\/types\/post"}],"author":[{"embeddable":true,"href":"https:\/\/www.tucomarca.com\/wordpress\/segunda\/ca\/wp-json\/wp\/v2\/users\/12"}],"replies":[{"embeddable":true,"href":"https:\/\/www.tucomarca.com\/wordpress\/segunda\/ca\/wp-json\/wp\/v2\/comments?post=189268"}],"version-history":[{"count":0,"href":"https:\/\/www.tucomarca.com\/wordpress\/segunda\/ca\/wp-json\/wp\/v2\/posts\/189268\/revisions"}],"wp:featuredmedia":[{"embeddable":true,"href":"https:\/\/www.tucomarca.com\/wordpress\/segunda\/ca\/wp-json\/wp\/v2\/media\/189267"}],"wp:attachment":[{"href":"https:\/\/www.tucomarca.com\/wordpress\/segunda\/ca\/wp-json\/wp\/v2\/media?parent=189268"}],"wp:term":[{"taxonomy":"category","embeddable":true,"href":"https:\/\/www.tucomarca.com\/wordpress\/segunda\/ca\/wp-json\/wp\/v2\/categories?post=189268"},{"taxonomy":"post_tag","embeddable":true,"href":"https:\/\/www.tucomarca.com\/wordpress\/segunda\/ca\/wp-json\/wp\/v2\/tags?post=189268"}],"curies":[{"name":"wp","href":"https:\/\/api.w.org\/{rel}","templated":true}]}}