{"id":189294,"date":"2023-06-21T10:00:00","date_gmt":"2023-06-21T09:00:00","guid":{"rendered":"https:\/\/www.tucomarca.com\/wordpress\/segunda\/?p=189294"},"modified":"2023-06-21T17:49:27","modified_gmt":"2023-06-21T16:49:27","slug":"dissabte-que-ve-festivitat-de-sant-joan-utiel-dona-la-benvinguda-a-lestiu-amb-lobertura-de-les-piscines-del-poliesportiu-municipal","status":"publish","type":"post","link":"https:\/\/www.tucomarca.com\/wordpress\/segunda\/ca\/dissabte-que-ve-festivitat-de-sant-joan-utiel-dona-la-benvinguda-a-lestiu-amb-lobertura-de-les-piscines-del-poliesportiu-municipal\/","title":{"rendered":"Dissabte que ve, festivitat de Sant Joan, Utiel dona la benvinguda a l&#8217;estiu amb l&#8217;obertura de les piscines del poliesportiu municipal"},"content":{"rendered":"\n<h4 class=\"wp-block-heading\">Ja estan a la venda els bons de 5 o 10 entrades i abonaments mensuals<br>Informaci\u00f3 en Piscina Coberta Utiel : 671 04 88 30<\/h4>\n\n\n\n<p>Utiel celebrar\u00e0 la festivitat de Sant Joan amb l&#8217;obertura de les piscines del poliesportiu municipal. Una temporada de bany que, com cada any, es prolongar\u00e0 fins al 31 d&#8217;agost oferint horari intensiu d&#8217;11 a 20 hores.<br>Per a accedir al recinte, a m\u00e9s de l&#8217;entrada di\u00e0ria, s&#8217;ofereixen diferents opcions per a adaptar-se a les necessitats dels usuaris: Els bons de 5 o 10 entrades, l&#8217;abonament mensual i l&#8217;especial estiu amb entrada a piscines del poliesportiu i piscina coberta amb gimn\u00e0s i activitats dirigides incloses.<br>Parc aqu\u00e0tic, activitats dirigides i cursos de nataci\u00f3<br>Les piscines del poliesportiu municipal ofereixen possibilitats d&#8217;oci i esport per a tots els p\u00fablics convertint-se en un parc aqu\u00e0tic de refer\u00e8ncia a la comarca.<br>Els usuaris, a m\u00e9s de gaudir del bany en les diferents piscines amb els tobogans com un dels principals atractius, tamb\u00e9 comptaran amb la programaci\u00f3 de cursos de nataci\u00f3 tant per a adults com xiquets per grups de diferents edats, aix\u00ed com activitats dirigides en l&#8217;aigua i a l&#8217;aire lliure.<br>A m\u00e9s, els divendres a la vesprada, els usuaris podran participar en les sessions dirigides de aquafitness de forma totalment gratu\u00efta.<br>Venda d&#8217;entrades i bons<br>Ja es poden adquirir els abonaments de forma anticipada i formalitzar inscripcions a cursos de nataci\u00f3 en la Piscina Coberta d&#8217;Utiel.<br>I a partir del dissabte, la venda d&#8217;entrades i bons es realitzar\u00e0 en la pr\u00f2pia taquilla d&#8217;acc\u00e9s al recinte del poliesportiu.<br>Informaci\u00f3 i consultes I 671 04 88 30 o piscinacubierta@utiel.es I www.utiel.es<\/p>\n\n\n\n<p><\/p>\n","protected":false},"excerpt":{"rendered":"<div class=\"mh-excerpt\">Ja estan a la venda els bons de 5 o 10 entrades i abonaments mensualsInformaci\u00f3 en Piscina Coberta Utiel : 671 04 88 30 Utiel celebrar\u00e0 la festivitat de Sant Joan amb l&#8217;obertura de les <a class=\"mh-excerpt-more\" href=\"https:\/\/www.tucomarca.com\/wordpress\/segunda\/ca\/dissabte-que-ve-festivitat-de-sant-joan-utiel-dona-la-benvinguda-a-lestiu-amb-lobertura-de-les-piscines-del-poliesportiu-municipal\/\" title=\"Dissabte que ve, festivitat de Sant Joan, Utiel dona la benvinguda a l&#8217;estiu amb l&#8217;obertura de les piscines del poliesportiu municipal\">[+] <\/a><\/div>\n","protected":false},"author":12,"featured_media":189292,"comment_status":"open","ping_status":"open","sticky":false,"template":"","format":"standard","meta":{"footnotes":""},"categories":[11019,10948,10894,10909,10896,11059],"tags":[19408,10910,11174],"class_list":{"0":"post-189294","1":"post","2":"type-post","3":"status-publish","4":"format-standard","5":"has-post-thumbnail","7":"category-agenda-ca","8":"category-infraestructuras-ca","9":"category-la-comarca-ca","10":"category-requena-utiel-ca","11":"category-seccion-ca","12":"category-utiel-ca","13":"tag-piscina-municipal-de-utiel-ca","14":"tag-requena-utiel-ca","15":"tag-utiel-ca"},"_links":{"self":[{"href":"https:\/\/www.tucomarca.com\/wordpress\/segunda\/ca\/wp-json\/wp\/v2\/posts\/189294","targetHints":{"allow":["GET"]}}],"collection":[{"href":"https:\/\/www.tucomarca.com\/wordpress\/segunda\/ca\/wp-json\/wp\/v2\/posts"}],"about":[{"href":"https:\/\/www.tucomarca.com\/wordpress\/segunda\/ca\/wp-json\/wp\/v2\/types\/post"}],"author":[{"embeddable":true,"href":"https:\/\/www.tucomarca.com\/wordpress\/segunda\/ca\/wp-json\/wp\/v2\/users\/12"}],"replies":[{"embeddable":true,"href":"https:\/\/www.tucomarca.com\/wordpress\/segunda\/ca\/wp-json\/wp\/v2\/comments?post=189294"}],"version-history":[{"count":0,"href":"https:\/\/www.tucomarca.com\/wordpress\/segunda\/ca\/wp-json\/wp\/v2\/posts\/189294\/revisions"}],"wp:featuredmedia":[{"embeddable":true,"href":"https:\/\/www.tucomarca.com\/wordpress\/segunda\/ca\/wp-json\/wp\/v2\/media\/189292"}],"wp:attachment":[{"href":"https:\/\/www.tucomarca.com\/wordpress\/segunda\/ca\/wp-json\/wp\/v2\/media?parent=189294"}],"wp:term":[{"taxonomy":"category","embeddable":true,"href":"https:\/\/www.tucomarca.com\/wordpress\/segunda\/ca\/wp-json\/wp\/v2\/categories?post=189294"},{"taxonomy":"post_tag","embeddable":true,"href":"https:\/\/www.tucomarca.com\/wordpress\/segunda\/ca\/wp-json\/wp\/v2\/tags?post=189294"}],"curies":[{"name":"wp","href":"https:\/\/api.w.org\/{rel}","templated":true}]}}