{"id":189382,"date":"2023-06-22T14:00:00","date_gmt":"2023-06-22T13:00:00","guid":{"rendered":"https:\/\/www.tucomarca.com\/wordpress\/segunda\/?p=189382"},"modified":"2023-06-22T21:02:32","modified_gmt":"2023-06-22T20:02:32","slug":"tallat-un-dels-carrils-de-la-via-dacces-a-bunyol-des-de-la-a-3-per-laccident-dun-camio-amb-dues-bigues-de-grans-dimensions","status":"publish","type":"post","link":"https:\/\/www.tucomarca.com\/wordpress\/segunda\/ca\/tallat-un-dels-carrils-de-la-via-dacces-a-bunyol-des-de-la-a-3-per-laccident-dun-camio-amb-dues-bigues-de-grans-dimensions\/","title":{"rendered":"Tallat un dels carrils de la via d&#8217;acc\u00e9s a Bunyol des de la A-3 per l&#8217;accident d&#8217;un cami\u00f3 amb dues bigues de grans dimensions"},"content":{"rendered":"\n<p>Un dels dos carrils d&#8217;acc\u00e9s a Bunyol des de l&#8217;Autovia A-3 ha patit un tall al migdia d&#8217;aquest dijous a causa del contratemps patit per un vehicle especial que transportava dues bigues de grans dimensions que, per motius que es desconeixen, s&#8217;han soltat del seu cami\u00f3, partint-se una d&#8217;elles en dos grans trossos.\u00a0<\/p>\n\n\n\n<p>La circulaci\u00f3 en la via d&#8217;acc\u00e9s no s&#8217;ha tallat totalment, at\u00e9s que els vehicles han pogut circular per l&#8217;altre carril.<\/p>\n","protected":false},"excerpt":{"rendered":"<div class=\"mh-excerpt\">Un dels dos carrils d&#8217;acc\u00e9s a Bunyol des de l&#8217;Autovia A-3 ha patit un tall al migdia d&#8217;aquest dijous a causa del contratemps patit per un vehicle especial que transportava dues bigues de grans dimensions <a class=\"mh-excerpt-more\" href=\"https:\/\/www.tucomarca.com\/wordpress\/segunda\/ca\/tallat-un-dels-carrils-de-la-via-dacces-a-bunyol-des-de-la-a-3-per-laccident-dun-camio-amb-dues-bigues-de-grans-dimensions\/\" title=\"Tallat un dels carrils de la via d&#8217;acc\u00e9s a Bunyol des de la A-3 per l&#8217;accident d&#8217;un cami\u00f3 amb dues bigues de grans dimensions\">[+] <\/a><\/div>\n","protected":false},"author":1,"featured_media":189381,"comment_status":"open","ping_status":"open","sticky":false,"template":"","format":"image","meta":{"footnotes":""},"categories":[10911,10898,10948,10894,10912,10896,10897],"tags":[11488,12448,12754,19416],"class_list":{"0":"post-189382","1":"post","2":"type-post","3":"status-publish","4":"format-image","5":"has-post-thumbnail","7":"category-bunol-ca","8":"category-ventana-ca","9":"category-infraestructuras-ca","10":"category-la-comarca-ca","11":"category-la-hoya-ca","12":"category-seccion-ca","13":"category-sucesos-la-comarca-ca","14":"tag-a-3-ca","15":"tag-accidente-ca","16":"tag-autovia-ca","17":"tag-viga-ca","18":"post_format-post-format-image"},"_links":{"self":[{"href":"https:\/\/www.tucomarca.com\/wordpress\/segunda\/ca\/wp-json\/wp\/v2\/posts\/189382","targetHints":{"allow":["GET"]}}],"collection":[{"href":"https:\/\/www.tucomarca.com\/wordpress\/segunda\/ca\/wp-json\/wp\/v2\/posts"}],"about":[{"href":"https:\/\/www.tucomarca.com\/wordpress\/segunda\/ca\/wp-json\/wp\/v2\/types\/post"}],"author":[{"embeddable":true,"href":"https:\/\/www.tucomarca.com\/wordpress\/segunda\/ca\/wp-json\/wp\/v2\/users\/1"}],"replies":[{"embeddable":true,"href":"https:\/\/www.tucomarca.com\/wordpress\/segunda\/ca\/wp-json\/wp\/v2\/comments?post=189382"}],"version-history":[{"count":0,"href":"https:\/\/www.tucomarca.com\/wordpress\/segunda\/ca\/wp-json\/wp\/v2\/posts\/189382\/revisions"}],"wp:featuredmedia":[{"embeddable":true,"href":"https:\/\/www.tucomarca.com\/wordpress\/segunda\/ca\/wp-json\/wp\/v2\/media\/189381"}],"wp:attachment":[{"href":"https:\/\/www.tucomarca.com\/wordpress\/segunda\/ca\/wp-json\/wp\/v2\/media?parent=189382"}],"wp:term":[{"taxonomy":"category","embeddable":true,"href":"https:\/\/www.tucomarca.com\/wordpress\/segunda\/ca\/wp-json\/wp\/v2\/categories?post=189382"},{"taxonomy":"post_tag","embeddable":true,"href":"https:\/\/www.tucomarca.com\/wordpress\/segunda\/ca\/wp-json\/wp\/v2\/tags?post=189382"}],"curies":[{"name":"wp","href":"https:\/\/api.w.org\/{rel}","templated":true}]}}