{"id":189549,"date":"2023-06-26T11:00:00","date_gmt":"2023-06-26T10:00:00","guid":{"rendered":"https:\/\/www.tucomarca.com\/wordpress\/segunda\/?p=189549"},"modified":"2023-06-26T12:38:26","modified_gmt":"2023-06-26T11:38:26","slug":"el-cd-utiel-torne-a-la-tercera-divisio-11-anys-despres-despres-dimposar-se-al-cf-la-nucia-per-3-1-en-el-partit-de-tornada-de-la-final","status":"publish","type":"post","link":"https:\/\/www.tucomarca.com\/wordpress\/segunda\/ca\/el-cd-utiel-torne-a-la-tercera-divisio-11-anys-despres-despres-dimposar-se-al-cf-la-nucia-per-3-1-en-el-partit-de-tornada-de-la-final\/","title":{"rendered":"El CD Utiel torne a la Tercera Divisi\u00f3 11 anys despr\u00e9s despr\u00e9s d&#8217;imposar-se al CF La Nucia per 3-1 en el partit de tornada de la final"},"content":{"rendered":"\n<h4 class=\"wp-block-heading\">La Celadilla acollia ahir la volta de l&#8217;eliminat\u00f2ria final per l&#8217;ascens entre el CD Utiel i el CF La Nucia B amb la vict\u00f2ria 3-1 per a l&#8217;equip de Javi Pons. L&#8217;Ajuntament d&#8217;Utiel trasllada la seua m\u00e9s sincera enhorabona al conjunt rojinegro per l&#8217;esfor\u00e7 realitzat durant aquesta temporada per a aconseguir el merescut ascens.<\/h4>\n\n\n\n<p>El Club Esportiu Utiel l&#8217;ha aconseguit: ja \u00e9s equip de Tercera Divisi\u00f3 despr\u00e9s d&#8217;imposar-se en l&#8217;\u00faltim partit de la final del play off d&#8217;ascens per 3 gols a 1 al CF La Nucia. Aix\u00ed, el CD Utiel aconsegueix un nou ascens a Tercera Divisi\u00f3 despr\u00e9s del que va tindre lloc en la temporada 2011-12, per tant tornen a Tercera 8 temporades despr\u00e9s del descens en la temporada 2014-15.<\/p>\n\n\n\n<p>Ahir La Celadilla va viure un partit \u00e8pic amb la final del play off d&#8217;ascens entre CD Utiel i el CF La Nucia que va deixar una merescuda vict\u00f2ria al conjunt rojinegro.<\/p>\n\n\n\n<p>Encara que la pluja va fer acte de pres\u00e8ncia just mitja hora abans d&#8217;iniciar-se el partit, l&#8217;afici\u00f3 va seguir fidel a l&#8217;equip de Javi Pons al qual va recolzar en tot moment ajudant a pujar al conjunt rojinegro a l&#8217;ascens.&nbsp;Una espectacular lona amb el lema \u201cRetorn a Tercera\u201d, emulant el cartell de la pel\u00b7l\u00edcula \u201cRetorn al Futur\u201d,&nbsp;es desplegava quan els jugadors de tots dos equips eixien al verd i va ser premonit\u00f2ria del resultat final.<\/p>\n\n\n\n<p>El filial tenia pendent llevar-se una espinita clavada el passat 2022 a Quart de Poblet quan el Raig Iberut en els penals li apartava d&#8217;aconseguir el seu somni i finalment va arribar l&#8217;anhelat moment. El CD Utiel ha aconseguit el premi d&#8217;ascendir a la Tercera Federaci\u00f3 onze anys despr\u00e9s. El conjunt utielano ja partia amb l&#8217;avantatge del partit d&#8217;anada on va guanyar per zero gols a un i ahir s&#8217;imposava al CF La Nucia B amb un contundent tres a un.<\/p>\n\n\n\n<p>L&#8217;alcalde d&#8217;Utiel i membres de la corporaci\u00f3 municipal no van voler perdre&#8217;s la gran trobada i van estar animant a l&#8217;equip en una vesprada plena d&#8217;emocions en la qual el CD Utiel tornava a protagonitzar l&#8217;esperat ascens una d\u00e8cada despr\u00e9s de la seua \u00faltima vegada, despr\u00e9s de ser Campi\u00f3 de Lliga. El conjunt rojinegro passa aix\u00ed a Tercera Federaci\u00f3, jugant la pr\u00f2xima temporada en categoria nacional.<\/p>\n\n\n\n<p>&#8220;Des de l&#8217;Ajuntament d&#8217;Utiel traslladem nostra m\u00e9s sincera enhorabona al Club Esportiu Utiel per l&#8217;esfor\u00e7 realitzat durant tota la temporada. Un reconeixement dirigit especialment a jugadors, directiva i cos t\u00e8cnic, aix\u00ed com a tota l&#8217;afici\u00f3, amb esment destacat als&nbsp;\u201cUltracela\u201d&nbsp;pel seu suport incondicional a l&#8217;equip&#8221;, tal com han fet constar des de l&#8217;Ajuntament.<\/p>\n\n\n\n<p><strong>Pr\u00f2xima temporada en Tercera RFEF<\/strong><\/p>\n\n\n\n<p>Al CD CD Utiel li acompanyaran la pr\u00f2xima temporada en la Tercera RFEF el CD Borriana i la UD Castellonenca en v\u00e9ncer en les finals dels play-off d&#8217;ascens les eliminat\u00f2ries del qual de tornada s&#8217;han disputat aquest diumenge.<\/p>\n\n\n\n<p>En les finals han sigut eliminats dues dels primers classificats en la lliga regular,\u00a0el CD Soneja\u00a0del grup 1 i\u00a0Ontinyent 1931 CF\u00a0del grup 3, no obstant aix\u00f2 tots dos haurien de tindre l&#8217;ascens assegurat a la Tercera RFEF en cobrir les vacants en el grup VI segons indica la circular que regula la competici\u00f3.<\/p>\n","protected":false},"excerpt":{"rendered":"<div class=\"mh-excerpt\">La Celadilla acollia ahir la volta de l&#8217;eliminat\u00f2ria final per l&#8217;ascens entre el CD Utiel i el CF La Nucia B amb la vict\u00f2ria 3-1 per a l&#8217;equip de Javi Pons. L&#8217;Ajuntament d&#8217;Utiel trasllada la <a class=\"mh-excerpt-more\" href=\"https:\/\/www.tucomarca.com\/wordpress\/segunda\/ca\/el-cd-utiel-torne-a-la-tercera-divisio-11-anys-despres-despres-dimposar-se-al-cf-la-nucia-per-3-1-en-el-partit-de-tornada-de-la-final\/\" title=\"El CD Utiel torne a la Tercera Divisi\u00f3 11 anys despr\u00e9s despr\u00e9s d&#8217;imposar-se al CF La Nucia per 3-1 en el partit de tornada de la final\">[+] <\/a><\/div>\n","protected":false},"author":1,"featured_media":189548,"comment_status":"open","ping_status":"open","sticky":false,"template":"","format":"standard","meta":{"footnotes":""},"categories":[11015,11003,10898,10894,10909,10896,11059],"tags":[14970,10910,14916],"class_list":{"0":"post-189549","1":"post","2":"type-post","3":"status-publish","4":"format-standard","5":"has-post-thumbnail","7":"category-canal-futbol","8":"category-sports","9":"category-ventana-ca","10":"category-la-comarca-ca","11":"category-requena-utiel-ca","12":"category-seccion-ca","13":"category-utiel-ca","14":"tag-cd-utiel-ca","15":"tag-requena-utiel-ca","16":"tag-tercera-division-ca"},"_links":{"self":[{"href":"https:\/\/www.tucomarca.com\/wordpress\/segunda\/ca\/wp-json\/wp\/v2\/posts\/189549","targetHints":{"allow":["GET"]}}],"collection":[{"href":"https:\/\/www.tucomarca.com\/wordpress\/segunda\/ca\/wp-json\/wp\/v2\/posts"}],"about":[{"href":"https:\/\/www.tucomarca.com\/wordpress\/segunda\/ca\/wp-json\/wp\/v2\/types\/post"}],"author":[{"embeddable":true,"href":"https:\/\/www.tucomarca.com\/wordpress\/segunda\/ca\/wp-json\/wp\/v2\/users\/1"}],"replies":[{"embeddable":true,"href":"https:\/\/www.tucomarca.com\/wordpress\/segunda\/ca\/wp-json\/wp\/v2\/comments?post=189549"}],"version-history":[{"count":0,"href":"https:\/\/www.tucomarca.com\/wordpress\/segunda\/ca\/wp-json\/wp\/v2\/posts\/189549\/revisions"}],"wp:featuredmedia":[{"embeddable":true,"href":"https:\/\/www.tucomarca.com\/wordpress\/segunda\/ca\/wp-json\/wp\/v2\/media\/189548"}],"wp:attachment":[{"href":"https:\/\/www.tucomarca.com\/wordpress\/segunda\/ca\/wp-json\/wp\/v2\/media?parent=189549"}],"wp:term":[{"taxonomy":"category","embeddable":true,"href":"https:\/\/www.tucomarca.com\/wordpress\/segunda\/ca\/wp-json\/wp\/v2\/categories?post=189549"},{"taxonomy":"post_tag","embeddable":true,"href":"https:\/\/www.tucomarca.com\/wordpress\/segunda\/ca\/wp-json\/wp\/v2\/tags?post=189549"}],"curies":[{"name":"wp","href":"https:\/\/api.w.org\/{rel}","templated":true}]}}