{"id":189811,"date":"2023-06-29T09:30:00","date_gmt":"2023-06-29T08:30:00","guid":{"rendered":"https:\/\/www.tucomarca.com\/wordpress\/segunda\/?p=189811"},"modified":"2023-06-29T12:01:42","modified_gmt":"2023-06-29T11:01:42","slug":"jose-mateos-nou-director-esportiu-del-club-esportiu-bunyol","status":"publish","type":"post","link":"https:\/\/www.tucomarca.com\/wordpress\/segunda\/ca\/jose-mateos-nou-director-esportiu-del-club-esportiu-bunyol\/","title":{"rendered":"Jos\u00e9 Mateos, nou director esportiu del Club Esportiu Bunyol"},"content":{"rendered":"\n<p>El Club Esportiu Bunyol ha fet p\u00fablic el fitxatge com a nou director esportiu del primer equip d&#8217;un dels jugadors m\u00e9s emblem\u00e0tics durant els \u00faltims anys en el CD Bunyol, Jos\u00e9 Mateos, Mat, que fa uns dies anunciava la seua retirada com a jugador.&nbsp;<\/p>\n\n\n\n<p>&#8220;Estem molt contents d&#8217;anunciar a Jos\u00e9 Mateos com a nou Director Esportiu de la primera plantilla del CD Bunyol. Poc li ha durat el descans despr\u00e9s de la seua retirada com a jugador i ja s&#8217;ha posat a la feina en la confecci\u00f3 de la plantilla del primer equip. Mat, confiem plenament en tu i agra\u00efm la teua predisposici\u00f3 per a continuar treballant pel CD Bunyol. Molta sort en aquesta nova etapa&#8221;, tal com han traslladat als socis des de la directiva del club.<\/p>\n","protected":false},"excerpt":{"rendered":"<div class=\"mh-excerpt\">El Club Esportiu Bunyol ha fet p\u00fablic el fitxatge com a nou director esportiu del primer equip d&#8217;un dels jugadors m\u00e9s emblem\u00e0tics durant els \u00faltims anys en el CD Bunyol, Jos\u00e9 Mateos, Mat, que fa <a class=\"mh-excerpt-more\" href=\"https:\/\/www.tucomarca.com\/wordpress\/segunda\/ca\/jose-mateos-nou-director-esportiu-del-club-esportiu-bunyol\/\" title=\"Jos\u00e9 Mateos, nou director esportiu del Club Esportiu Bunyol\">[+] <\/a><\/div>\n","protected":false},"author":1,"featured_media":189809,"comment_status":"open","ping_status":"open","sticky":false,"template":"","format":"standard","meta":{"footnotes":""},"categories":[10911,11015,11003,10894,10912,10896],"tags":[10913,11126,11074,11075,10914],"class_list":{"0":"post-189811","1":"post","2":"type-post","3":"status-publish","4":"format-standard","5":"has-post-thumbnail","7":"category-bunol-ca","8":"category-canal-futbol","9":"category-sports","10":"category-la-comarca-ca","11":"category-la-hoya-ca","12":"category-seccion-ca","13":"tag-bunol-ca","14":"tag-cd-bunol-ca","15":"tag-deportes-ca","16":"tag-futbol-ca","17":"tag-la-hoya-de-bunol-chiva-ca"},"_links":{"self":[{"href":"https:\/\/www.tucomarca.com\/wordpress\/segunda\/ca\/wp-json\/wp\/v2\/posts\/189811","targetHints":{"allow":["GET"]}}],"collection":[{"href":"https:\/\/www.tucomarca.com\/wordpress\/segunda\/ca\/wp-json\/wp\/v2\/posts"}],"about":[{"href":"https:\/\/www.tucomarca.com\/wordpress\/segunda\/ca\/wp-json\/wp\/v2\/types\/post"}],"author":[{"embeddable":true,"href":"https:\/\/www.tucomarca.com\/wordpress\/segunda\/ca\/wp-json\/wp\/v2\/users\/1"}],"replies":[{"embeddable":true,"href":"https:\/\/www.tucomarca.com\/wordpress\/segunda\/ca\/wp-json\/wp\/v2\/comments?post=189811"}],"version-history":[{"count":0,"href":"https:\/\/www.tucomarca.com\/wordpress\/segunda\/ca\/wp-json\/wp\/v2\/posts\/189811\/revisions"}],"wp:featuredmedia":[{"embeddable":true,"href":"https:\/\/www.tucomarca.com\/wordpress\/segunda\/ca\/wp-json\/wp\/v2\/media\/189809"}],"wp:attachment":[{"href":"https:\/\/www.tucomarca.com\/wordpress\/segunda\/ca\/wp-json\/wp\/v2\/media?parent=189811"}],"wp:term":[{"taxonomy":"category","embeddable":true,"href":"https:\/\/www.tucomarca.com\/wordpress\/segunda\/ca\/wp-json\/wp\/v2\/categories?post=189811"},{"taxonomy":"post_tag","embeddable":true,"href":"https:\/\/www.tucomarca.com\/wordpress\/segunda\/ca\/wp-json\/wp\/v2\/tags?post=189811"}],"curies":[{"name":"wp","href":"https:\/\/api.w.org\/{rel}","templated":true}]}}