{"id":189893,"date":"2023-06-30T12:00:00","date_gmt":"2023-06-30T11:00:00","guid":{"rendered":"https:\/\/www.tucomarca.com\/wordpress\/segunda\/?p=189893"},"modified":"2023-06-30T12:49:21","modified_gmt":"2023-06-30T11:49:21","slug":"la-apatia-de-los-vinos-tintos-la-sequia-y-el-pedrisco-agravan-la-crisis-de-los-viticultores-de-utiel-requena-segun-ava-asaja","status":"publish","type":"post","link":"https:\/\/www.tucomarca.com\/wordpress\/segunda\/ca\/la-apatia-de-los-vinos-tintos-la-sequia-y-el-pedrisco-agravan-la-crisis-de-los-viticultores-de-utiel-requena-segun-ava-asaja\/","title":{"rendered":"L&#8217;apatia dels vins negres, la sequera i la pedra agreugen la crisi dels viticultors d&#8217;Utiel-Requena, segons AVA-Asaja"},"content":{"rendered":"\n<p>La hist\u00f2rica aturada de les compres de vins negres durant l&#8217;\u00faltim any, els efectes negatius de la sequera i les tempestes de pedra empitjoren la crisi de rendibilitat dels viticultors d&#8217;Utiel-Requena, la comarca m\u00e9s productora de vi en la Comunitat Valenciana. El responsable de la sectorial de vi de l&#8217;Associaci\u00f3 Valenciana d&#8217;Agricultors (AVA-Asaja), Jos\u00e9 Luis Robredo, den\u00fancia el \u201caband\u00f3\u201d per part de les administracions, sobretot del govern valenci\u00e0, perqu\u00e8 \u201cno estan fent res ni per a equilibrar la cadena aliment\u00e0ria i garantir preus dignes, ni per a aprovar mesures de suport puntuals al sector com a ajudes directes, com s\u00ed han tingut altres cultius, o la destil\u00b7laci\u00f3 de crisi\u201d.<br>El sector vitivin\u00edcola de la comarca constata un brusc enfonsament del nombre d&#8217;operacions de compravenda de vins negres. Com a conseq\u00fc\u00e8ncia, les escasses adquisicions que es produeixen a comptagotes es tanquen a preus en origen molt per davall dels costos de producci\u00f3, que s&#8217;han encarit un 30% en les dues \u00faltimes campanyes. A m\u00e9s, a hores d&#8217;ara de la temporada, a tot just tres mesos per a la seg\u00fcent verema, encara queden inusuals reserves d&#8217;estoc en els cellers per vendre. AVA-ASAJA apunta entre les principals causes d&#8217;aquesta apatia en el mercat a massives importacions procedents de pa\u00efsos tercers i a canvis en les tend\u00e8ncies de consum dels joves, que opten m\u00e9s per vins blancs i rosats. De fet, en aquests casos la demanda ha sigut major encara que, tal com afirma Robredo, \u201cles cotitzacions en origen abonades pel ra\u00efm per a cava no han aconseguit els nivells que deurien. Han augmentat les vendes i els preus del consumidor, per la qual cosa els cellers embotelladors han incrementat els seus ingressos, per\u00f2 el sector productor no es veu recompensat en la seua justa mesura\u201d.&nbsp;<br>D&#8217;altra banda, les adversitats clim\u00e0tiques estan provocant importants minvaments de producci\u00f3. A difer\u00e8ncia del litoral valenci\u00e0, a Utiel-Requena i altres comarques interiors no ha plogut de manera persistent i adequada com per a pal\u00b7liar el d\u00e8ficit h\u00eddric que els cultius arrossegaven des dels primers mesos de l&#8217;any. Per tant, la sequera continua sent un problema les conseq\u00fc\u00e8ncies del qual s&#8217;estan deixant notar amb un descens de la futura collita de ra\u00efm i, fins i tot, amb l&#8217;aparici\u00f3 de vinyes seques que acabaran morint. Aix\u00ed mateix, diversos temporals acompanyats de calamarsa han ocasionat danys de fins al 100% de la producci\u00f3 en zones localitzades de la comarca i la incid\u00e8ncia del fred en moments avan\u00e7ats de l&#8217;any ha motivat el sorgiment de marchitez fisiol\u00f2gica en la varietat Boval.<br>AVA-ASAJA critica durament a les administracions per no habilitar mesures de suport urgents que alleugen la descapitalitzaci\u00f3 dels viticultors. El cultiu del ra\u00efm es va quedar fora de les ajudes aprovades pel Govern central amb motiu de la guerra a Ucra\u00efna i tampoc apareix en el primer esborrany del Ministeri enviat a les organitzacions agr\u00e0ries sobre les ajudes per la sequera. Aix\u00ed mateix, la Generalitat Valenciana no ha tramitat les ajudes de la destil\u00b7laci\u00f3 de crisi, mentre que altres comunitats s\u00ed ho han fet mitjan\u00e7ant fons estatals (Catalunya i Extremadura) i cofinan\u00e7ats amb partides pr\u00f2pies (La Rioja i Pa\u00eds Basc). La Comissi\u00f3 Europea acaba d&#8217;adoptar mesures excepcionals perqu\u00e8 els Estats membres puguen sol\u00b7licitar-les, per\u00f2 de moment el sector desconeix noves gestions.<br>Robredo assegura que \u201cels agricultors volem viure d&#8217;uns preus justos per les nostres collites, per\u00f2 davant les dificultats sense precedents que existeixen en el mercat dels vins negres necessitem de manera r\u00e0pida i contundent una s\u00e8rie d&#8217;ajudes amb suficient pressupost. Si les administracions no actuen sobre la cadena aliment\u00e0ria i continuen mirant cap a un altre costat, provocaran la p\u00e8rdua d&#8217;una activitat empresarial tan fonamental com \u00e9s la viticultura i continuaran expulsant a les persones del medi rural\u201d.<\/p>\n","protected":false},"excerpt":{"rendered":"<div class=\"mh-excerpt\">La hist\u00f2rica aturada de les compres de vins negres durant l&#8217;\u00faltim any, els efectes negatius de la sequera i les tempestes de pedra empitjoren la crisi de rendibilitat dels viticultors d&#8217;Utiel-Requena, la comarca m\u00e9s productora <a class=\"mh-excerpt-more\" href=\"https:\/\/www.tucomarca.com\/wordpress\/segunda\/ca\/la-apatia-de-los-vinos-tintos-la-sequia-y-el-pedrisco-agravan-la-crisis-de-los-viticultores-de-utiel-requena-segun-ava-asaja\/\" title=\"L&#8217;apatia dels vins negres, la sequera i la pedra agreugen la crisi dels viticultors d&#8217;Utiel-Requena, segons AVA-Asaja\">[+] <\/a><\/div>\n","protected":false},"author":1,"featured_media":132706,"comment_status":"open","ping_status":"open","sticky":false,"template":"","format":"standard","meta":{"footnotes":""},"categories":[10905,11006,10898,10948,10894,10903,11007,10909,10896,10897],"tags":[12398,10910,12873,14211],"class_list":{"0":"post-189893","1":"post","2":"type-post","3":"status-publish","4":"format-standard","5":"has-post-thumbnail","7":"category-agricultura-la-comarca-ca","8":"category-canal-vinos","9":"category-ventana-ca","10":"category-infraestructuras-ca","11":"category-la-comarca-ca","12":"category-medio-ambiente-la-comarca-ca","13":"category-ocio-y-cultura-ca","14":"category-requena-utiel-ca","15":"category-seccion-ca","16":"category-sucesos-la-comarca-ca","17":"tag-pedrisco-ca","18":"tag-requena-utiel-ca","19":"tag-sequia-ca","20":"tag-vino-ca"},"_links":{"self":[{"href":"https:\/\/www.tucomarca.com\/wordpress\/segunda\/ca\/wp-json\/wp\/v2\/posts\/189893","targetHints":{"allow":["GET"]}}],"collection":[{"href":"https:\/\/www.tucomarca.com\/wordpress\/segunda\/ca\/wp-json\/wp\/v2\/posts"}],"about":[{"href":"https:\/\/www.tucomarca.com\/wordpress\/segunda\/ca\/wp-json\/wp\/v2\/types\/post"}],"author":[{"embeddable":true,"href":"https:\/\/www.tucomarca.com\/wordpress\/segunda\/ca\/wp-json\/wp\/v2\/users\/1"}],"replies":[{"embeddable":true,"href":"https:\/\/www.tucomarca.com\/wordpress\/segunda\/ca\/wp-json\/wp\/v2\/comments?post=189893"}],"version-history":[{"count":0,"href":"https:\/\/www.tucomarca.com\/wordpress\/segunda\/ca\/wp-json\/wp\/v2\/posts\/189893\/revisions"}],"wp:featuredmedia":[{"embeddable":true,"href":"https:\/\/www.tucomarca.com\/wordpress\/segunda\/ca\/wp-json\/wp\/v2\/media\/132706"}],"wp:attachment":[{"href":"https:\/\/www.tucomarca.com\/wordpress\/segunda\/ca\/wp-json\/wp\/v2\/media?parent=189893"}],"wp:term":[{"taxonomy":"category","embeddable":true,"href":"https:\/\/www.tucomarca.com\/wordpress\/segunda\/ca\/wp-json\/wp\/v2\/categories?post=189893"},{"taxonomy":"post_tag","embeddable":true,"href":"https:\/\/www.tucomarca.com\/wordpress\/segunda\/ca\/wp-json\/wp\/v2\/tags?post=189893"}],"curies":[{"name":"wp","href":"https:\/\/api.w.org\/{rel}","templated":true}]}}