{"id":190201,"date":"2023-07-04T12:00:00","date_gmt":"2023-07-04T11:00:00","guid":{"rendered":"https:\/\/www.tucomarca.com\/wordpress\/segunda\/?p=190201"},"modified":"2023-07-04T13:18:35","modified_gmt":"2023-07-04T12:18:35","slug":"la-unio-xifra-en-prop-de-3-milions-deuros-les-perdues-en-quasi-4-000-hectarees-de-cultiu-afectades-per-la-pedra-dahir","status":"publish","type":"post","link":"https:\/\/www.tucomarca.com\/wordpress\/segunda\/ca\/la-unio-xifra-en-prop-de-3-milions-deuros-les-perdues-en-quasi-4-000-hectarees-de-cultiu-afectades-per-la-pedra-dahir\/","title":{"rendered":"La Uni\u00f3 xifra en prop de 3 milions d&#8217;euros les p\u00e8rdues en quasi 4.000 hect\u00e0rees de cultiu afectades per la pedra d&#8217;ahir\u00a0"},"content":{"rendered":"\n<h3 class=\"wp-block-heading\"><strong>L&#8217;organitzaci\u00f3 sol\u00b7licitar\u00e0 una s\u00e8rie de mesures per a les persones afectades per aquestes tempestes i per a totes les d&#8217;aquests mesos<\/strong>.<\/h3>\n\n\n\n<p>La Uni\u00f3 Llauradora informa que les tempestes d&#8217;ahir acompanyades de pedra van afectar un radi de prop de 4.000 hect\u00e0rees de cultiu i unes p\u00e8rdues estimades en una primera avaluaci\u00f3 d&#8217;urg\u00e8ncia en prop de 3 milions d&#8217;euros.<\/p>\n\n\n\n<p>Les tempestes van ser generalitzades en bona part del territori de la Comunitat Valenciana encara que la pedra es va centrar en les comarques de l&#8217;Horta, la Costera, la Vall d&#8217;Albaida, la Serrania, el Camp de T\u00faria, la Ribera Alta i la Ribera Baixa a la prov\u00edncia de Val\u00e8ncia i les comarques de l&#8217;Alto Palancia i Alto Mijares en la de Castell\u00f3.<\/p>\n\n\n\n<p>Del total d&#8217;hect\u00e0rees afectades, la major part es concentra en la Costera amb 972 ha, la qual cosa suposa el 27% dels danys, seguida per l&#8217;Horta amb 888 ha i el 24% dels danys i per la Ribera Alta amb 761 ha (19%). A elles els segueix la Serrania amb 406 ha afectades (10%), Alto Palancia amb 402 ha (10%), Camp de T\u00faria amb 324 ha (8%) i resta de comarques afectades. Les p\u00e8rdues m\u00e9s importants es donen a l&#8217;Horta amb 1,38 milions d&#8217;euros i la Costanera amb 866.000 euros.<\/p>\n\n\n\n<p>El principal cultiu perjudicat \u00e9s el dels c\u00edtrics amb 1.190 hect\u00e0rees i 45% de danys. Li segueix l&#8217;ametler amb 600 hect\u00e0rees i el 22% dels danys en produccions, l&#8217;olivera amb 267 ha i el 10% de danys i despr\u00e9s ja altres cultius com la vinya, caqui, fruiters d&#8217;estiu, hortalisses i vivers.<\/p>\n\n\n\n<p>En aquells llocs on no va afectar la pedra, les pluges s\u00f3n molt positives i serveixen per a pal\u00b7liar l&#8217;estr\u00e9s h\u00eddric en alguns cultius de sec\u00e0 com les vinyes, ametlers, olivar i garroferes, aix\u00ed com per als cultius de regadiu on permetr\u00e0 estalviar en regs que \u00faltimament estaven augmentant, netejar els arbres davant l&#8217;amena\u00e7a de possibles plagues i recarregar aq\u00fc\u00edfers i embassaments ja bastant minvats. Per a la ramaderia serviran per a regenerar les pastures i evitar aix\u00ed l&#8217;augment dels costos pels pinsos per a alimentaci\u00f3 dels animals.<\/p>\n\n\n\n<p>LA UNI\u00d3 sol\u00b7licitar\u00e0 una s\u00e8rie de mesures per a compensar els danys de les persones afectades per aquest sinistre d&#8217;ahir, els ocorreguts anteriorment i els que puguen originar-se aquest estiu.<\/p>\n\n\n\n<p>En aquest sentit reclamar\u00e0 entre altres coses l&#8217;agilitzaci\u00f3 dels peritatges dels camps sinistrats i la contractaci\u00f3 de m\u00e9s personal per a dur a terme aquestes tasques, la concessi\u00f3 d&#8217;ajudes directes, la condonaci\u00f3 de l&#8217;IBI de les parcel\u00b7les cultivades i construccions presents en elles, la bonificaci\u00f3 de les quotes de la Seguretat Social durant un any i l&#8217;establiment de pr\u00e9stecs amb inter\u00e9s subvencionat.<\/p>\n\n\n\n<figure class=\"wp-block-image size-large\"><img loading=\"lazy\" decoding=\"async\" width=\"1024\" height=\"458\" src=\"http:\/\/www.tucomarca.com\/wordpress\/segunda\/wp-content\/uploads\/2023\/07\/PedraUvaUnio-1024x458.jpg\" alt=\"\" class=\"wp-image-190198\" srcset=\"https:\/\/www.tucomarca.com\/wordpress\/segunda\/wp-content\/uploads\/2023\/07\/PedraUvaUnio-1024x458.jpg 1024w, https:\/\/www.tucomarca.com\/wordpress\/segunda\/wp-content\/uploads\/2023\/07\/PedraUvaUnio-300x134.jpg 300w, https:\/\/www.tucomarca.com\/wordpress\/segunda\/wp-content\/uploads\/2023\/07\/PedraUvaUnio-768x344.jpg 768w, https:\/\/www.tucomarca.com\/wordpress\/segunda\/wp-content\/uploads\/2023\/07\/PedraUvaUnio-1536x687.jpg 1536w, https:\/\/www.tucomarca.com\/wordpress\/segunda\/wp-content\/uploads\/2023\/07\/PedraUvaUnio.jpg 1600w\" sizes=\"auto, (max-width: 1024px) 100vw, 1024px\" \/><\/figure>\n","protected":false},"excerpt":{"rendered":"<div class=\"mh-excerpt\">L&#8217;organitzaci\u00f3 sol\u00b7licitar\u00e0 una s\u00e8rie de mesures per a les persones afectades per aquestes tempestes i per a totes les d&#8217;aquests mesos. La Uni\u00f3 Llauradora informa que les tempestes d&#8217;ahir acompanyades de pedra van afectar un <a class=\"mh-excerpt-more\" href=\"https:\/\/www.tucomarca.com\/wordpress\/segunda\/ca\/la-unio-xifra-en-prop-de-3-milions-deuros-les-perdues-en-quasi-4-000-hectarees-de-cultiu-afectades-per-la-pedra-dahir\/\" title=\"La Uni\u00f3 xifra en prop de 3 milions d&#8217;euros les p\u00e8rdues en quasi 4.000 hect\u00e0rees de cultiu afectades per la pedra d&#8217;ahir\u00a0\">[+] <\/a><\/div>\n","protected":false},"author":1,"featured_media":190197,"comment_status":"open","ping_status":"open","sticky":false,"template":"","format":"image","meta":{"footnotes":""},"categories":[10905,10892,11046,10898,10948,10894,10904,10902,10903,10896,10897],"tags":[10899,11077,11928,11080],"class_list":{"0":"post-190201","1":"post","2":"type-post","3":"status-publish","4":"format-image","5":"has-post-thumbnail","7":"category-agricultura-la-comarca-ca","8":"category-camp-de-turia-ca","9":"category-los-serranos-ca","10":"category-ventana-ca","11":"category-infraestructuras-ca","12":"category-la-comarca-ca","13":"category-sin-categorizar-ca","14":"category-la-ribera-ca","15":"category-medio-ambiente-la-comarca-ca","16":"category-seccion-ca","17":"category-sucesos-la-comarca-ca","18":"tag-camp-de-turia-ca","19":"tag-la-ribera-alta-ca","20":"tag-la-serrania-ca","21":"tag-los-serranos-ca","22":"post_format-post-format-image"},"_links":{"self":[{"href":"https:\/\/www.tucomarca.com\/wordpress\/segunda\/ca\/wp-json\/wp\/v2\/posts\/190201","targetHints":{"allow":["GET"]}}],"collection":[{"href":"https:\/\/www.tucomarca.com\/wordpress\/segunda\/ca\/wp-json\/wp\/v2\/posts"}],"about":[{"href":"https:\/\/www.tucomarca.com\/wordpress\/segunda\/ca\/wp-json\/wp\/v2\/types\/post"}],"author":[{"embeddable":true,"href":"https:\/\/www.tucomarca.com\/wordpress\/segunda\/ca\/wp-json\/wp\/v2\/users\/1"}],"replies":[{"embeddable":true,"href":"https:\/\/www.tucomarca.com\/wordpress\/segunda\/ca\/wp-json\/wp\/v2\/comments?post=190201"}],"version-history":[{"count":0,"href":"https:\/\/www.tucomarca.com\/wordpress\/segunda\/ca\/wp-json\/wp\/v2\/posts\/190201\/revisions"}],"wp:featuredmedia":[{"embeddable":true,"href":"https:\/\/www.tucomarca.com\/wordpress\/segunda\/ca\/wp-json\/wp\/v2\/media\/190197"}],"wp:attachment":[{"href":"https:\/\/www.tucomarca.com\/wordpress\/segunda\/ca\/wp-json\/wp\/v2\/media?parent=190201"}],"wp:term":[{"taxonomy":"category","embeddable":true,"href":"https:\/\/www.tucomarca.com\/wordpress\/segunda\/ca\/wp-json\/wp\/v2\/categories?post=190201"},{"taxonomy":"post_tag","embeddable":true,"href":"https:\/\/www.tucomarca.com\/wordpress\/segunda\/ca\/wp-json\/wp\/v2\/tags?post=190201"}],"curies":[{"name":"wp","href":"https:\/\/api.w.org\/{rel}","templated":true}]}}