{"id":190427,"date":"2023-07-06T07:55:00","date_gmt":"2023-07-06T06:55:00","guid":{"rendered":"https:\/\/www.tucomarca.com\/wordpress\/segunda\/?p=190427"},"modified":"2023-07-06T17:09:59","modified_gmt":"2023-07-06T16:09:59","slug":"experts-del-departament-de-salut-de-manises-aconsellen-sobre-com-previndre-lotitis-a-lestiu","status":"publish","type":"post","link":"https:\/\/www.tucomarca.com\/wordpress\/segunda\/ca\/experts-del-departament-de-salut-de-manises-aconsellen-sobre-com-previndre-lotitis-a-lestiu\/","title":{"rendered":"Experts del departament de salut de Manises aconsellen sobre com previndre l&#8217;otitis a l&#8217;estiu"},"content":{"rendered":"\n<p><strong>\u201cEl 84% de les consultes a l&#8217;otorrino a l&#8217;estiu s&#8217;associen a l&#8217;otitis\u201d, explica la Dra. Elena Pont<\/strong><\/p>\n\n\n\n<p><strong>L&#8217;\u00fas de taps o capells de bany pot reduir la possibilitat que l&#8217;aigua penetre en les o\u00efdes<\/strong><\/p>\n\n\n\n<p>En l&#8217;\u00e8poca estiuenca les platges i piscines es troben plenes de persones que anhelen donar-se un capbuss\u00f3 per a combatre la calor. No obstant aix\u00f2, \u00e9s durant aquesta \u00e8poca on m\u00e9s casos es produeixen d&#8217;otitis externa, a causa de la combinaci\u00f3 entre calor i aigua, tamb\u00e9 coneguda com a \u201cotitis de les piscines\u201d.&nbsp;<\/p>\n\n\n\n<p>\u201cEl 84% de les consultes a l&#8217;otorrino a l&#8217;estiu s&#8217;associen a l&#8217;otitis\u201d, explica la Dra. Elena Pont, del departament de salut de Manises. Aquesta malaltia \u00e9s una inflamaci\u00f3 del conducte auditiu extern produ\u00eft per bacteris i g\u00e8rmens que s&#8217;hagen en l&#8217;aigua i que es propaguen a causa de la calor exterior, que crea un clima adequat perqu\u00e8 aix\u00f2 succe\u00efsca.&nbsp;<\/p>\n\n\n\n<p><strong>Qu\u00e8 fer per a previndre-la?<\/strong><\/p>\n\n\n\n<p>Per a ajudar a previndre aquesta mol\u00e8stia, els experts en Otorrinolaringologia de l&#8217;Hospital de Manises han compartit consells i pautes importants. Pont aconsella que \u201cseguir una rutina senzilla, per\u00f2 efectiva, que consisteix a assecar de manera acurada les o\u00efdes despr\u00e9s de cada bany per a assegurar-se que no quede aigua en el seu interior\u201d.<\/p>\n\n\n\n<p>L&#8217;\u00fas de taps o capells de bany pot reduir la possibilitat que l&#8217;aigua penetre en les o\u00efdes, principalment recomanables per a persones amb especial sensibilitat: amb antecedents de dermatitis, exostosis del conducte auditiu, perforacions timp\u00e0niques, cirurgies pr\u00e8vies en les o\u00efdes, immunodefici\u00e8ncia o diabetis.<\/p>\n\n\n\n<p>En persones que pateixen taps de cerumen de repetici\u00f3 s&#8217;aconsella utilitzar esprais reblandecientes una vegada per setmana durant l&#8217;any per a evitar el seu impactaci\u00f3n.<\/p>\n\n\n\n<p>Els especialistes de Manises recalquen la import\u00e0ncia d&#8217;evitar bastoncillos, aix\u00ed com altres objectes que servisquen per a netejar o rascar les o\u00efdes perqu\u00e8 poden irritar la pell i causar impactaci\u00f3n de la cera en el canal auditiu.&nbsp;<\/p>\n\n\n\n<p>Si l&#8217;aigua es queda retinguda en el conducte auditiu, Pont explica que \u201cen cas que el no es patisca de perforaci\u00f3 del timp\u00e0 cr\u00f2nica o aguda, es pot aplicar alcohol boricado a saturaci\u00f3 en gotes preparat en farm\u00e0cies\u201d. D&#8217;altra banda, l&#8217;especialista suggereix la visita al metge si la infecci\u00f3 fora greu: \u201cSi la infecci\u00f3 avan\u00e7a, ser\u00e0 convenient acudir a l&#8217;otorrinolaring\u00f2leg\u201d.<\/p>\n\n\n\n<p><strong>Qu\u00e8 fer abans d&#8217;estiu?<\/strong><\/p>\n\n\n\n<p>Entre les previsions de l&#8217;otitis, els especialistes de Manises encomanen la tasca d&#8217;acudir al metge a fer una revisi\u00f3 abans de comen\u00e7ar les vacances d&#8217;estiu. \u201cEl m\u00e9s encertat seria realitzar una neteja d&#8217;o\u00efdes pre-vacacional, especialment per a aquelles persones propenses a formar taps de cera o queratina en les seues o\u00efdes\u201d, confirmen.&nbsp;<\/p>\n\n\n\n<p><strong>Departament de Salut de Manises&nbsp;<br><\/strong><br>El Departament de Salut de Manises dona cobertura i assist\u00e8ncia sanit\u00e0ria p\u00fablica, tant ambulat\u00f2ria com domicili\u00e0ria a 201.733 persones de 14 localitats a trav\u00e9s de l&#8217;Hospital de Manises, 9 centres de salut, 11 consultoris auxiliars, 2 centres d&#8217;especialitats, 1 centre de salut integrat, l&#8217;Hospital d&#8217;Aguts de Manises i l&#8217;Hospital de Cr\u00f2nics de Mislata. La cura de la salut de les persones que depenen del Departament \u00e9s la m\u00e0xima prioritat.&nbsp;<br><br>En aqueix sentit, des del seu naixement en 2009, el Departament de Salut ha consolidat un equip professional centrat en l&#8217;assist\u00e8ncia sanit\u00e0ria segura i de qualitat, amb especialitats de refer\u00e8ncia com a traumatologia (premiat com a millor servei p\u00fablic pels TOP 20), matern-infantil (Premis Best Spanish Hospital Awards BHS) o bari\u00e1trica, entre altres. Ha aconseguit uns excel\u00b7lents indicadors en accessibilitat i temps d&#8217;espera, consolidant-se com un dels centres amb menor demora de la Comunitat Valenciana. Ha obtingut el tercer lloc en la qualificaci\u00f3 de centres de la Comunitat amb millors indicadors de qualitat assistencial segons Merco.&nbsp;<br><br>L&#8217;Hospital de Manises \u00e9s el centre sanitari p\u00fablic amb m\u00e9s \u00e0rees acreditades per diferents normes de qualitat segons el Registre Auton\u00f2mic de Certificacions en Qualitat de la Conselleria de Sanitat Universal i Salut P\u00fablica. Aix\u00ed, el centre compta amb la m\u00e0xima acreditaci\u00f3 QH que ha atorgat IDIS en 2020. El Departament de Salut de Manises \u00e9s l&#8217;\u00fanic que t\u00e9 tots els seus centres de salut certificats amb l&#8217;ISO 9001:2015 i amb l&#8217;ISO 14001:2015.<\/p>\n","protected":false},"excerpt":{"rendered":"<div class=\"mh-excerpt\">\u201cEl 84% de les consultes a l&#8217;otorrino a l&#8217;estiu s&#8217;associen a l&#8217;otitis\u201d, explica la Dra. Elena Pont L&#8217;\u00fas de taps o capells de bany pot reduir la possibilitat que l&#8217;aigua penetre en les o\u00efdes En <a class=\"mh-excerpt-more\" href=\"https:\/\/www.tucomarca.com\/wordpress\/segunda\/ca\/experts-del-departament-de-salut-de-manises-aconsellen-sobre-com-previndre-lotitis-a-lestiu\/\" title=\"Experts del departament de salut de Manises aconsellen sobre com previndre l&#8217;otitis a l&#8217;estiu\">[+] <\/a><\/div>\n","protected":false},"author":13,"featured_media":190425,"comment_status":"open","ping_status":"open","sticky":false,"template":"","format":"standard","meta":{"footnotes":""},"categories":[10973,10911,10892,11010,10898,10977,10980,10948,10894,10904,10912,10902,10931,10978,10906,10896,11047,10974,10975],"tags":[11092,11207,15304],"class_list":{"0":"post-190427","1":"post","2":"type-post","3":"status-publish","4":"format-standard","5":"has-post-thumbnail","7":"category-alborache-ca","8":"category-bunol-ca","9":"category-camp-de-turia-ca","10":"category-canal-salud","11":"category-ventana-ca","12":"category-godelleta-ca","13":"category-yatova-ca","14":"category-infraestructuras-ca","15":"category-la-comarca-ca","16":"category-sin-categorizar-ca","17":"category-la-hoya-ca","18":"category-la-ribera-ca","19":"category-loriguilla-ca","20":"category-macastre-ca","21":"category-riba-roja-ca","22":"category-seccion-ca","23":"category-turis-ca","24":"category-cheste-ca","25":"category-chiva-ca","26":"tag-hospital-de-manises-ca","27":"tag-salud-ca","28":"tag-verano-ca"},"_links":{"self":[{"href":"https:\/\/www.tucomarca.com\/wordpress\/segunda\/ca\/wp-json\/wp\/v2\/posts\/190427","targetHints":{"allow":["GET"]}}],"collection":[{"href":"https:\/\/www.tucomarca.com\/wordpress\/segunda\/ca\/wp-json\/wp\/v2\/posts"}],"about":[{"href":"https:\/\/www.tucomarca.com\/wordpress\/segunda\/ca\/wp-json\/wp\/v2\/types\/post"}],"author":[{"embeddable":true,"href":"https:\/\/www.tucomarca.com\/wordpress\/segunda\/ca\/wp-json\/wp\/v2\/users\/13"}],"replies":[{"embeddable":true,"href":"https:\/\/www.tucomarca.com\/wordpress\/segunda\/ca\/wp-json\/wp\/v2\/comments?post=190427"}],"version-history":[{"count":0,"href":"https:\/\/www.tucomarca.com\/wordpress\/segunda\/ca\/wp-json\/wp\/v2\/posts\/190427\/revisions"}],"wp:featuredmedia":[{"embeddable":true,"href":"https:\/\/www.tucomarca.com\/wordpress\/segunda\/ca\/wp-json\/wp\/v2\/media\/190425"}],"wp:attachment":[{"href":"https:\/\/www.tucomarca.com\/wordpress\/segunda\/ca\/wp-json\/wp\/v2\/media?parent=190427"}],"wp:term":[{"taxonomy":"category","embeddable":true,"href":"https:\/\/www.tucomarca.com\/wordpress\/segunda\/ca\/wp-json\/wp\/v2\/categories?post=190427"},{"taxonomy":"post_tag","embeddable":true,"href":"https:\/\/www.tucomarca.com\/wordpress\/segunda\/ca\/wp-json\/wp\/v2\/tags?post=190427"}],"curies":[{"name":"wp","href":"https:\/\/api.w.org\/{rel}","templated":true}]}}