{"id":190619,"date":"2023-07-07T10:00:00","date_gmt":"2023-07-07T09:00:00","guid":{"rendered":"https:\/\/www.tucomarca.com\/wordpress\/segunda\/?p=190619"},"modified":"2023-07-07T12:16:00","modified_gmt":"2023-07-07T11:16:00","slug":"el-govern-de-la-pobla-de-vallbona-determina-el-repartiment-de-les-arees-dels-seus-components","status":"publish","type":"post","link":"https:\/\/www.tucomarca.com\/wordpress\/segunda\/ca\/el-govern-de-la-pobla-de-vallbona-determina-el-repartiment-de-les-arees-dels-seus-components\/","title":{"rendered":"El govern de la Pobla de Vallbona determina el repartiment de les \u00e0rees dels seus components"},"content":{"rendered":"\n<h4 class=\"wp-block-heading\">El ple municipal ha atorgat en sessi\u00f3 extraordin\u00e0ria les noves delegacions als onze membres que componen el govern<\/h4>\n\n\n\n<h4 class=\"wp-block-heading\">Jaime Ruix assumir\u00e0 les compet\u00e8ncies de Falles, Juan Aguilar Urbanisme i Jos\u00e9 Mar\u00eda Romero l&#8217;\u00e0rea d&#8217;Hisenda<\/h4>\n\n\n\n<p>El nou govern de la Pobla de Vallbona ha ratificat les diferents \u00e0rees i compet\u00e8ncies dels onze membres que componen l&#8217;equip encap\u00e7alat per l&#8217;alcalde del municipi, Abel Mart\u00ed, a trav\u00e9s del ple extraordinari d&#8217;organitzaci\u00f3 que ha tingut lloc en el sal\u00f3 de plens del consistori aquest dijous a la vesprada.<\/p>\n\n\n\n<p>La sessi\u00f3 ha servit tamb\u00e9 per a determinar els diferents membres del consistori de la Pobla que representaran al municipi en els diferents \u00f2rgans supramunicipals amb representaci\u00f3 a trav\u00e9s de l&#8217;Ajuntament de la Pobla de Vallbona.<\/p>\n\n\n\n<p>Pel que fa a les diferents \u00e0rees que ordenen l&#8217;Ajuntament de la Pobla de Vallbona, el repartiment resolt pel ple extraordinari ha sigut el seg\u00fcent:<\/p>\n\n\n\n<ul class=\"wp-block-list\"><li>Marina Rubio Rab\u00e9s. Recursos Humans, Drets Civils i Atenci\u00f3 a la ciutadania.<\/li><li>Ana Cantero Guillot. Serveis Socials i Cultura.<\/li><li>Jos\u00e9 Mar\u00eda Romero. Hisenda i Festes.<\/li><li>Christian Baterno Sania. Educaci\u00f3, Mobilitat i Transports.<\/li><li>Federico Mart\u00ed Sabater. Governaci\u00f3, Patrimoni hist\u00f2ric i cultural, Diversitat funcional i Depend\u00e8ncia.<\/li><li>In\u00e9s Peir\u00f3 Cervera. Agricultura, Medi Ambient, Joventut, Comer\u00e7 i Turisme.<\/li><li>Jaime Ruix Serra. Participaci\u00f3 ciutadana, Persones majors, Sanitat, Desenvolupament Local, Ind\u00fastria i ocupaci\u00f3, Falles i Festes patronals.<\/li><li>Al\u00e9xter Fuertes Zapata. Subvencions, Esports, Projecte europeus, Gesti\u00f3 tribut\u00e0ria i recaptat\u00f2ria.<\/li><li>Juan Aguilar Moncayo. Urbanisme, Projectes urbans, Urbanitzacions, Activitats econ\u00f2miques i Patrimoni de b\u00e9ns.<\/li><li>Noelia Moy\u00e0 Hern\u00e1ndez. Serveis, Innovaci\u00f3, Transformaci\u00f3 digital i Transpar\u00e8ncia.<\/li><\/ul>\n\n\n\n<p>Abel Mart\u00ed assumir\u00e0 des de l&#8217;alcaldia les \u00e0rees de Seguretat Ciutadana, Comunicaci\u00f3 i Estrat\u00e8gia municipal, confirmant el repartiment de regidories i \u00e0rees determinat en l&#8217;acord de govern amb el qual es va iniciar la legislatura i amb el qual el nou govern format per Partit Popular, Centrats per la Pobla i CUPO van acordar com a part del seu pacte de govern municipal.<\/p>\n\n\n\n<p><\/p>\n","protected":false},"excerpt":{"rendered":"<div class=\"mh-excerpt\">El ple municipal ha atorgat en sessi\u00f3 extraordin\u00e0ria les noves delegacions als onze membres que componen el govern Jaime Ruix assumir\u00e0 les compet\u00e8ncies de Falles, Juan Aguilar Urbanisme i Jos\u00e9 Mar\u00eda Romero l&#8217;\u00e0rea d&#8217;Hisenda El <a class=\"mh-excerpt-more\" href=\"https:\/\/www.tucomarca.com\/wordpress\/segunda\/ca\/el-govern-de-la-pobla-de-vallbona-determina-el-repartiment-de-les-arees-dels-seus-components\/\" title=\"El govern de la Pobla de Vallbona determina el repartiment de les \u00e0rees dels seus components\">[+] <\/a><\/div>\n","protected":false},"author":12,"featured_media":190618,"comment_status":"open","ping_status":"open","sticky":false,"template":"","format":"standard","meta":{"footnotes":""},"categories":[10892,10948,10894,10915,10947,10896],"tags":[10899,10916],"class_list":{"0":"post-190619","1":"post","2":"type-post","3":"status-publish","4":"format-standard","5":"has-post-thumbnail","7":"category-camp-de-turia-ca","8":"category-infraestructuras-ca","9":"category-la-comarca-ca","10":"category-la-pobla-ca","11":"category-politica","12":"category-seccion-ca","13":"tag-camp-de-turia-ca","14":"tag-la-pobla-de-vallbona-ca"},"_links":{"self":[{"href":"https:\/\/www.tucomarca.com\/wordpress\/segunda\/ca\/wp-json\/wp\/v2\/posts\/190619","targetHints":{"allow":["GET"]}}],"collection":[{"href":"https:\/\/www.tucomarca.com\/wordpress\/segunda\/ca\/wp-json\/wp\/v2\/posts"}],"about":[{"href":"https:\/\/www.tucomarca.com\/wordpress\/segunda\/ca\/wp-json\/wp\/v2\/types\/post"}],"author":[{"embeddable":true,"href":"https:\/\/www.tucomarca.com\/wordpress\/segunda\/ca\/wp-json\/wp\/v2\/users\/12"}],"replies":[{"embeddable":true,"href":"https:\/\/www.tucomarca.com\/wordpress\/segunda\/ca\/wp-json\/wp\/v2\/comments?post=190619"}],"version-history":[{"count":0,"href":"https:\/\/www.tucomarca.com\/wordpress\/segunda\/ca\/wp-json\/wp\/v2\/posts\/190619\/revisions"}],"wp:featuredmedia":[{"embeddable":true,"href":"https:\/\/www.tucomarca.com\/wordpress\/segunda\/ca\/wp-json\/wp\/v2\/media\/190618"}],"wp:attachment":[{"href":"https:\/\/www.tucomarca.com\/wordpress\/segunda\/ca\/wp-json\/wp\/v2\/media?parent=190619"}],"wp:term":[{"taxonomy":"category","embeddable":true,"href":"https:\/\/www.tucomarca.com\/wordpress\/segunda\/ca\/wp-json\/wp\/v2\/categories?post=190619"},{"taxonomy":"post_tag","embeddable":true,"href":"https:\/\/www.tucomarca.com\/wordpress\/segunda\/ca\/wp-json\/wp\/v2\/tags?post=190619"}],"curies":[{"name":"wp","href":"https:\/\/api.w.org\/{rel}","templated":true}]}}