{"id":191046,"date":"2023-07-11T12:00:00","date_gmt":"2023-07-11T11:00:00","guid":{"rendered":"https:\/\/www.tucomarca.com\/wordpress\/segunda\/?p=191046"},"modified":"2023-07-11T21:31:05","modified_gmt":"2023-07-11T20:31:05","slug":"la-jove-orquestra-de-la-generalitat-valenciana-oferira-un-concert-en-el-teatre-montecarlo-de-bunyol","status":"publish","type":"post","link":"https:\/\/www.tucomarca.com\/wordpress\/segunda\/ca\/la-jove-orquestra-de-la-generalitat-valenciana-oferira-un-concert-en-el-teatre-montecarlo-de-bunyol\/","title":{"rendered":"La Jove Orquestra de la Generalitat Valenciana oferir\u00e0 un concert en el teatre Montecarlo de Bunyol"},"content":{"rendered":"\n<h3 class=\"wp-block-heading\"><span style=\"font-size: revert; font-weight: revert;\">La Jove Orquestra de la Generalitat Valenciana inicia la trobada d&#8217;estiu, que conclour\u00e0 amb quatre concerts, un d&#8217;ells en el Montecarlo de Bunyol.<\/span><\/h3>\n\n\n\n<h3 class=\"wp-block-heading\"><strong>De l&#8217;11 al 22 de juliol, una plantilla de 87 joves m\u00fasics de la JOGV dur\u00e0 a terme la trobada d&#8217;estiu en el Palau de les Arts, amb Pablo Rus Broseta com a director.<\/strong><\/h3>\n\n\n\n<h3 class=\"wp-block-heading\"><strong>La trobada d&#8217;estiu de la Jove Orquestra conclour\u00e0 amb quatre concerts a Borriana, Torrevella, Bunyol i Val\u00e8ncia.<\/strong><\/h3>\n\n\n\n<p>La Jove Orquestra de la Generalitat Valenciana (JOGV) comen\u00e7a la trobada d&#8217;estiu, que tindr\u00e0 lloc de l&#8217;11 al 22 de juliol en el Palau de les Arts de Val\u00e8ncia, sota la direcci\u00f3 de Pablo Rus Broseta, amb una plantilla de 87 m\u00fasics que tenen fins a 26 anys i l&#8217;estrena absoluta d&#8217;una obra de Josep Planells, compositor resident, que ha sigut encarregada per l&#8217;Institut Valenci\u00e0 de Cultura (IVC).<\/p>\n\n\n\n<p>La trobada d&#8217;estiu de la Jove Orquestra de la Generalitat Valenciana conclour\u00e0 en aquesta ocasi\u00f3 amb quatre concerts: el 19 de juliol, a les 19.00 hores, en el Teatre Pay\u00e1 de Borriana; el 20 de juliol, a les 20.00 hores, a l&#8217;Auditori Internacional de Torrevella; el 21 de juliol, a les 20.00 hores, en el Teatre Montecarlo de Bunyol, i el 22 de juliol, a les 19.30 hores, a l&#8217;auditori del Palau de les Arts de Val\u00e8ncia.<\/p>\n\n\n\n<p>El programa que es preparar\u00e0 durant la trobada i que, posteriorment, s&#8217;interpretar\u00e0 en els quatre concerts est\u00e0 compost per les obres seg\u00fcents: \u2018Raps\u00f2dia espanyola\u2019, de Ravel; \u2018Simfonia n\u00fam. 5\u2019, de Xostak\u00f3vitx, i l&#8217;estrena absoluta de l&#8217;obra encarregue del IVC \u2018Contrafactum 1: de Cavanilles\u2019, de Josep Planells, compositor resident de la Jove Orquestra de la Generalitat 2023-2024.<\/p>\n\n\n\n<p>Les trobades de la Jove Orquestra suposen estades molt interessants per a la formaci\u00f3 dels joves m\u00fasics perqu\u00e8 s&#8217;ajunten uns dies de conviv\u00e8ncia amb tallers d&#8217;alt nivell de les diferents especialitats instrumentals, per a despr\u00e9s concloure amb assajos conjunts i la celebraci\u00f3 dels concerts.<\/p>\n\n\n\n<p><strong>La Jove Orquestra<\/strong><\/p>\n\n\n\n<p>La Jove Orquestra de la Generalitat Valenciana dep\u00e9n de la direcci\u00f3 adjunta de M\u00fasica i Cultura Popular de l&#8217;Institut Valenci\u00e0 de Cultura i est\u00e0 formada per 95 m\u00fasics menors de 26 anys. El director, des d&#8217;octubre de 2017, \u00e9s Pablo Rus Broseta, format a Val\u00e8ncia, Li\u00f3, Amsterdam i Berl\u00edn, i actualment director associat de la Seattle Symphony, on lidera una extensa varietat de programes.&nbsp;<\/p>\n\n\n\n<p>La Jove Orquestra de la Generalitat Valenciana t\u00e9 com a objectiu contribuir a formar als m\u00fasics a trav\u00e9s de trobades i tallers dirigits per destacats professors de cada especialitat instrumental. En aquest cas, en la trobada d&#8217;estiu participen M.\u00aa Carmen Antequera i Enrique Palomares (violins), Pilar Mar\u00edn (viola), Ivan Balaguer (violoncel), H\u00e9ctor Sapi\u00f1a (contrabaix), Alba Luna Sanz (flauta), Jos\u00e9 M\u00aa Ferrero (obo\u00e9), Emilio Ferrando (clarinet), Jos\u00e9 Enrique Sapi\u00f1a (fagot), Santiago Pla (trompa), Javier Barber\u00e1 (trompeta), Carlos Gil (tromb\u00f3), Sisco Aparici (percussi\u00f3) i Ana Mart\u00ednez.<\/p>\n\n\n\n<figure class=\"wp-block-image size-large\"><img loading=\"lazy\" decoding=\"async\" width=\"729\" height=\"1024\" src=\"http:\/\/www.tucomarca.com\/wordpress\/segunda\/wp-content\/uploads\/2023\/07\/JOGV-729x1024.jpg\" alt=\"\" class=\"wp-image-191043\" srcset=\"https:\/\/www.tucomarca.com\/wordpress\/segunda\/wp-content\/uploads\/2023\/07\/JOGV-729x1024.jpg 729w, https:\/\/www.tucomarca.com\/wordpress\/segunda\/wp-content\/uploads\/2023\/07\/JOGV-214x300.jpg 214w, https:\/\/www.tucomarca.com\/wordpress\/segunda\/wp-content\/uploads\/2023\/07\/JOGV-768x1078.jpg 768w, https:\/\/www.tucomarca.com\/wordpress\/segunda\/wp-content\/uploads\/2023\/07\/JOGV-1094x1536.jpg 1094w, https:\/\/www.tucomarca.com\/wordpress\/segunda\/wp-content\/uploads\/2023\/07\/JOGV-1459x2048.jpg 1459w, https:\/\/www.tucomarca.com\/wordpress\/segunda\/wp-content\/uploads\/2023\/07\/JOGV-scaled.jpg 1823w\" sizes=\"auto, (max-width: 729px) 100vw, 729px\" \/><\/figure>\n","protected":false},"excerpt":{"rendered":"<div class=\"mh-excerpt\">La Jove Orquestra de la Generalitat Valenciana inicia la trobada d&#8217;estiu, que conclour\u00e0 amb quatre concerts, un d&#8217;ells en el Montecarlo de Bunyol. De l&#8217;11 al 22 de juliol, una plantilla de 87 joves m\u00fasics <a class=\"mh-excerpt-more\" href=\"https:\/\/www.tucomarca.com\/wordpress\/segunda\/ca\/la-jove-orquestra-de-la-generalitat-valenciana-oferira-un-concert-en-el-teatre-montecarlo-de-bunyol\/\" title=\"La Jove Orquestra de la Generalitat Valenciana oferir\u00e0 un concert en el teatre Montecarlo de Bunyol\">[+] <\/a><\/div>\n","protected":false},"author":1,"featured_media":191044,"comment_status":"open","ping_status":"open","sticky":false,"template":"","format":"standard","meta":{"footnotes":""},"categories":[11019,10911,11005,10894,10904,10912,11007,10896],"tags":[10913,19491,10914],"class_list":{"0":"post-191046","1":"post","2":"type-post","3":"status-publish","4":"format-standard","5":"has-post-thumbnail","7":"category-agenda-ca","8":"category-bunol-ca","9":"category-canal-musica","10":"category-la-comarca-ca","11":"category-sin-categorizar-ca","12":"category-la-hoya-ca","13":"category-ocio-y-cultura-ca","14":"category-seccion-ca","15":"tag-bunol-ca","16":"tag-jogv-ca","17":"tag-la-hoya-de-bunol-chiva-ca"},"_links":{"self":[{"href":"https:\/\/www.tucomarca.com\/wordpress\/segunda\/ca\/wp-json\/wp\/v2\/posts\/191046","targetHints":{"allow":["GET"]}}],"collection":[{"href":"https:\/\/www.tucomarca.com\/wordpress\/segunda\/ca\/wp-json\/wp\/v2\/posts"}],"about":[{"href":"https:\/\/www.tucomarca.com\/wordpress\/segunda\/ca\/wp-json\/wp\/v2\/types\/post"}],"author":[{"embeddable":true,"href":"https:\/\/www.tucomarca.com\/wordpress\/segunda\/ca\/wp-json\/wp\/v2\/users\/1"}],"replies":[{"embeddable":true,"href":"https:\/\/www.tucomarca.com\/wordpress\/segunda\/ca\/wp-json\/wp\/v2\/comments?post=191046"}],"version-history":[{"count":0,"href":"https:\/\/www.tucomarca.com\/wordpress\/segunda\/ca\/wp-json\/wp\/v2\/posts\/191046\/revisions"}],"wp:featuredmedia":[{"embeddable":true,"href":"https:\/\/www.tucomarca.com\/wordpress\/segunda\/ca\/wp-json\/wp\/v2\/media\/191044"}],"wp:attachment":[{"href":"https:\/\/www.tucomarca.com\/wordpress\/segunda\/ca\/wp-json\/wp\/v2\/media?parent=191046"}],"wp:term":[{"taxonomy":"category","embeddable":true,"href":"https:\/\/www.tucomarca.com\/wordpress\/segunda\/ca\/wp-json\/wp\/v2\/categories?post=191046"},{"taxonomy":"post_tag","embeddable":true,"href":"https:\/\/www.tucomarca.com\/wordpress\/segunda\/ca\/wp-json\/wp\/v2\/tags?post=191046"}],"curies":[{"name":"wp","href":"https:\/\/api.w.org\/{rel}","templated":true}]}}