{"id":191087,"date":"2023-07-11T07:58:00","date_gmt":"2023-07-11T06:58:00","guid":{"rendered":"https:\/\/www.tucomarca.com\/wordpress\/segunda\/?p=191087"},"modified":"2023-07-11T18:57:45","modified_gmt":"2023-07-11T17:57:45","slug":"arranca-la-posada-en-funcionament-del-projecte-xest-luz-verde","status":"publish","type":"post","link":"https:\/\/www.tucomarca.com\/wordpress\/segunda\/ca\/arranca-la-posada-en-funcionament-del-projecte-xest-luz-verde\/","title":{"rendered":"Arranca la posada en funcionament del projecte Xest Luz Verde"},"content":{"rendered":"\n<p>L&#8217;Ajuntament de Xest ha publicat els plecs per a desenvolupar el projecte Xest Luz Verde, promogut des de la Regidoria de Medi Ambient en el marc de la transici\u00f3 energ\u00e8tica que marca l&#8217;Agenda 2030.&nbsp;<\/p>\n\n\n\n<p>Amb aix\u00f2, mitjan\u00e7ant l&#8217;adjudicaci\u00f3 per concurs obert, se cediran superf\u00edcies de determinades parcel\u00b7les i edificis per a la construcci\u00f3 i posada en marxa d&#8217;instal\u00b7lacions de generaci\u00f3 d&#8217;energia el\u00e8ctrica a trav\u00e9s de sistemes fotovoltaics i, de manera opcional, la d&#8217;instal\u00b7lacions de producci\u00f3 d&#8217;hidrogen verd i emmagatzematge d&#8217;energia amb bateries que aprofiten part de l&#8217;energia produ\u00efda en les instal\u00b7lacions fotovoltaiques. Aix\u00ed mateix, el contracte inclou entre les actuacions la construcci\u00f3 de noves infraestructures de rec\u00e0rrega de vehicles el\u00e8ctrics.<\/p>\n\n\n\n<p>La contractaci\u00f3 suposa, a m\u00e9s de la construcci\u00f3 i posada en marxa d&#8217;aquestes instal\u00b7lacions, la gesti\u00f3 de l&#8217;energia que es genere, el manteniment de les instal\u00b7lacions i la garantia de seguretat i salubritat dels espais cedits.<\/p>\n\n\n\n<p>La duraci\u00f3 del contracte ser\u00e0 de 40 anys d&#8217;explotaci\u00f3 i, despr\u00e9s de la signatura, l&#8217;entitat adjudicat\u00e0ria disposar\u00e0 d&#8217;un per\u00edode m\u00e0xim de 9 mesos per a iniciar els expedients del projecte i d&#8217;altres 9 mesos per a iniciar les obres, una vegada els expedients obtinguen la resoluci\u00f3 administrativa positiva. Els plecs de condicions es poden consultar en l&#8217;apartat Perfil del contractant de la Seu electr\u00f2nica municipal.<\/p>\n\n\n\n<p><strong>Sobre Xest Luz Verde<br><\/strong>El Projecte Xest Luz Verde t\u00e9 com a principal objectiu que la producci\u00f3 d&#8217;energia renovable revertisca directament en la poblaci\u00f3, establint un nou model energ\u00e8tic amb preus m\u00ednims del mercat majorista per a la ciutadania, empreses i PIMES del municipi.<\/p>\n\n\n\n<p>A trav\u00e9s de la licitaci\u00f3 del projecte, l&#8217;Ajuntament de Xest pret\u00e9n complir els Objectius de Desenvolupament Sostenible de l&#8217;Agenda 2030, incrementar el grau d&#8217;autoprove\u00efment d&#8217;energia del municipi, i que aquesta siga d&#8217;origen renovable; abaratir els costos d&#8217;energia que suporten les fam\u00edlies, comer\u00e7os i empreses de Xest; fomentar l&#8217;ocupaci\u00f3 i el desenvolupament local; incrementar la consci\u00e8ncia ambiental i els coneixements particulars de la poblaci\u00f3 de Xest respecte de la problem\u00e0tica concreta del prove\u00efment i gesti\u00f3 de l&#8217;energia; i millorar i fomentar la mobilitat energ\u00e8tica.<\/p>\n\n\n\n<p>\u201cXest Luz Verde \u00e9s un projecte innovador, que trenca amb el quotidi\u00e0, un projecte que aposta per la col\u00b7laboraci\u00f3 p\u00fablic-privada, fomentant l&#8217;autoconsum general, creant una borsa energ\u00e8tica per als ve\u00efns i ve\u00efnes, empreses i PIMES i fent un tomb a la soluci\u00f3 de l&#8217;impacte de les renovables als pobles i el seu entorn\u201d, ha declarat el regidor de Medi Ambient, David Pujals. \u201cA m\u00e9s, pret\u00e9n potenciar la mobilitat el\u00e8ctrica amb carregadors en la poblaci\u00f3 i els seus pol\u00edgons industrials, aix\u00ed com millorar el creixement empresarial, entre molts altres aspectes, com s\u00f3n la creaci\u00f3 de nous espais d&#8217;ombra, sostres esportius, recollida d&#8217;aigua de pluvials, etc\u00e8tera. En definitiva, \u00e9s un projecte que recull 12 punts dels 17 de l&#8217;Agenda 2030\u201d.<\/p>\n\n\n\n<p><\/p>\n","protected":false},"excerpt":{"rendered":"<div class=\"mh-excerpt\">L&#8217;Ajuntament de Xest ha publicat els plecs per a desenvolupar el projecte Xest Luz Verde, promogut des de la Regidoria de Medi Ambient en el marc de la transici\u00f3 energ\u00e8tica que marca l&#8217;Agenda 2030.&nbsp; Amb <a class=\"mh-excerpt-more\" href=\"https:\/\/www.tucomarca.com\/wordpress\/segunda\/ca\/arranca-la-posada-en-funcionament-del-projecte-xest-luz-verde\/\" title=\"Arranca la posada en funcionament del projecte Xest Luz Verde\">[+] <\/a><\/div>\n","protected":false},"author":12,"featured_media":113236,"comment_status":"open","ping_status":"open","sticky":false,"template":"","format":"standard","meta":{"footnotes":""},"categories":[10948,10894,10912,10903,10947,10896,10974],"tags":[10913,15575,10914],"class_list":{"0":"post-191087","1":"post","2":"type-post","3":"status-publish","4":"format-standard","5":"has-post-thumbnail","7":"category-infraestructuras-ca","8":"category-la-comarca-ca","9":"category-la-hoya-ca","10":"category-medio-ambiente-la-comarca-ca","11":"category-politica","12":"category-seccion-ca","13":"category-cheste-ca","14":"tag-bunol-ca","15":"tag-cheste-luz-verde-ca","16":"tag-la-hoya-de-bunol-chiva-ca"},"_links":{"self":[{"href":"https:\/\/www.tucomarca.com\/wordpress\/segunda\/ca\/wp-json\/wp\/v2\/posts\/191087","targetHints":{"allow":["GET"]}}],"collection":[{"href":"https:\/\/www.tucomarca.com\/wordpress\/segunda\/ca\/wp-json\/wp\/v2\/posts"}],"about":[{"href":"https:\/\/www.tucomarca.com\/wordpress\/segunda\/ca\/wp-json\/wp\/v2\/types\/post"}],"author":[{"embeddable":true,"href":"https:\/\/www.tucomarca.com\/wordpress\/segunda\/ca\/wp-json\/wp\/v2\/users\/12"}],"replies":[{"embeddable":true,"href":"https:\/\/www.tucomarca.com\/wordpress\/segunda\/ca\/wp-json\/wp\/v2\/comments?post=191087"}],"version-history":[{"count":0,"href":"https:\/\/www.tucomarca.com\/wordpress\/segunda\/ca\/wp-json\/wp\/v2\/posts\/191087\/revisions"}],"wp:featuredmedia":[{"embeddable":true,"href":"https:\/\/www.tucomarca.com\/wordpress\/segunda\/ca\/wp-json\/wp\/v2\/media\/113236"}],"wp:attachment":[{"href":"https:\/\/www.tucomarca.com\/wordpress\/segunda\/ca\/wp-json\/wp\/v2\/media?parent=191087"}],"wp:term":[{"taxonomy":"category","embeddable":true,"href":"https:\/\/www.tucomarca.com\/wordpress\/segunda\/ca\/wp-json\/wp\/v2\/categories?post=191087"},{"taxonomy":"post_tag","embeddable":true,"href":"https:\/\/www.tucomarca.com\/wordpress\/segunda\/ca\/wp-json\/wp\/v2\/tags?post=191087"}],"curies":[{"name":"wp","href":"https:\/\/api.w.org\/{rel}","templated":true}]}}