{"id":191483,"date":"2023-07-16T09:00:00","date_gmt":"2023-07-16T08:00:00","guid":{"rendered":"https:\/\/www.tucomarca.com\/wordpress\/segunda\/?p=191483"},"modified":"2023-07-16T09:45:45","modified_gmt":"2023-07-16T08:45:45","slug":"la-guardia-civil-dete-a-la-pobla-llarga-a-dos-homes-gracies-a-la-collaboracio-ciutadana","status":"publish","type":"post","link":"https:\/\/www.tucomarca.com\/wordpress\/segunda\/ca\/la-guardia-civil-dete-a-la-pobla-llarga-a-dos-homes-gracies-a-la-collaboracio-ciutadana\/","title":{"rendered":"La Gu\u00e0rdia Civil det\u00e9 a La Pobla Llarga a dos homes gr\u00e0cies a la col\u00b7laboraci\u00f3 ciutadana\u00a0"},"content":{"rendered":"\n<h3 class=\"wp-block-heading\"><strong>A l&#8217;interior del vehicle es van trobar dues armes de foc curtes, en estat de funcionament i una d&#8217;elles municionada<\/strong>.<\/h3>\n\n\n\n<h3 class=\"wp-block-heading\"><strong>Tamb\u00e9 es va trobar a l&#8217;interior documentaci\u00f3 operativa sobre un domicili<\/strong>.<\/h3>\n\n\n\n<p>La Gu\u00e0rdia Civil de Val\u00e8ncia, gr\u00e0cies a la col\u00b7laboraci\u00f3 ciutadana, ha detingut a dos homes per un delicte de falsificaci\u00f3 de document p\u00fablic i tinen\u00e7a il\u00b7l\u00edcita d&#8217;armes.<br>Els agents van ser requerits per a realitzar una inspecci\u00f3 t\u00e8cnic-ocular en el pol\u00edgon La Closa de la localitat de la Pobla Llarga on es va localitzar un vehicle que s&#8217;havia saltat un control realitzat per agents de l&#8217;Agrupaci\u00f3 de Tr\u00e0nsit del destacament d&#8217;Alzira.<br>En el vehicle no es va trobar a ning\u00fa si b\u00e9 estava obert i en un primer examen superficial es van trobar dues armes de foc curtes, en estat de funcionament i una d&#8217;elles municionada. A m\u00e9s, es va poder constatar que el vehicle portava plaques de matr\u00edcula que no es corresponien.\u00a0<br>Tamb\u00e9 es va trobar a l&#8217;interior documentaci\u00f3 operativa sobre un domicili, aix\u00ed com dues m\u00e0scares de tela i dues carteres amb el logotip de la Gu\u00e0rdia Civil.<br>Gr\u00e0cies a la col\u00b7laboraci\u00f3 ciutadana d&#8217;un testimoni dels fets es va poder localitzar a les 2 persones que viatjaven a l&#8217;interior del vehicle i que s&#8217;amagaven en una empresa a causa de l&#8217;operatiu muntat pels agents.<br>Finalment, es va procedir a la detenci\u00f3 de dos homes de 25 i 26 anys i de nacionalitat espanyola per un delicte de falsificaci\u00f3 de document p\u00fablic, tinen\u00e7a il\u00b7l\u00edcita d&#8217;armes i cinc den\u00fancies per diferents infraccions a la Llei de Seguretat Vi\u00e0ria.<\/p>\n\n\n\n<p>La investigaci\u00f3 ha sigut duta a terme per agents de Policia Judicial de Sueca.<br>Les dilig\u00e8ncies han sigut entregades en el Jutjat de Primera Inst\u00e0ncia i Instrucci\u00f3 N\u00famero 4 d&#8217;Alzira.\u00a0<br>La Gu\u00e0rdia Civil a Val\u00e8ncia agraeix la col\u00b7laboraci\u00f3 de la ciutadania a l&#8217;hora de facilitar informaci\u00f3, circumst\u00e0ncia, que ha contribu\u00eft al fet que la investigaci\u00f3 haja donat els seus fruits. Les dades aportades pels ciutadans s\u00f3n tractats sempre de manera confidencial.<\/p>\n\n\n\n<figure class=\"wp-block-image size-large\"><img loading=\"lazy\" decoding=\"async\" width=\"1024\" height=\"768\" src=\"http:\/\/www.tucomarca.com\/wordpress\/segunda\/wp-content\/uploads\/2023\/07\/PoblaLlarga2GC-1024x768.jpg\" alt=\"\" class=\"wp-image-191478\" srcset=\"https:\/\/www.tucomarca.com\/wordpress\/segunda\/wp-content\/uploads\/2023\/07\/PoblaLlarga2GC-1024x768.jpg 1024w, https:\/\/www.tucomarca.com\/wordpress\/segunda\/wp-content\/uploads\/2023\/07\/PoblaLlarga2GC-300x225.jpg 300w, https:\/\/www.tucomarca.com\/wordpress\/segunda\/wp-content\/uploads\/2023\/07\/PoblaLlarga2GC-768x576.jpg 768w, https:\/\/www.tucomarca.com\/wordpress\/segunda\/wp-content\/uploads\/2023\/07\/PoblaLlarga2GC-1536x1153.jpg 1536w, https:\/\/www.tucomarca.com\/wordpress\/segunda\/wp-content\/uploads\/2023\/07\/PoblaLlarga2GC-678x509.jpg 678w, https:\/\/www.tucomarca.com\/wordpress\/segunda\/wp-content\/uploads\/2023\/07\/PoblaLlarga2GC-326x245.jpg 326w, https:\/\/www.tucomarca.com\/wordpress\/segunda\/wp-content\/uploads\/2023\/07\/PoblaLlarga2GC-80x60.jpg 80w, https:\/\/www.tucomarca.com\/wordpress\/segunda\/wp-content\/uploads\/2023\/07\/PoblaLlarga2GC.jpg 2047w\" sizes=\"auto, (max-width: 1024px) 100vw, 1024px\" \/><\/figure>\n","protected":false},"excerpt":{"rendered":"<div class=\"mh-excerpt\">A l&#8217;interior del vehicle es van trobar dues armes de foc curtes, en estat de funcionament i una d&#8217;elles municionada. Tamb\u00e9 es va trobar a l&#8217;interior documentaci\u00f3 operativa sobre un domicili. La Gu\u00e0rdia Civil de <a class=\"mh-excerpt-more\" href=\"https:\/\/www.tucomarca.com\/wordpress\/segunda\/ca\/la-guardia-civil-dete-a-la-pobla-llarga-a-dos-homes-gracies-a-la-collaboracio-ciutadana\/\" title=\"La Gu\u00e0rdia Civil det\u00e9 a La Pobla Llarga a dos homes gr\u00e0cies a la col\u00b7laboraci\u00f3 ciutadana\u00a0\">[+] <\/a><\/div>\n","protected":false},"author":1,"featured_media":191481,"comment_status":"open","ping_status":"open","sticky":false,"template":"","format":"gallery","meta":{"footnotes":""},"categories":[10898,10948,10894,10904,10942,10902,10896,10897],"tags":[12920,11118,10945,11077],"class_list":{"0":"post-191483","1":"post","2":"type-post","3":"status-publish","4":"format-gallery","5":"has-post-thumbnail","7":"category-ventana-ca","8":"category-infraestructuras-ca","9":"category-la-comarca-ca","10":"category-sin-categorizar-ca","11":"category-la-pobla-llarga-ca","12":"category-la-ribera-ca","13":"category-seccion-ca","14":"category-sucesos-la-comarca-ca","15":"tag-detenidos-ca","16":"tag-guardia-civil-ca","17":"tag-la-pobla-llarga-ca","18":"tag-la-ribera-alta-ca","19":"post_format-post-format-gallery"},"_links":{"self":[{"href":"https:\/\/www.tucomarca.com\/wordpress\/segunda\/ca\/wp-json\/wp\/v2\/posts\/191483","targetHints":{"allow":["GET"]}}],"collection":[{"href":"https:\/\/www.tucomarca.com\/wordpress\/segunda\/ca\/wp-json\/wp\/v2\/posts"}],"about":[{"href":"https:\/\/www.tucomarca.com\/wordpress\/segunda\/ca\/wp-json\/wp\/v2\/types\/post"}],"author":[{"embeddable":true,"href":"https:\/\/www.tucomarca.com\/wordpress\/segunda\/ca\/wp-json\/wp\/v2\/users\/1"}],"replies":[{"embeddable":true,"href":"https:\/\/www.tucomarca.com\/wordpress\/segunda\/ca\/wp-json\/wp\/v2\/comments?post=191483"}],"version-history":[{"count":0,"href":"https:\/\/www.tucomarca.com\/wordpress\/segunda\/ca\/wp-json\/wp\/v2\/posts\/191483\/revisions"}],"wp:featuredmedia":[{"embeddable":true,"href":"https:\/\/www.tucomarca.com\/wordpress\/segunda\/ca\/wp-json\/wp\/v2\/media\/191481"}],"wp:attachment":[{"href":"https:\/\/www.tucomarca.com\/wordpress\/segunda\/ca\/wp-json\/wp\/v2\/media?parent=191483"}],"wp:term":[{"taxonomy":"category","embeddable":true,"href":"https:\/\/www.tucomarca.com\/wordpress\/segunda\/ca\/wp-json\/wp\/v2\/categories?post=191483"},{"taxonomy":"post_tag","embeddable":true,"href":"https:\/\/www.tucomarca.com\/wordpress\/segunda\/ca\/wp-json\/wp\/v2\/tags?post=191483"}],"curies":[{"name":"wp","href":"https:\/\/api.w.org\/{rel}","templated":true}]}}