{"id":191864,"date":"2023-07-18T11:30:00","date_gmt":"2023-07-18T10:30:00","guid":{"rendered":"https:\/\/www.tucomarca.com\/wordpress\/segunda\/?p=191864"},"modified":"2023-07-19T01:52:24","modified_gmt":"2023-07-19T00:52:24","slug":"la-mancomunitat-camp-de-turia-celebra-una-jornada-de-captacio-i-gestio-de-fons-europeus","status":"publish","type":"post","link":"https:\/\/www.tucomarca.com\/wordpress\/segunda\/ca\/la-mancomunitat-camp-de-turia-celebra-una-jornada-de-captacio-i-gestio-de-fons-europeus\/","title":{"rendered":"La Mancomunitat Camp de T\u00faria celebra una Jornada de captaci\u00f3 i gesti\u00f3 de Fons Europeus"},"content":{"rendered":"\n<p>La Mancomunitat Camp de T\u00faria ha reunit el personal t\u00e8cnic de gesti\u00f3 de fons europeus dels municipis de la comarca i de l&#8217;ens supramunicipal en un taller de formaci\u00f3 i mentorizaci\u00f3n en captaci\u00f3 i gesti\u00f3 de fons de la Uni\u00f3 Europea, que s&#8217;ha realitzat en l&#8217;IES Laurona de Ll\u00edria. Una sessi\u00f3 a la qual tamb\u00e9 han sigut convocats alcaldes i alcaldesses de la comarca.<\/p>\n\n\n\n<p>De la m\u00e0 de Jos\u00e9 Lu\u00eds Mu\u00f1oz, professional amb ampli i reconeguda experi\u00e8ncia en la gesti\u00f3 de Fons Europeus, han pogut con\u00e8ixer les principals \u00e0rees i programes de finan\u00e7ament europees d&#8217;inter\u00e8s per al territori, aix\u00ed com el paper de l&#8217;Oficina de Projectes Europeus HUB-EU de la Mancomunitat Camp de T\u00faria com a centre de co-creaci\u00f3 comarcal que ajude a impulsar projectes estrat\u00e8gics.<\/p>\n\n\n\n<p>La presidenta en funcions de l&#8217;ens supramunicipal i alcaldessa de Marines, Lola Celda, ha donat la benvinguda a la jornada i ha destacat la import\u00e0ncia d&#8217;aquesta mena de formaci\u00f3 per a con\u00e8ixer totes les eines que tenim a l&#8217;abast i per a poder ajudar-nos i treballar en projectes que beneficien a la comarca en el seu conjunt.<\/p>\n\n\n\n<p>De la mateixa manera, l&#8217;alcalde de G\u00e0tova, Jes\u00fas Salmer\u00f3n, ha subratllat la import\u00e0ncia de la captaci\u00f3 de fons europeus per a municipis com G\u00e0tova que, en perill de despoblaci\u00f3 i dins de l&#8217;Agenda Valenciana antidespoblament (Agenda AVANT), pot millorar els seus serveis b\u00e0sics i potenciar el seu creixement a trav\u00e9s de projectes europeus.<\/p>\n\n\n\n<p>La jornada ha comptat tamb\u00e9 amb Juan Manuel Revuelta, director general de la Fundaci\u00f3 Finnova, que els ha mostrat la import\u00e0ncia de la cerca i identificaci\u00f3 de \u201c<em>partners<\/em>\u201d i les claus per a formar propostes de projectes adequades i viables que tinguen un car\u00e0cter transformador per a Camp de T\u00faria.<\/p>\n\n\n\n<p>Durant el taller s&#8217;ha realitzat una sessi\u00f3 de grup en la qual han treballat en la detecci\u00f3 dels reptes i oportunitats que presenta el territori, aix\u00ed com propostes que puguen dur-se a terme. El personal assistent ha finalitzat la jornada amb una sessi\u00f3 de <em>networking<\/em> i sessions de mentorizaci\u00f3n individual per a iniciatives concretes dels participants.<\/p>\n\n\n\n<p>Despr\u00e9s d&#8217;aquesta jornada, es realitzaran diverses sessions de seguiment a l&#8217;equip de la Mancomunitat i al personal t\u00e8cnic de la comarca amb l&#8217;objectiu de resoldre els reptes i oportunitats que s&#8217;han detectat gr\u00e0cies a aquesta sessi\u00f3.<\/p>\n","protected":false},"excerpt":{"rendered":"<div class=\"mh-excerpt\">La Mancomunitat Camp de T\u00faria ha reunit el personal t\u00e8cnic de gesti\u00f3 de fons europeus dels municipis de la comarca i de l&#8217;ens supramunicipal en un taller de formaci\u00f3 i mentorizaci\u00f3n en captaci\u00f3 i gesti\u00f3 <a class=\"mh-excerpt-more\" href=\"https:\/\/www.tucomarca.com\/wordpress\/segunda\/ca\/la-mancomunitat-camp-de-turia-celebra-una-jornada-de-captacio-i-gestio-de-fons-europeus\/\" title=\"La Mancomunitat Camp de T\u00faria celebra una Jornada de captaci\u00f3 i gesti\u00f3 de Fons Europeus\">[+] <\/a><\/div>\n","protected":false},"author":13,"featured_media":191862,"comment_status":"open","ping_status":"open","sticky":false,"template":"","format":"standard","meta":{"footnotes":""},"categories":[10952,10938,10937,10892,10930,10929,10948,10894,10915,10928,10931,10893,10932,10936,10935,10947,10906,10934,10896,10933,10927],"tags":[11431,16173,11147,11429,11090],"class_list":{"0":"post-191864","1":"post","2":"type-post","3":"status-publish","4":"format-standard","5":"has-post-thumbnail","7":"category-benaguasil-ca","8":"category-benisano-ca","9":"category-betera-ca","10":"category-camp-de-turia-ca","11":"category-casinos-ca","12":"category-gatova-ca","13":"category-infraestructuras-ca","14":"category-la-comarca-ca","15":"category-la-pobla-ca","16":"category-lliria-ca","17":"category-loriguilla-ca","18":"category-leliana-ca","19":"category-marines-ca","20":"category-naquera-ca","21":"category-olocau-ca","22":"category-politica","23":"category-riba-roja-ca","24":"category-san-antonio-de-benageber-ca","25":"category-seccion-ca","26":"category-serra-ca","27":"category-vilamarxant-ca","28":"tag-loriguilla-ca","29":"tag-marines-ca","30":"tag-san-antoni-de-benageber","31":"tag-serra-ca","32":"tag-vilamarxant-ca"},"_links":{"self":[{"href":"https:\/\/www.tucomarca.com\/wordpress\/segunda\/ca\/wp-json\/wp\/v2\/posts\/191864","targetHints":{"allow":["GET"]}}],"collection":[{"href":"https:\/\/www.tucomarca.com\/wordpress\/segunda\/ca\/wp-json\/wp\/v2\/posts"}],"about":[{"href":"https:\/\/www.tucomarca.com\/wordpress\/segunda\/ca\/wp-json\/wp\/v2\/types\/post"}],"author":[{"embeddable":true,"href":"https:\/\/www.tucomarca.com\/wordpress\/segunda\/ca\/wp-json\/wp\/v2\/users\/13"}],"replies":[{"embeddable":true,"href":"https:\/\/www.tucomarca.com\/wordpress\/segunda\/ca\/wp-json\/wp\/v2\/comments?post=191864"}],"version-history":[{"count":0,"href":"https:\/\/www.tucomarca.com\/wordpress\/segunda\/ca\/wp-json\/wp\/v2\/posts\/191864\/revisions"}],"wp:featuredmedia":[{"embeddable":true,"href":"https:\/\/www.tucomarca.com\/wordpress\/segunda\/ca\/wp-json\/wp\/v2\/media\/191862"}],"wp:attachment":[{"href":"https:\/\/www.tucomarca.com\/wordpress\/segunda\/ca\/wp-json\/wp\/v2\/media?parent=191864"}],"wp:term":[{"taxonomy":"category","embeddable":true,"href":"https:\/\/www.tucomarca.com\/wordpress\/segunda\/ca\/wp-json\/wp\/v2\/categories?post=191864"},{"taxonomy":"post_tag","embeddable":true,"href":"https:\/\/www.tucomarca.com\/wordpress\/segunda\/ca\/wp-json\/wp\/v2\/tags?post=191864"}],"curies":[{"name":"wp","href":"https:\/\/api.w.org\/{rel}","templated":true}]}}