{"id":191931,"date":"2023-07-19T10:10:00","date_gmt":"2023-07-19T09:10:00","guid":{"rendered":"https:\/\/www.tucomarca.com\/wordpress\/segunda\/?p=191931"},"modified":"2023-07-19T13:28:58","modified_gmt":"2023-07-19T12:28:58","slug":"un-bomber-i-un-brigadista-son-evacuats-durgencia-a-lhospital-per-un-colp-de-calor-mentre-treballaven-en-un-incendi-a-la-pobla-llarga","status":"publish","type":"post","link":"https:\/\/www.tucomarca.com\/wordpress\/segunda\/ca\/un-bomber-i-un-brigadista-son-evacuats-durgencia-a-lhospital-per-un-colp-de-calor-mentre-treballaven-en-un-incendi-a-la-pobla-llarga\/","title":{"rendered":"Un bomber i un brigadista s\u00f3n evacuats d&#8217;urg\u00e8ncia a l&#8217;hospital per un colp de calor mentre treballaven en un incendi a La Pobla Llarga"},"content":{"rendered":"\n<p>Un bomber i un brigadista forestal que estaven col\u00b7laborant en l&#8217;extinci\u00f3 d&#8217;un incendi ocorregut prop del Barranc de Barxeta, en el municipi de La Pobla Llarga, van haver de ser evacuats a l&#8217;Hospital Llu\u00eds Alcanys de X\u00e0tiva al voltant del migdia d&#8217;ahir. Tots dos van patir colps de calor i van ser evacuats en ambul\u00e0ncia per a rebre atenci\u00f3 m\u00e8dica.<\/p>\n\n\n\n<p>L&#8217;incendi ja s&#8217;ha donat per extingit i tant el brigadista forestal del Consorci Provincial de Bombers com el bomber forestal de GVA evolucionen favorablement.<\/p>\n","protected":false},"excerpt":{"rendered":"<div class=\"mh-excerpt\">Un bomber i un brigadista forestal que estaven col\u00b7laborant en l&#8217;extinci\u00f3 d&#8217;un incendi ocorregut prop del Barranc de Barxeta, en el municipi de La Pobla Llarga, van haver de ser evacuats a l&#8217;Hospital Llu\u00eds Alcanys <a class=\"mh-excerpt-more\" href=\"https:\/\/www.tucomarca.com\/wordpress\/segunda\/ca\/un-bomber-i-un-brigadista-son-evacuats-durgencia-a-lhospital-per-un-colp-de-calor-mentre-treballaven-en-un-incendi-a-la-pobla-llarga\/\" title=\"Un bomber i un brigadista s\u00f3n evacuats d&#8217;urg\u00e8ncia a l&#8217;hospital per un colp de calor mentre treballaven en un incendi a La Pobla Llarga\">[+] <\/a><\/div>\n","protected":false},"author":1,"featured_media":139102,"comment_status":"open","ping_status":"open","sticky":false,"template":"","format":"standard","meta":{"footnotes":""},"categories":[10898,10948,10894,10942,10902,10903,10896,10897],"tags":[10945,11077,10901],"class_list":{"0":"post-191931","1":"post","2":"type-post","3":"status-publish","4":"format-standard","5":"has-post-thumbnail","7":"category-ventana-ca","8":"category-infraestructuras-ca","9":"category-la-comarca-ca","10":"category-la-pobla-llarga-ca","11":"category-la-ribera-ca","12":"category-medio-ambiente-la-comarca-ca","13":"category-seccion-ca","14":"category-sucesos-la-comarca-ca","15":"tag-la-pobla-llarga-ca","16":"tag-la-ribera-alta-ca","17":"tag-sucesos-ca"},"_links":{"self":[{"href":"https:\/\/www.tucomarca.com\/wordpress\/segunda\/ca\/wp-json\/wp\/v2\/posts\/191931","targetHints":{"allow":["GET"]}}],"collection":[{"href":"https:\/\/www.tucomarca.com\/wordpress\/segunda\/ca\/wp-json\/wp\/v2\/posts"}],"about":[{"href":"https:\/\/www.tucomarca.com\/wordpress\/segunda\/ca\/wp-json\/wp\/v2\/types\/post"}],"author":[{"embeddable":true,"href":"https:\/\/www.tucomarca.com\/wordpress\/segunda\/ca\/wp-json\/wp\/v2\/users\/1"}],"replies":[{"embeddable":true,"href":"https:\/\/www.tucomarca.com\/wordpress\/segunda\/ca\/wp-json\/wp\/v2\/comments?post=191931"}],"version-history":[{"count":0,"href":"https:\/\/www.tucomarca.com\/wordpress\/segunda\/ca\/wp-json\/wp\/v2\/posts\/191931\/revisions"}],"wp:featuredmedia":[{"embeddable":true,"href":"https:\/\/www.tucomarca.com\/wordpress\/segunda\/ca\/wp-json\/wp\/v2\/media\/139102"}],"wp:attachment":[{"href":"https:\/\/www.tucomarca.com\/wordpress\/segunda\/ca\/wp-json\/wp\/v2\/media?parent=191931"}],"wp:term":[{"taxonomy":"category","embeddable":true,"href":"https:\/\/www.tucomarca.com\/wordpress\/segunda\/ca\/wp-json\/wp\/v2\/categories?post=191931"},{"taxonomy":"post_tag","embeddable":true,"href":"https:\/\/www.tucomarca.com\/wordpress\/segunda\/ca\/wp-json\/wp\/v2\/tags?post=191931"}],"curies":[{"name":"wp","href":"https:\/\/api.w.org\/{rel}","templated":true}]}}