{"id":191953,"date":"2023-07-19T11:00:00","date_gmt":"2023-07-19T10:00:00","guid":{"rendered":"https:\/\/www.tucomarca.com\/wordpress\/segunda\/?p=191953"},"modified":"2023-07-19T13:52:10","modified_gmt":"2023-07-19T12:52:10","slug":"riba-roja-de-turia-condiciona-tres-locals-electorals-per-a-evitar-les-altes-temperatures-previstes-durant-diumenge-que-ve","status":"publish","type":"post","link":"https:\/\/www.tucomarca.com\/wordpress\/segunda\/ca\/riba-roja-de-turia-condiciona-tres-locals-electorals-per-a-evitar-les-altes-temperatures-previstes-durant-diumenge-que-ve\/","title":{"rendered":"Riba-roja de T\u00faria condiciona tres locals electorals per a evitar les altes temperatures previstes durant diumenge que ve"},"content":{"rendered":"\n<p><strong>L&#8217;ajuntament trasllada la zona de votaci\u00f3 a espais dotats amb aires condicionats que permeten mantindre una temperatura interior agradable<\/strong><\/p>\n\n\n\n<p>L&#8217;Ajuntament de Riba-roja de T\u00faria ha procedit durant les \u00faltimes setmanes a condicionar alguns dels col\u00b7legis electorals que s&#8217;utilitzaran diumenge que ve en previsi\u00f3 de les altes temperatures previstes. El govern local ha traslladat les \u00e0rees de votaci\u00f3 a altres espais en els quals es puguen mantindre temperatures m\u00e9s agradables durant la jornada electoral.&nbsp;<\/p>\n\n\n\n<p>L&#8217;Ajuntament de Riba-roja de T\u00faria ha posat en marxa un pla per a condicionar tres dels col\u00b7legis on estan previstos celebrar les eleccions generals del pr\u00f2xim diumenge de manera que en el seu interior no s&#8217;aconseguisquen temperatures elevades i, per tant, es puga mantindre un ambient agradable. En total, es tracta de l&#8217;Ag\u00e8ncia de Desenvolupament Local (ADL), el col\u00b7legi d&#8217;infantil i prim\u00e0ria (CEIP) Eres Altes i de l&#8217;Institut d&#8217;Educaci\u00f3 Secund\u00e0ria (IES) del Pla de Nadal.&nbsp;<\/p>\n\n\n\n<p>En el cas del col\u00b7legi Eres Altes s&#8217;ha procedit a traslladar les quatre meses electorals disposades actualment en el menjador del centre educatiu a dues aules existents en les pr\u00f2pies instal\u00b7lacions que estan dotades d&#8217;aire condicionat. D&#8217;aquesta manera, s&#8217;evitaran les altes temperatures que es registren durant el per\u00edode estival per altres espais millor condicionats per als electors.&nbsp;<\/p>\n\n\n\n<p>L&#8217;Ag\u00e8ncia de Desenvolupament Local (ADL) de Riba-roja de T\u00faria ha sigut condicionada, tamb\u00e9, per a preparar-la de cara a la cita electoral del pr\u00f2xim diumenge. La planta baixa on t\u00e9 lloc, habitualment, la votaci\u00f3 per part dels ciutadans s&#8217;ha substitu\u00eft per la sala d&#8217;actes situada en el primer pis de l&#8217;immoble en el qual est\u00e0 dotat d&#8217;un sistema d&#8217;aire condicionat i a l&#8217;\u00e0rea del qual es podr\u00e0 accedir a trav\u00e9s d&#8217;un ascensor existent.<\/p>\n\n\n\n<p>Finalment, l&#8217;IES del Pla de Nadal de Riba-roja de T\u00faria s&#8217;ha millorat per a adaptar-ho a la jornada electoral del pr\u00f2xim diumenge, el pavell\u00f3 esportiu del qual on s&#8217;exerceix el dret al vot de manera habitual s&#8217;ha suprimit i, en el seu lloc, s&#8217;ha disposat l&#8217;\u00e0rea de la cafeteria existent a l&#8217;interior del centre i que permetr\u00e0 dur a terme una jornada electoral sense cap contratemps quant als registres de temperatures. A m\u00e9s, el consistori ha dotat a l&#8217;\u00e0rea de votaci\u00f3 amb tres m\u00e0quines d&#8217;aire condicionat per a fer m\u00e9s suportable la jornada a l&#8217;interior de l&#8217;institut.&nbsp;<\/p>\n\n\n\n<p>L&#8217;alcalde de Riba-roja de T\u00faria, Robert Raga, ha subratllat \u201cla bona faena que s&#8217;ha dut a terme durant les \u00faltimes setmanes per part dels empleats municipals en coordinaci\u00f3 amb els equips directius dels centres educatius per condicionar els col\u00b7legis electorals davant les elevades temperatures que estan previstes registrar diumenge que ve i, d&#8217;aquesta manera, es podr\u00e0 fer m\u00e9s suportable la jornada\u201d.&nbsp;<\/p>\n\n\n\n<p>Cal recordar que el cens electoral de Riba-roja de T\u00faria est\u00e0 distribu\u00eft en un total de 9 col\u00b7legis electorals distribu\u00efts en el nucli urb\u00e0 i les \u00e0rees residencials i est\u00e0 conformat per un total de 27 meses electorals. Els col\u00b7legis on es podr\u00e0 exercir el dret al vot s\u00f3n el Auditori Municipal, el Centre Social, el Mercat Municipal, l&#8217;Ag\u00e8ncia de Desenvolupament Local (ADL), l&#8217;IES Pla de Nadal, el CEIP Eres Altes, el Centre Social de la Reva, un centre p\u00fablic de la urbanitzaci\u00f3 Masia de Traver i, finalment, el col\u00b7legi Entrenaranjos.<\/p>\n\n\n\n<figure class=\"wp-block-gallery has-nested-images columns-default is-cropped wp-block-gallery-1 is-layout-flex wp-block-gallery-is-layout-flex\">\n<figure class=\"wp-block-image size-large\"><img loading=\"lazy\" decoding=\"async\" width=\"960\" height=\"540\" data-id=\"191947\" src=\"https:\/\/www.tucomarca.com\/wordpress\/segunda\/wp-content\/uploads\/2023\/07\/foto5.jpg\" alt=\"\" class=\"wp-image-191947\" srcset=\"https:\/\/www.tucomarca.com\/wordpress\/segunda\/wp-content\/uploads\/2023\/07\/foto5.jpg 960w, https:\/\/www.tucomarca.com\/wordpress\/segunda\/wp-content\/uploads\/2023\/07\/foto5-300x169.jpg 300w, https:\/\/www.tucomarca.com\/wordpress\/segunda\/wp-content\/uploads\/2023\/07\/foto5-768x432.jpg 768w, https:\/\/www.tucomarca.com\/wordpress\/segunda\/wp-content\/uploads\/2023\/07\/foto5-678x381.jpg 678w\" sizes=\"auto, (max-width: 960px) 100vw, 960px\" \/><\/figure>\n\n\n\n<figure class=\"wp-block-image size-large\"><img loading=\"lazy\" decoding=\"async\" width=\"1024\" height=\"576\" data-id=\"191948\" src=\"https:\/\/www.tucomarca.com\/wordpress\/segunda\/wp-content\/uploads\/2023\/07\/foto8-1024x576.jpg\" alt=\"\" class=\"wp-image-191948\" srcset=\"https:\/\/www.tucomarca.com\/wordpress\/segunda\/wp-content\/uploads\/2023\/07\/foto8-1024x576.jpg 1024w, https:\/\/www.tucomarca.com\/wordpress\/segunda\/wp-content\/uploads\/2023\/07\/foto8-300x169.jpg 300w, https:\/\/www.tucomarca.com\/wordpress\/segunda\/wp-content\/uploads\/2023\/07\/foto8-768x432.jpg 768w, https:\/\/www.tucomarca.com\/wordpress\/segunda\/wp-content\/uploads\/2023\/07\/foto8-1536x864.jpg 1536w, https:\/\/www.tucomarca.com\/wordpress\/segunda\/wp-content\/uploads\/2023\/07\/foto8-678x381.jpg 678w, https:\/\/www.tucomarca.com\/wordpress\/segunda\/wp-content\/uploads\/2023\/07\/foto8.jpg 2048w\" sizes=\"auto, (max-width: 1024px) 100vw, 1024px\" \/><\/figure>\n<\/figure>\n","protected":false},"excerpt":{"rendered":"<div class=\"mh-excerpt\">L&#8217;ajuntament trasllada la zona de votaci\u00f3 a espais dotats amb aires condicionats que permeten mantindre una temperatura interior agradable L&#8217;Ajuntament de Riba-roja de T\u00faria ha procedit durant les \u00faltimes setmanes a condicionar alguns dels col\u00b7legis <a class=\"mh-excerpt-more\" href=\"https:\/\/www.tucomarca.com\/wordpress\/segunda\/ca\/riba-roja-de-turia-condiciona-tres-locals-electorals-per-a-evitar-les-altes-temperatures-previstes-durant-diumenge-que-ve\/\" title=\"Riba-roja de T\u00faria condiciona tres locals electorals per a evitar les altes temperatures previstes durant diumenge que ve\">[+] <\/a><\/div>\n","protected":false},"author":13,"featured_media":191945,"comment_status":"open","ping_status":"open","sticky":false,"template":"","format":"gallery","meta":{"footnotes":""},"categories":[10892,10948,10894,10947,10906,10896],"tags":[10899,11140,11102],"class_list":{"0":"post-191953","1":"post","2":"type-post","3":"status-publish","4":"format-gallery","5":"has-post-thumbnail","7":"category-camp-de-turia-ca","8":"category-infraestructuras-ca","9":"category-la-comarca-ca","10":"category-politica","11":"category-riba-roja-ca","12":"category-seccion-ca","13":"tag-camp-de-turia-ca","14":"tag-politica-ca","15":"tag-riba-roja-2-ca","16":"post_format-post-format-gallery"},"_links":{"self":[{"href":"https:\/\/www.tucomarca.com\/wordpress\/segunda\/ca\/wp-json\/wp\/v2\/posts\/191953","targetHints":{"allow":["GET"]}}],"collection":[{"href":"https:\/\/www.tucomarca.com\/wordpress\/segunda\/ca\/wp-json\/wp\/v2\/posts"}],"about":[{"href":"https:\/\/www.tucomarca.com\/wordpress\/segunda\/ca\/wp-json\/wp\/v2\/types\/post"}],"author":[{"embeddable":true,"href":"https:\/\/www.tucomarca.com\/wordpress\/segunda\/ca\/wp-json\/wp\/v2\/users\/13"}],"replies":[{"embeddable":true,"href":"https:\/\/www.tucomarca.com\/wordpress\/segunda\/ca\/wp-json\/wp\/v2\/comments?post=191953"}],"version-history":[{"count":0,"href":"https:\/\/www.tucomarca.com\/wordpress\/segunda\/ca\/wp-json\/wp\/v2\/posts\/191953\/revisions"}],"wp:featuredmedia":[{"embeddable":true,"href":"https:\/\/www.tucomarca.com\/wordpress\/segunda\/ca\/wp-json\/wp\/v2\/media\/191945"}],"wp:attachment":[{"href":"https:\/\/www.tucomarca.com\/wordpress\/segunda\/ca\/wp-json\/wp\/v2\/media?parent=191953"}],"wp:term":[{"taxonomy":"category","embeddable":true,"href":"https:\/\/www.tucomarca.com\/wordpress\/segunda\/ca\/wp-json\/wp\/v2\/categories?post=191953"},{"taxonomy":"post_tag","embeddable":true,"href":"https:\/\/www.tucomarca.com\/wordpress\/segunda\/ca\/wp-json\/wp\/v2\/tags?post=191953"}],"curies":[{"name":"wp","href":"https:\/\/api.w.org\/{rel}","templated":true}]}}