{"id":191964,"date":"2023-07-19T11:45:00","date_gmt":"2023-07-19T10:45:00","guid":{"rendered":"https:\/\/www.tucomarca.com\/wordpress\/segunda\/?p=191964"},"modified":"2023-07-19T13:57:18","modified_gmt":"2023-07-19T12:57:18","slug":"carlos-mazon-anuncia-un-consell-paritari-amb-acreditada-experiencia-en-gestio-i-amb-una-menor-estructura-organica-per-a-reduir-la-despesa-politica","status":"publish","type":"post","link":"https:\/\/www.tucomarca.com\/wordpress\/segunda\/ca\/carlos-mazon-anuncia-un-consell-paritari-amb-acreditada-experiencia-en-gestio-i-amb-una-menor-estructura-organica-per-a-reduir-la-despesa-politica\/","title":{"rendered":"Carlos Maz\u00f3n anuncia un Consell paritari, \u201camb acreditada experi\u00e8ncia en gesti\u00f3\u201d i amb una menor estructura org\u00e0nica per a \u201creduir la despesa pol\u00edtica\u201d"},"content":{"rendered":"\n<p><strong>El president de la Generalitat ha anunciat que el nou Consell s&#8217;estructura en Presid\u00e8ncia i nou conselleries, dues de les quals tindran rang de vicepresid\u00e8ncia<\/strong>.<\/p>\n\n\n\n<p><strong>Qualifica el nou Executiu com \u201cel millor possible\u201d, i subratlla la \u201csolv\u00e8ncia, efic\u00e0cia, millor gesti\u00f3, abs\u00e8ncia de prejudicis i determinaci\u00f3\u201d per posar-lo en marxa<\/strong>.<\/p>\n\n\n\n<p><strong>La Vicepresid\u00e8ncia primera assumeix les compet\u00e8ncies de Cultura i Esport i el seu titular ser\u00e0 Vicente Barrera, i la Vicepresid\u00e8ncia segona assumeix les compet\u00e8ncies de Serveis Socials, Igualtat i Habitatge i recau en Susana Camarero<\/strong>.<\/p>\n\n\n\n<p><strong>Es creen les conselleries d&#8217;Hisenda, Economia i Administraci\u00f3 P\u00fablica; Just\u00edcia i Interior; Sanitat; Educaci\u00f3, Universitats i Ocupaci\u00f3; Agricultura, Ramaderia i Pesca; Medi Ambient, Aigua, Infraestructures i Territori, i Innovaci\u00f3, Ind\u00fastria, Comer\u00e7 i Turisme<\/strong>.<\/p>\n\n\n\n<p><strong>El c\u00e0rrec de portaveu del Consell ser\u00e0 assumida per la consellera d&#8217;Hisenda, Economia i Administraci\u00f3 P\u00fablica, Ruth Merino<\/strong>.<\/p>\n\n\n\n<p>El president de la Generalitat, Carlos Maz\u00f3n, ha anunciat un Consell paritari, \u201camb acreditada experi\u00e8ncia en gesti\u00f3\u201d i amb una menor estructura org\u00e0nica que permetr\u00e0 \u201creduir la despesa pol\u00edtica\u201d, en la roda de premsa en la qual ha revelat la composici\u00f3 del Consell de la XI Legislatura.<\/p>\n\n\n\n<p>Maz\u00f3n ha explicat que el nou Consell s&#8217;estructura en Presid\u00e8ncia i nou conselleries, dues de les quals tindran rang de vicepresid\u00e8ncies, i que al llarg d&#8217;aquest dimecres seran publicats en el DOGV els decrets en els quals s&#8217;estableix el n\u00famero, la denominaci\u00f3 i les atribucions dels diferents departaments, aix\u00ed com el nom dels titulars de les vicepresid\u00e8ncies i de les conselleries.<\/p>\n\n\n\n<p>Durant la seua intervenci\u00f3, el president ha destacat la paritat del nou Govern valenci\u00e0, aix\u00ed com la reducci\u00f3 del nombre de departaments, ja que hi haur\u00e0 dos conselleries menys que fins al moment, la qual cosa incidir\u00e0 en una \u201cdisminuci\u00f3 de la despesa pol\u00edtica\u201d. Aix\u00ed mateix, ha destacat la \u201cacreditada experi\u00e8ncia en gesti\u00f3\u201d que tenen tots els membres del Consell, que ha qualificat com \u201cel millor possible\u201d, i ha subratllat la \u201csolv\u00e8ncia, efic\u00e0cia, millor gesti\u00f3, abs\u00e8ncia de prejudicis i determinaci\u00f3\u201d per posar en marxa el nou Govern valenci\u00e0.<\/p>\n\n\n\n<p>De la mateixa manera, ha avan\u00e7at que s&#8217;est\u00e0 treballant en la \u201cdimensi\u00f3 i estructura\u201d del Consell en coordinaci\u00f3 amb els consellers i conselleres, i que el primer Ple del nou Executiu valenci\u00e0, en el qual previsiblement s&#8217;aprovar\u00e0 un segon i tercer escal\u00f3 amb menys c\u00e0rrecs, es reunir\u00e0 aquest divendres a Alacant.<\/p>\n\n\n\n<p>El cap del Govern valenci\u00e0 ha insistit en la necessitat de \u201coptimitzar la despesa pol\u00edtica\u201d i ha assegurat que \u201ces pot fer m\u00e9s i millor\u201d amb menys recursos econ\u00f2mics dedicats a l&#8217;estructura org\u00e0nica del Consell.<\/p>\n\n\n\n<p>Aix\u00ed mateix, el president ha assenyalat com les l\u00ednies priorit\u00e0ries del seu govern aconseguir la sobirania energ\u00e8tica de la Comunitat Valenciana, per al que s&#8217;agilitzar\u00e0 la gesti\u00f3 per a la implantaci\u00f3 d&#8217;energies \u201csostenibles i eficaces\u201d, aix\u00ed com aplicar les pol\u00edtiques d&#8217;innovaci\u00f3 de manera transversal, especialment em els sectors productius de la Comunitat Valenciana, i ha defensat que aix\u00f2 es duga a terme des d&#8217;Alacant, on se situar\u00e0 la Conselleria d&#8217;Innovaci\u00f3, Ind\u00fastria, Comer\u00e7 i Turisme.<\/p>\n\n\n\n<p><strong>Nova estructura del Consell<\/strong><\/p>\n\n\n\n<p>En concret, la Vicepresid\u00e8ncia primera i conselleria de Cultura i Esports ser\u00e0 ocupada per Vicente Barrera Sim\u00f3, llicenciat en Dret per la Universitat de Val\u00e8ncia i empresari. Barrera ha desenvolupat la seua traject\u00f2ria professional com a torero i actualment gestiona empreses lligades a la ind\u00fastria agroaliment\u00e0ria, el sector de la restauraci\u00f3, l&#8217;hostaleria i l&#8217;\u00e0mbit immobiliari.<\/p>\n\n\n\n<p>Aix\u00ed mateix, ha exercit la labor de coordinador regional de VOX a Val\u00e8ncia, amb anterioritat a la representaci\u00f3 parlament\u00e0ria del partit, des de l&#8217;any 2018.<\/p>\n\n\n\n<p>La Vicepresid\u00e8ncia segona i Conselleria de Serveis Socials, Igualtat i Habitatge recau en Susana Camarero Ben\u00edtez, llicenciada en Dret per la Universitat de Val\u00e8ncia, actualment presideix la Confederaci\u00f3 Nacional de Dones en Igualtat des de 2021 i \u00e9s directora S\u00e8nior de Context Pol\u00edtic en Llorente i Cuenca.<\/p>\n\n\n\n<p>Cambrer ha sigut portaveu de la Comissi\u00f3 d&#8217;Igualtat i de la Comissi\u00f3 de Serveis Socials del Congr\u00e9s dels Diputats durant quatre legislatures, i ha participat com a ponent en l&#8217;aprovaci\u00f3 de la Llei de Mesures de Protecci\u00f3 Integral contra la Viol\u00e8ncia de G\u00e8nere i de la Llei per a la Igualtat Efectiva de Dones i Homes. Tamb\u00e9 ha sigut presidenta de la Comissi\u00f3 d&#8217;Igualtat del Senat, on va dirigir el treball que va aprovar el Pacte d&#8217;Estat contra la Viol\u00e8ncia de G\u00e8nere en la Cambra Alta.<\/p>\n\n\n\n<p>De 2014 a 2016 va ser secret\u00e0ria d&#8217;Estat de Serveis Socials i Igualtat, sota el mandat de la qual es va aprovar la reforma de la Llei de la Inf\u00e0ncia i Adolesc\u00e8ncia, perqu\u00e8 els menors siguen considerats v\u00edctimes directes de la viol\u00e8ncia de g\u00e8nere. Aprovant-se tamb\u00e9 la Llei del Tercer Sector i la del Voluntariat, o l&#8217;Estrat\u00e8gia de l&#8217;Espectre Autista i el Pla de Lluita contra el Tr\u00e0fic.<\/p>\n\n\n\n<p>La Conselleria d&#8217;Hisenda, Economia i Administraci\u00f3 P\u00fablica ser\u00e0 ocupada per Ruth Merino Pe\u00f1a, qui tamb\u00e9 ostentar\u00e0 la funci\u00f3 de portaveu del Consell. Merino \u00e9s llicenciada en Ci\u00e8ncies Econ\u00f2miques i Empresarials per la Universitat de Val\u00e8ncia i t\u00e8cnic d&#8217;Hisenda de l&#8217;Administraci\u00f3 de l&#8217;Estat.&nbsp;<\/p>\n\n\n\n<p>Merino ha treballat durant diversos anys en l&#8217;Ag\u00e8ncia Tribut\u00e0ria a Barcelona i Val\u00e8ncia i \u00e9s diputada en les Corts des de 2019, on forma part de la Comissi\u00f3 d&#8217;Hisenda i Comissi\u00f3 d&#8217;Economia i Ind\u00fastria. Tamb\u00e9 ha sigut portaveu de la Comissi\u00f3 de Radiotelevisi\u00f3 Valenciana i portaveu del Grup Parlamentari Ciutadans de mar\u00e7 2021 a gener 2023.<\/p>\n\n\n\n<p>Al capdavant de la Conselleria de Just\u00edcia i Interior se situar\u00e0 Elisa N\u00fa\u00f1ez S\u00e1nchez, doctora en Dret per la Universitat d&#8217;Alacant i llicenciada en Ci\u00e8ncies Religioses per la Universitat Pontif\u00edcia de Cometes de Madrid. Actualment \u00e9s professora en la Universitat Cat\u00f2lica de Val\u00e8ncia Sant Vicent M\u00e0rtir, aix\u00ed com advocada en exercici i lletrada del torn d&#8217;ofici en matrimonial i penal del Col\u00b7legi d&#8217;Advocats de Val\u00e8ncia. Tamb\u00e9 \u00e9s lletrada acreditada davant el Tribunal Eclesi\u00e0stic Metropolit\u00e0 de Val\u00e8ncia i ha sigut assessora i responsable de programes d&#8217;integraci\u00f3 de persones immigrants i estrangeres en la VII legislatura de la Generalitat Valenciana.<\/p>\n\n\n\n<p>Quant a la Conselleria de Sanitat ser\u00e0 ocupada per Marci\u00e0 G\u00f3mez G\u00f3mez, llicenciat en Medicina i Cirurgia. G\u00f3mez \u00e9s especialista en Medicina Familiar i Comunit\u00e0ria, aix\u00ed com especialista Universitari en Acreditaci\u00f3 de Centres i Serveis Sanitaris, a m\u00e9s de M\u00e0ster en Direcci\u00f3 i Organitzaci\u00f3 d&#8217;Hospitals i Serveis de Salut, en Gesti\u00f3 per a la Humanitzaci\u00f3 de la Sanitat i en Hospitalitzaci\u00f3 Domicili\u00e0ria. Actualment ostenta el c\u00e0rrec de director de l&#8217;\u00e0rea de Gesti\u00f3 Cl\u00ednica M\u00e8dica a l&#8217;Hospital Universitari La Fe, i ha sigut impulsor en la gesti\u00f3 sanit\u00e0ria per a la implantaci\u00f3 de la col\u00b7laboraci\u00f3 p\u00fablic-privada i de la normativa que regula les gu\u00e0rdies m\u00e8diques tant en l&#8217;\u00e0mbit de l&#8217;atenci\u00f3 prim\u00e0ria com de l&#8217;hospital\u00e0ria vigents en l&#8217;actualitat.<\/p>\n\n\n\n<p>La Conselleria d&#8217;Educaci\u00f3, Universitats i Ocupaci\u00f3 ser\u00e0 liderada per Jos\u00e9 Antonio Rovira Jover, qui \u00e9s llicenciat en Ci\u00e8ncies Econ\u00f2miques i Empresarials per la Universitat d&#8217;Alacant, i professor titular en el departament d&#8217;Economia Aplicada i Pol\u00edtica Econ\u00f2mica de la Universitat d&#8217;Alacant.<\/p>\n\n\n\n<p>Ha ostentat diversos c\u00e0rrecs a l&#8217;ajuntament d&#8217;Alacant com a tinent d&#8217;alcalde, portaveu adjunt i regidor de Seguretat Ciutadana, Tr\u00e0nsit i Transports, aix\u00ed com en la Diputaci\u00f3 Provincial d&#8217;Alacant i en Les Corts. Ha sigut tamb\u00e9 director general de Personal i director territorial de la Conselleria de Cultura i Educaci\u00f3 de la Generalitat. Durant la X legislatura ha sigut diputat en Les Corts i portaveu en la Comissi\u00f3 de Governaci\u00f3 i Administraci\u00f3 Local.<\/p>\n\n\n\n<p>Al capdavant de la Conselleria d&#8217;Agricultura, Ramaderia i Pesca se situar\u00e0 Jos\u00e9 Luis Aguirre Larrauri, Enginyer t\u00e8cnic agr\u00edcola, i diputat en Les Corts durant la passada legislatura, aix\u00ed com portaveu del seu grup pol\u00edtic en les comissions d&#8217;Aigua, Medi ambient i Agricultura. Ha sigut vicepresident del Col\u00b7legi Oficial d&#8217;Enginyers T\u00e8cnics Agr\u00edcoles, delegat de l&#8217;Orde de Malta a Val\u00e8ncia i director-gerent de la Gran Associaci\u00f3 de Benefic\u00e8ncia.<\/p>\n\n\n\n<p>La Conselleria de Medi Ambient, Aigua, Infraestructures i Territori ser\u00e0 ocupada per Salom\u00e9 Pradas Ten, llicenciada en Dret per la Universitat Jaume I de Castell\u00f3, i actual regidora de l&#8217;Ajuntament de Castell\u00f3 i diputada auton\u00f2mica de Les Corts.&nbsp;<\/p>\n\n\n\n<p>Durant la seua traject\u00f2ria professional ha sigut directora general de Medi natural de la Generalitat, regidora de l&#8217;Ajuntament de Castell\u00f3, senadora per Castell\u00f3 i ha exercit tamb\u00e9 els c\u00e0rrecs de vicepresidenta de la Comissi\u00f3 de Transports, portaveu constitucional, i secret\u00e0ria general i portaveu adjunta del Grup Parlamentari Popular.<\/p>\n\n\n\n<p>Finalment, la Conselleria d&#8217;Innovaci\u00f3, Ind\u00fastria, Comer\u00e7 i Turisme ser\u00e0 dirigida per Nuria Montes de Diego, que tindr\u00e0 seu tant a Alacant com a Val\u00e8ncia. Montes \u00e9s llicenciada en Dret per la Universitat d&#8217;Alacant i especialista en Direcci\u00f3 i Administraci\u00f3 d&#8217;Empreses. Ha desenvolupat la seua carrera professional en l&#8217;\u00e0mbit de l&#8217;empresa tur\u00edstica de la Comunitat Valenciana, i des de 1995 fins a l&#8217;actualitat ha exercit el c\u00e0rrec de secret\u00e0ria general de l&#8217;Associaci\u00f3 Empresarial Hotelera i Tur\u00edstica de la Comunitat Valenciana (Hosbec).&nbsp;<\/p>\n\n\n\n<p>\u00c9s membre de la junta directiva i participa activament en tota la cadena de representaci\u00f3 empresarial d&#8217;entitats com la CEOE, la CEV o l&#8217;Institut Tecnol\u00f2gic Hoteler. Aix\u00ed mateix, exerceix com a professora de la Universitat d&#8217;Alacant i Escoles de Negoci. Ha participat tamb\u00e9 en la creaci\u00f3 de l&#8217;entitat p\u00fablic-privada de promoci\u00f3 VisitBenidorm en la qual, fins a l&#8217;actualitat, exerceix el c\u00e0rrec de secret\u00e0ria. En l&#8217;\u00e0mbit de la innovaci\u00f3 ha impulsat projectes per al sector tur\u00edstic.<\/p>\n","protected":false},"excerpt":{"rendered":"<div class=\"mh-excerpt\">El president de la Generalitat ha anunciat que el nou Consell s&#8217;estructura en Presid\u00e8ncia i nou conselleries, dues de les quals tindran rang de vicepresid\u00e8ncia. Qualifica el nou Executiu com \u201cel millor possible\u201d, i subratlla <a class=\"mh-excerpt-more\" href=\"https:\/\/www.tucomarca.com\/wordpress\/segunda\/ca\/carlos-mazon-anuncia-un-consell-paritari-amb-acreditada-experiencia-en-gestio-i-amb-una-menor-estructura-organica-per-a-reduir-la-despesa-politica\/\" title=\"Carlos Maz\u00f3n anuncia un Consell paritari, \u201camb acreditada experi\u00e8ncia en gesti\u00f3\u201d i amb una menor estructura org\u00e0nica per a \u201creduir la despesa pol\u00edtica\u201d\">[+] <\/a><\/div>\n","protected":false},"author":13,"featured_media":191962,"comment_status":"open","ping_status":"open","sticky":false,"template":"","format":"standard","meta":{"footnotes":""},"categories":[10898,10948,10894,10904,10947,10896],"tags":[11199,17631],"class_list":{"0":"post-191964","1":"post","2":"type-post","3":"status-publish","4":"format-standard","5":"has-post-thumbnail","7":"category-ventana-ca","8":"category-infraestructuras-ca","9":"category-la-comarca-ca","10":"category-sin-categorizar-ca","11":"category-politica","12":"category-seccion-ca","13":"tag-la-comunitat-ca","14":"tag-la-generalitat-ca"},"_links":{"self":[{"href":"https:\/\/www.tucomarca.com\/wordpress\/segunda\/ca\/wp-json\/wp\/v2\/posts\/191964","targetHints":{"allow":["GET"]}}],"collection":[{"href":"https:\/\/www.tucomarca.com\/wordpress\/segunda\/ca\/wp-json\/wp\/v2\/posts"}],"about":[{"href":"https:\/\/www.tucomarca.com\/wordpress\/segunda\/ca\/wp-json\/wp\/v2\/types\/post"}],"author":[{"embeddable":true,"href":"https:\/\/www.tucomarca.com\/wordpress\/segunda\/ca\/wp-json\/wp\/v2\/users\/13"}],"replies":[{"embeddable":true,"href":"https:\/\/www.tucomarca.com\/wordpress\/segunda\/ca\/wp-json\/wp\/v2\/comments?post=191964"}],"version-history":[{"count":0,"href":"https:\/\/www.tucomarca.com\/wordpress\/segunda\/ca\/wp-json\/wp\/v2\/posts\/191964\/revisions"}],"wp:featuredmedia":[{"embeddable":true,"href":"https:\/\/www.tucomarca.com\/wordpress\/segunda\/ca\/wp-json\/wp\/v2\/media\/191962"}],"wp:attachment":[{"href":"https:\/\/www.tucomarca.com\/wordpress\/segunda\/ca\/wp-json\/wp\/v2\/media?parent=191964"}],"wp:term":[{"taxonomy":"category","embeddable":true,"href":"https:\/\/www.tucomarca.com\/wordpress\/segunda\/ca\/wp-json\/wp\/v2\/categories?post=191964"},{"taxonomy":"post_tag","embeddable":true,"href":"https:\/\/www.tucomarca.com\/wordpress\/segunda\/ca\/wp-json\/wp\/v2\/tags?post=191964"}],"curies":[{"name":"wp","href":"https:\/\/api.w.org\/{rel}","templated":true}]}}