{"id":191976,"date":"2023-07-19T18:00:00","date_gmt":"2023-07-19T17:00:00","guid":{"rendered":"https:\/\/www.tucomarca.com\/wordpress\/segunda\/?p=191976"},"modified":"2023-07-19T18:43:21","modified_gmt":"2023-07-19T17:43:21","slug":"la-diputacio-de-valencia-presenta-el-seu-nou-equip-de-govern","status":"publish","type":"post","link":"https:\/\/www.tucomarca.com\/wordpress\/segunda\/ca\/la-diputacio-de-valencia-presenta-el-seu-nou-equip-de-govern\/","title":{"rendered":"La Diputaci\u00f3 de Val\u00e8ncia presenta el seu nou equip de govern"},"content":{"rendered":"\n<h4 class=\"wp-block-heading\">L&#8217;executiu provincial encap\u00e7alat per Vicent Momp\u00f3 est\u00e0 compost per una vicepresid\u00e8ncia, que ostenta Reme Mazzolari, i 12 delegacions<\/h4>\n\n\n\n<p>La Diputaci\u00f3 de Val\u00e8ncia ja t\u00e9 equip de govern per a la legislatura 2023-2027. El president de la corporaci\u00f3 provincial, Vicent Momp\u00f3, ha signat este dimecres el decret de nomenament dels nous diputats que conformen el nou equip de govern, compost per sis homes i sis dones, tots ells pertanyents al Grup Popular. El nou executiu provincial compta amb una vicepresid\u00e8ncia i un total de 12 delegacions.<\/p>\n\n\n\n<p>Reme Mazzolari ha sigut nomenada nova vicepresidenta de la Diputaci\u00f3 i tamb\u00e9 exercir\u00e0 com a diputada de Cooperaci\u00f3 Municipal, Carreteres i Contractaci\u00f3. Regidora a l&#8217;Ajuntament de Ll\u00edria des de 2003, Mazzolari \u00e9s enginyera industrial per la Universitat Polit\u00e8cnica de Val\u00e8ncia i m\u00e0ster en gesti\u00f3 d&#8217;empreses per l&#8217;Escola d&#8217;Organitzaci\u00f3 Industrial. En l&#8217;\u00e0mbit professional es va iniciar en la redacci\u00f3 de projectes t\u00e8cnics espec\u00edfics i direccions d&#8217;obra, amb m\u00faltiples treballs per a col\u00b7legis i centres d&#8217;oci com la Ciutat de les Arts i les Ci\u00e8ncies i Terra M\u00edtica. A poc a poc ha anat dirigint la seua traject\u00f2ria cap a la gesti\u00f3 urban\u00edstica, tasca que no ha deixat d&#8217;exercir i que ha compatibilitzat amb la seua experi\u00e8ncia pol\u00edtica.<\/p>\n\n\n\n<p>La diputada Paz Carceller estar\u00e0 al capdavant de l&#8217;\u00e0rea d&#8217;Assist\u00e8ncia Jur\u00eddica i T\u00e8cnica a Municipis. L&#8217;alcaldessa de Pu\u00e7ol \u00e9s llicenciada en Dret i m\u00e0ster com a Experta Universit\u00e0ria en Governan\u00e7a Local per la Universitat de Val\u00e8ncia. En l&#8217;\u00e0mbit professional, la major part de la seua carrera s&#8217;ha desenvolupat en l&#8217;empresa privada, primer en un grup d&#8217;exportaci\u00f3 i m\u00e9s tard com a assessora laboral amb despatx propi.<\/p>\n\n\n\n<p>L&#8217;\u00e0rea d&#8217;Hisenda estar\u00e0 coordinada per la diputada Laura S\u00e1ez. L&#8217;actual alcaldessa de Carlet \u00e9s llicenciada en Dret per la Universitat de Val\u00e8ncia i m\u00e0ster en Formaci\u00f3 en Investigaci\u00f3 Universit\u00e0ria per la Universitat Cat\u00f2lica de Val\u00e8ncia.<\/p>\n\n\n\n<p>Avelino Mascarell \u00e9s el nou diputat de Medi Ambient, Prevenci\u00f3 de Riscos Forestals i Desenvolupament Rural. A estes atribucions cal afegir les compet\u00e8ncies del Consorci Provincial de Bombers. L&#8217;alcalde de Xeraco va ser diputat de la corporaci\u00f3 provincial durant la primera part de la passada legislatura.<\/p>\n\n\n\n<p>Quant a l&#8217;\u00e0rea de Benestar i Inclusi\u00f3 Social, Salut P\u00fablica i Igualtat, estar\u00e0 encap\u00e7alada per Immaculada Gonz\u00e1lez. L&#8217;actual regidora de l&#8217;Ajuntament de Picassent Gonz\u00e1lez t\u00e9 formaci\u00f3 en Dret i una \u00e0mplia experi\u00e8ncia laboral en l&#8217;empresa privada com a assessora d&#8217;assegurances, de moda i en la gesti\u00f3 de comptes en una empresa de seguretat. Destaca per la seua implicaci\u00f3 en diferents col\u00b7lectius socials de Picassent, entre ells l&#8217;Associaci\u00f3 contra el C\u00e0ncer o la Confraria de la Mare de D\u00e9u de Vallivana.<\/p>\n\n\n\n<p>Francisco Comes \u00e9s el nou diputat d&#8217;Educaci\u00f3 i Cicle Integral de l&#8217;Aigua. Alcalde de Massanassa des de finals de juliol de 2018, t\u00e9 formaci\u00f3 en Ci\u00e8ncies Empresarials i ha tingut responsabilitats en l&#8217;\u00e0rea d&#8217;Hisenda de l&#8217;ajuntament d&#8217;esta localitat.<\/p>\n\n\n\n<p>Per altra banda, les compet\u00e8ncies de Joventut i Teatres recauen en Roc\u00edo Gil. La regidora de l&#8217;Ajuntament de Val\u00e8ncia \u00e9s advocada col\u00b7legiada exercent en l&#8217;ICAV. Graduada en Dret per la Universitat Jaume I de Castell\u00f3 (UJI), compta a m\u00e9s amb un m\u00e0ster en Dret i Gesti\u00f3 del Transport, a trav\u00e9s d\u2019ESUE (Escola Superior Universitat Empresa) Bussiness School i el m\u00e0ster d&#8217;Acc\u00e9s a l&#8217;Advocacia per la Universitat Cat\u00f2lica de Val\u00e8ncia. Va ser tamb\u00e9 fallera major de Val\u00e8ncia l&#8217;any 2018.<\/p>\n\n\n\n<p>Pedro Cuesta \u00e9s el nou responsable de Turisme i Esports. Actual tinent d&#8217;alcalde de Meliana, \u00e9s t\u00e8cnic agr\u00f2nom i funcionari de carrera, amb pla\u00e7a a l&#8217;Ajuntament de Tavernes Blanques com a t\u00e8cnic de medi ambient i coordinador d&#8217;obres i serveis. A m\u00e9s tamb\u00e9 est\u00e0 al capdavant de les compet\u00e8ncies d&#8217;Esports en el consistori de l&#8217;Horta Nord.<\/p>\n\n\n\n<p>Juan Ram\u00f3n Adsuara tindr\u00e0 la responsabilitat de les delegacions de Fons Europeus, Administraci\u00f3 Electr\u00f2nica i Innovaci\u00f3. L&#8217;alcalde d&#8217;Alfafar, qui ja compta amb \u00e0mplia experi\u00e8ncia dins de la instituci\u00f3 provincial, ja que comen\u00e7a ara la seua tercera legislatura com a diputat, \u00e9s t\u00e8cnic superior i m\u00e0ster en Gesti\u00f3 Comercial i M\u00e0rqueting i va cursar el programa \u2018Lideratge per a la gesti\u00f3 p\u00fablica\u2019 per l\u2019IESE Business School de la Universitat de Navarra.<br><br>L&#8217;\u00e0rea de Cultura estar\u00e0 encap\u00e7alada per Francisco Teruel. Alcalde de Benimodo des de 2011, c\u00e0rrec el qual ha revalidat de manera consecutiva en 2015, 2019 i 2023, en l&#8217;\u00e0mbit professional treballa com a funcionari de carrera a l&#8217;Ajuntament de Carcaixent.<\/p>\n\n\n\n<p>El diputat Ricardo Gabald\u00f3n ser\u00e0 l&#8217;encarregat de coordinar les delegacions d&#8217;Administraci\u00f3 General i Bandes de M\u00fasica. El nou alcalde d&#8217;Utiel \u00e9s assessor fiscal des de 1988, graduat social des de l&#8217;any 1989 i advocat de l&#8217;Il\u00b7lustre Col\u00b7legi d&#8217;Advocats de Val\u00e8ncia. En 2022 va ser reelegit president del Consell General de Col\u00b7legis Oficials de Graduats Socials d&#8217;Espanya. Aix\u00ed mateix, Ricardo Gabald\u00f3n va ser el m\u00e0xim responsable del Col\u00b7legi Oficial de Graduats Socials de Val\u00e8ncia entre 2005 i 2017, va ocupar tamb\u00e9 la sotssecretaria de la Uni\u00f3 Professional de Val\u00e8ncia i va ser vocal de l&#8217;Observatori de Just\u00edcia de la Generalitat Valenciana.<\/p>\n\n\n\n<p>Finalment, Amparo Folgado ha sigut nomenada diputada de Govern Obert i Integritat Institucional. L&#8217;alcaldessa de Torrent \u00e9s diplomada en Treball Social per la Universitat de Val\u00e8ncia i ha exercit com a treballadora social en el Centre de Salut de Burjassot.<\/p>\n\n\n\n<p><strong>Equip de govern Diputaci\u00f3 de Val\u00e8ncia 2023-2027<\/strong><\/p>\n\n\n\n<p>President: <strong>Vicent Momp\u00f3<\/strong><\/p>\n\n\n\n<p>Vicepresidenta i responsable de Cooperaci\u00f3 Municipal, Carreteres i Contractaci\u00f3: <strong>Reme Mazzolari<\/strong><\/p>\n\n\n\n<p>Assist\u00e8ncia Jur\u00eddica y T\u00e8cnica a Municipis: <strong>Paz Carceller<\/strong><\/p>\n\n\n\n<p>Medi Ambient, Prevenci\u00f3 de Riscos Forestals, Desenvolupament Rural i Consorci Provincial de Bombers: <strong>Avelino Mascarell<\/strong><\/p>\n\n\n\n<p>Educaci\u00f3 i Cicle Integral de l\u2019Aigua: <strong>Francisco Comes<\/strong><\/p>\n\n\n\n<p>Benestar i Inclusi\u00f3 Social, Salut P\u00fablica i Igualtat: <strong>Immaculada Gonz\u00e1lez<\/strong><\/p>\n\n\n\n<p>Joventut i Teatres: <strong>Roc\u00edo Gil<\/strong><\/p>\n\n\n\n<p>Hisenda: <strong>Laura S\u00e1ez<\/strong><\/p>\n\n\n\n<p>Turisme i Esports: <strong>Pedro Cuesta<\/strong><\/p>\n\n\n\n<p>Fons Europeus, Administraci\u00f3 Electr\u00f2nica i Innovaci\u00f3: <strong>Juan Ram\u00f3n Adsuara<\/strong><\/p>\n\n\n\n<p>Cultura: <strong>Francisco Teruel<\/strong><\/p>\n\n\n\n<p>Administraci\u00f3 General i Bandes de M\u00fasica: <strong>Ricardo Gabald\u00f3n<\/strong><\/p>\n\n\n\n<p>Govern Obert i Integritat Institucional: <strong>Amparo Folgado<\/strong><\/p>\n\n\n\n<p><\/p>\n","protected":false},"excerpt":{"rendered":"<div class=\"mh-excerpt\">L&#8217;executiu provincial encap\u00e7alat per Vicent Momp\u00f3 est\u00e0 compost per una vicepresid\u00e8ncia, que ostenta Reme Mazzolari, i 12 delegacions La Diputaci\u00f3 de Val\u00e8ncia ja t\u00e9 equip de govern per a la legislatura 2023-2027. El president de <a class=\"mh-excerpt-more\" href=\"https:\/\/www.tucomarca.com\/wordpress\/segunda\/ca\/la-diputacio-de-valencia-presenta-el-seu-nou-equip-de-govern\/\" title=\"La Diputaci\u00f3 de Val\u00e8ncia presenta el seu nou equip de govern\">[+] <\/a><\/div>\n","protected":false},"author":12,"featured_media":191975,"comment_status":"open","ping_status":"open","sticky":false,"template":"","format":"standard","meta":{"footnotes":""},"categories":[10890,10951,10892,11046,10898,10963,10894,10904,10912,10902,10947,10909,10896],"tags":[11246,11401,12614],"class_list":{"0":"post-191976","1":"post","2":"type-post","3":"status-publish","4":"format-standard","5":"has-post-thumbnail","7":"category-ademus","8":"category-ayora-cofrentes-ca","9":"category-camp-de-turia-ca","10":"category-los-serranos-ca","11":"category-ventana-ca","12":"category-la-canal-de-navarres-ca","13":"category-la-comarca-ca","14":"category-sin-categorizar-ca","15":"category-la-hoya-ca","16":"category-la-ribera-ca","17":"category-politica","18":"category-requena-utiel-ca","19":"category-seccion-ca","20":"tag-diputacio-de-valencia-ca","21":"tag-diputacion-de-valencia-ca","22":"tag-equipo-de-gobierno-ca"},"_links":{"self":[{"href":"https:\/\/www.tucomarca.com\/wordpress\/segunda\/ca\/wp-json\/wp\/v2\/posts\/191976","targetHints":{"allow":["GET"]}}],"collection":[{"href":"https:\/\/www.tucomarca.com\/wordpress\/segunda\/ca\/wp-json\/wp\/v2\/posts"}],"about":[{"href":"https:\/\/www.tucomarca.com\/wordpress\/segunda\/ca\/wp-json\/wp\/v2\/types\/post"}],"author":[{"embeddable":true,"href":"https:\/\/www.tucomarca.com\/wordpress\/segunda\/ca\/wp-json\/wp\/v2\/users\/12"}],"replies":[{"embeddable":true,"href":"https:\/\/www.tucomarca.com\/wordpress\/segunda\/ca\/wp-json\/wp\/v2\/comments?post=191976"}],"version-history":[{"count":0,"href":"https:\/\/www.tucomarca.com\/wordpress\/segunda\/ca\/wp-json\/wp\/v2\/posts\/191976\/revisions"}],"wp:featuredmedia":[{"embeddable":true,"href":"https:\/\/www.tucomarca.com\/wordpress\/segunda\/ca\/wp-json\/wp\/v2\/media\/191975"}],"wp:attachment":[{"href":"https:\/\/www.tucomarca.com\/wordpress\/segunda\/ca\/wp-json\/wp\/v2\/media?parent=191976"}],"wp:term":[{"taxonomy":"category","embeddable":true,"href":"https:\/\/www.tucomarca.com\/wordpress\/segunda\/ca\/wp-json\/wp\/v2\/categories?post=191976"},{"taxonomy":"post_tag","embeddable":true,"href":"https:\/\/www.tucomarca.com\/wordpress\/segunda\/ca\/wp-json\/wp\/v2\/tags?post=191976"}],"curies":[{"name":"wp","href":"https:\/\/api.w.org\/{rel}","templated":true}]}}