{"id":192042,"date":"2023-07-20T19:41:52","date_gmt":"2023-07-20T18:41:52","guid":{"rendered":"https:\/\/www.tucomarca.com\/wordpress\/segunda\/?p=192042"},"modified":"2023-07-20T19:41:57","modified_gmt":"2023-07-20T18:41:57","slug":"nous-espais-verds-a-benaguasil","status":"publish","type":"post","link":"https:\/\/www.tucomarca.com\/wordpress\/segunda\/ca\/nous-espais-verds-a-benaguasil\/","title":{"rendered":"Nous espais verds a Benaguasil"},"content":{"rendered":"\n<p><strong>Benaguasil augmenta les seues zones verdes amb la remodelaci\u00f3 del Parc de Titaig\u00fces amb una pista de patinatge i el parc de la Safor amb zona de calistenia, pip\u00ed-can i agility<\/strong><\/p>\n\n\n\n<p>Els ve\u00efns i ve\u00efnes de Benaguasil compten amb nous espais verds demandats en el qual s&#8217;inclouen una nova pista de patinatge al parc de Titaig\u00fces, calistenia, parc can\u00ed amb circuit agility, pip\u00ed-ca i una zona arbrada amb bancs que forma part de la iniciativa \u2018Benaguasil Creix\u2019 al parc de la Safor situat en la carretera de Riba-roja de T\u00faria.<\/p>\n\n\n\n<p>La regidor de Parcs i Jardins, Alicia Molina ha assegurat que amb aquesta remodelaci\u00f3 es pret\u00e9n oferir un espai \u201cinnovador i interactiu\u201d perqu\u00e8 els joves del municipi puguen practicar esport a l&#8217;aire lliure.&nbsp;<\/p>\n\n\n\n<p>La remodelaci\u00f3 del parc de Titaig\u00fces ha consistit en el condicionament del paviment amb formig\u00f3 remolinat amb unes mesures de 8,20 x 23,7 per a la pr\u00e0ctica de patinatge a l&#8217;aire lliure. A m\u00e9s, s&#8217;ha dotat la instal\u00b7laci\u00f3 de baranes amb s\u00f2col de PVC per a la protecci\u00f3 contra els colps en la pr\u00e0ctica esportiva. La zona ja pot ser gaudida per tots els ve\u00efns i ve\u00efnes de Benaguasil complint sempre les normes d&#8217;\u00fas.&nbsp;<\/p>\n\n\n\n<p>D&#8217;altra banda, al parc de La Safor els alumnes del Taller d&#8217;Ocupaci\u00f3 \u2018Benaguasil Sostenible III\u2019 estan ultimant els treballs d&#8217;obra i ma\u00e7oneria en un entorn amb una zona de bancs, arbratge i papereres en corredors de formig\u00f3 impr\u00e9s, zona de calistenia de 12,70 X 8,80 amb s\u00f2l de cautx\u00fa de seguretat, zona de pip\u00ed-ca amb una font i zona de agility amb balanc\u00edn, rampa inclinada i salt d&#8217;al\u00e7ada per a gaudi de les mascotes.<\/p>\n","protected":false},"excerpt":{"rendered":"<div class=\"mh-excerpt\">Benaguasil augmenta les seues zones verdes amb la remodelaci\u00f3 del Parc de Titaig\u00fces amb una pista de patinatge i el parc de la Safor amb zona de calistenia, pip\u00ed-can i agility Els ve\u00efns i ve\u00efnes <a class=\"mh-excerpt-more\" href=\"https:\/\/www.tucomarca.com\/wordpress\/segunda\/ca\/nous-espais-verds-a-benaguasil\/\" title=\"Nous espais verds a Benaguasil\">[+] <\/a><\/div>\n","protected":false},"author":13,"featured_media":192039,"comment_status":"open","ping_status":"open","sticky":false,"template":"","format":"standard","meta":{"footnotes":""},"categories":[10952,10892,10894,10903,10896],"tags":[11136,10899,12166],"class_list":{"0":"post-192042","1":"post","2":"type-post","3":"status-publish","4":"format-standard","5":"has-post-thumbnail","7":"category-benaguasil-ca","8":"category-camp-de-turia-ca","9":"category-la-comarca-ca","10":"category-medio-ambiente-la-comarca-ca","11":"category-seccion-ca","12":"tag-benaguasil-ca","13":"tag-camp-de-turia-ca","14":"tag-medio-ambiente-ca"},"_links":{"self":[{"href":"https:\/\/www.tucomarca.com\/wordpress\/segunda\/ca\/wp-json\/wp\/v2\/posts\/192042","targetHints":{"allow":["GET"]}}],"collection":[{"href":"https:\/\/www.tucomarca.com\/wordpress\/segunda\/ca\/wp-json\/wp\/v2\/posts"}],"about":[{"href":"https:\/\/www.tucomarca.com\/wordpress\/segunda\/ca\/wp-json\/wp\/v2\/types\/post"}],"author":[{"embeddable":true,"href":"https:\/\/www.tucomarca.com\/wordpress\/segunda\/ca\/wp-json\/wp\/v2\/users\/13"}],"replies":[{"embeddable":true,"href":"https:\/\/www.tucomarca.com\/wordpress\/segunda\/ca\/wp-json\/wp\/v2\/comments?post=192042"}],"version-history":[{"count":0,"href":"https:\/\/www.tucomarca.com\/wordpress\/segunda\/ca\/wp-json\/wp\/v2\/posts\/192042\/revisions"}],"wp:featuredmedia":[{"embeddable":true,"href":"https:\/\/www.tucomarca.com\/wordpress\/segunda\/ca\/wp-json\/wp\/v2\/media\/192039"}],"wp:attachment":[{"href":"https:\/\/www.tucomarca.com\/wordpress\/segunda\/ca\/wp-json\/wp\/v2\/media?parent=192042"}],"wp:term":[{"taxonomy":"category","embeddable":true,"href":"https:\/\/www.tucomarca.com\/wordpress\/segunda\/ca\/wp-json\/wp\/v2\/categories?post=192042"},{"taxonomy":"post_tag","embeddable":true,"href":"https:\/\/www.tucomarca.com\/wordpress\/segunda\/ca\/wp-json\/wp\/v2\/tags?post=192042"}],"curies":[{"name":"wp","href":"https:\/\/api.w.org\/{rel}","templated":true}]}}