{"id":192060,"date":"2023-07-20T10:15:00","date_gmt":"2023-07-20T09:15:00","guid":{"rendered":"https:\/\/www.tucomarca.com\/wordpress\/segunda\/?p=192060"},"modified":"2023-07-20T17:38:44","modified_gmt":"2023-07-20T16:38:44","slug":"els-bombers-rescaten-a-un-home-atrapat-sota-la-seua-moto-en-una-rampa-dun-garatge-dalzira","status":"publish","type":"post","link":"https:\/\/www.tucomarca.com\/wordpress\/segunda\/ca\/els-bombers-rescaten-a-un-home-atrapat-sota-la-seua-moto-en-una-rampa-dun-garatge-dalzira\/","title":{"rendered":"Els bombers rescaten a un home atrapat sota la seua moto en una rampa d&#8217;un garatge d&#8217;Alzira"},"content":{"rendered":"\n<p>El Consorci de Bombers de Val\u00e8ncia s&#8217;hi ha mobilitzat este mat\u00ed al rescat d&#8217;un home que havia quedat atrapat baix de la seua moto en una rampa de garatge al carrer Juan Estany d&#8217;Alzira. L&#8217;av\u00eds s&#8217;hi ha rebut a les 9:17 hores.\u00a0<\/p>\n\n\n\n<p>Per a retirar la moto, i atendre l&#8217;home, s&#8217;hi han despla\u00e7at bombers i sergent d&#8217;Alzira, grup de rescat GERA i metge de l&#8217;helic\u00f2pter del Consorci, equipat amb material m\u00e8dic. Cal recordar que la base del GERA i de l&#8217;helic\u00f2pter amb metge s&#8217;hi troba a Alzira.&nbsp;<\/p>\n\n\n\n<p>Bombers, personal del GERA i metge de l&#8217;helic\u00f2pter han iniciat les primeres maniobres de reanimaci\u00f3 a l&#8217;espera dels mitjans sanitaris. Una vegada arribats els mitjans sanitaris, estos s&#8217;hi han fet c\u00e0rrec de la v\u00edctima. El personal del Consorci ha continuat a la zona per a seguir donant-los suport. Finalment, els serveis sanitaris han revertit la parada cardiorespirat\u00f2ria i han traslladat la v\u00edctima a centre hospitalari.&nbsp;<\/p>\n","protected":false},"excerpt":{"rendered":"<div class=\"mh-excerpt\">El Consorci de Bombers de Val\u00e8ncia s&#8217;hi ha mobilitzat este mat\u00ed al rescat d&#8217;un home que havia quedat atrapat baix de la seua moto en una rampa de garatge al carrer Juan Estany d&#8217;Alzira. L&#8217;av\u00eds <a class=\"mh-excerpt-more\" href=\"https:\/\/www.tucomarca.com\/wordpress\/segunda\/ca\/els-bombers-rescaten-a-un-home-atrapat-sota-la-seua-moto-en-una-rampa-dun-garatge-dalzira\/\" title=\"Els bombers rescaten a un home atrapat sota la seua moto en una rampa d&#8217;un garatge d&#8217;Alzira\">[+] <\/a><\/div>\n","protected":false},"author":1,"featured_media":93963,"comment_status":"open","ping_status":"open","sticky":false,"template":"","format":"standard","meta":{"footnotes":""},"categories":[10889,10948,10894,10904,10902,10896,10897],"tags":[11192,11077,10901],"class_list":{"0":"post-192060","1":"post","2":"type-post","3":"status-publish","4":"format-standard","5":"has-post-thumbnail","7":"category-alzira-cat","8":"category-infraestructuras-ca","9":"category-la-comarca-ca","10":"category-sin-categorizar-ca","11":"category-la-ribera-ca","12":"category-seccion-ca","13":"category-sucesos-la-comarca-ca","14":"tag-alzira-ca","15":"tag-la-ribera-alta-ca","16":"tag-sucesos-ca"},"_links":{"self":[{"href":"https:\/\/www.tucomarca.com\/wordpress\/segunda\/ca\/wp-json\/wp\/v2\/posts\/192060","targetHints":{"allow":["GET"]}}],"collection":[{"href":"https:\/\/www.tucomarca.com\/wordpress\/segunda\/ca\/wp-json\/wp\/v2\/posts"}],"about":[{"href":"https:\/\/www.tucomarca.com\/wordpress\/segunda\/ca\/wp-json\/wp\/v2\/types\/post"}],"author":[{"embeddable":true,"href":"https:\/\/www.tucomarca.com\/wordpress\/segunda\/ca\/wp-json\/wp\/v2\/users\/1"}],"replies":[{"embeddable":true,"href":"https:\/\/www.tucomarca.com\/wordpress\/segunda\/ca\/wp-json\/wp\/v2\/comments?post=192060"}],"version-history":[{"count":0,"href":"https:\/\/www.tucomarca.com\/wordpress\/segunda\/ca\/wp-json\/wp\/v2\/posts\/192060\/revisions"}],"wp:featuredmedia":[{"embeddable":true,"href":"https:\/\/www.tucomarca.com\/wordpress\/segunda\/ca\/wp-json\/wp\/v2\/media\/93963"}],"wp:attachment":[{"href":"https:\/\/www.tucomarca.com\/wordpress\/segunda\/ca\/wp-json\/wp\/v2\/media?parent=192060"}],"wp:term":[{"taxonomy":"category","embeddable":true,"href":"https:\/\/www.tucomarca.com\/wordpress\/segunda\/ca\/wp-json\/wp\/v2\/categories?post=192060"},{"taxonomy":"post_tag","embeddable":true,"href":"https:\/\/www.tucomarca.com\/wordpress\/segunda\/ca\/wp-json\/wp\/v2\/tags?post=192060"}],"curies":[{"name":"wp","href":"https:\/\/api.w.org\/{rel}","templated":true}]}}