{"id":192095,"date":"2023-07-20T16:30:00","date_gmt":"2023-07-20T15:30:00","guid":{"rendered":"https:\/\/www.tucomarca.com\/wordpress\/segunda\/?p=192095"},"modified":"2023-07-20T19:44:59","modified_gmt":"2023-07-20T18:44:59","slug":"la-coalicio-desquerres-sumar-celebra-un-acte-electoral-a-bunyol","status":"publish","type":"post","link":"https:\/\/www.tucomarca.com\/wordpress\/segunda\/ca\/la-coalicio-desquerres-sumar-celebra-un-acte-electoral-a-bunyol\/","title":{"rendered":"La coalici\u00f3 d&#8217;esquerres Sumar celebra un acte electoral a Bunyol"},"content":{"rendered":"\n<p>La coalici\u00f3 d&#8217;esquerres Comprom\u00eds-Sumar ha celebrat aquest dimecres el seu acte de campanya a Bunyol per a les Eleccions Genarales del pr\u00f2xim diumenge.&nbsp;<\/p>\n\n\n\n<p>L&#8217;acte va tindre lloc en la Pla\u00e7a Layana amb l&#8217;assist\u00e8ncia de nombr\u00f3s p\u00fablic i en ell van intervindre Nahuel Gonz\u00e1lez, Candidat al congr\u00e9s; Sira Rego, Eurodiputada d&#8217;Esquerra Unida; Rosa P\u00e9rez Garijo, la coordinadora d&#8217;Esquerra Unida Pais Valenci\u00e0; i Chimo Masmano, regidor d&#8217;EUPV a Bunyol.<\/p>\n\n\n\n<figure class=\"wp-block-gallery has-nested-images columns-2 is-cropped wp-block-gallery-1 is-layout-flex wp-block-gallery-is-layout-flex\">\n<figure class=\"wp-block-image size-large\"><img loading=\"lazy\" decoding=\"async\" width=\"1181\" height=\"787\" data-id=\"192080\" src=\"http:\/\/www.tucomarca.com\/wordpress\/segunda\/wp-content\/uploads\/2023\/07\/Sumarbunol01.jpg\" alt=\"\" class=\"wp-image-192080\" srcset=\"https:\/\/www.tucomarca.com\/wordpress\/segunda\/wp-content\/uploads\/2023\/07\/Sumarbunol01.jpg 1181w, https:\/\/www.tucomarca.com\/wordpress\/segunda\/wp-content\/uploads\/2023\/07\/Sumarbunol01-300x200.jpg 300w, https:\/\/www.tucomarca.com\/wordpress\/segunda\/wp-content\/uploads\/2023\/07\/Sumarbunol01-1024x682.jpg 1024w, https:\/\/www.tucomarca.com\/wordpress\/segunda\/wp-content\/uploads\/2023\/07\/Sumarbunol01-768x512.jpg 768w\" sizes=\"auto, (max-width: 1181px) 100vw, 1181px\" \/><\/figure>\n\n\n\n<figure class=\"wp-block-image size-large\"><img loading=\"lazy\" decoding=\"async\" width=\"1181\" height=\"788\" data-id=\"192082\" src=\"http:\/\/www.tucomarca.com\/wordpress\/segunda\/wp-content\/uploads\/2023\/07\/Sumarbunol02.jpg\" alt=\"\" class=\"wp-image-192082\" srcset=\"https:\/\/www.tucomarca.com\/wordpress\/segunda\/wp-content\/uploads\/2023\/07\/Sumarbunol02.jpg 1181w, https:\/\/www.tucomarca.com\/wordpress\/segunda\/wp-content\/uploads\/2023\/07\/Sumarbunol02-300x200.jpg 300w, https:\/\/www.tucomarca.com\/wordpress\/segunda\/wp-content\/uploads\/2023\/07\/Sumarbunol02-1024x683.jpg 1024w, https:\/\/www.tucomarca.com\/wordpress\/segunda\/wp-content\/uploads\/2023\/07\/Sumarbunol02-768x512.jpg 768w\" sizes=\"auto, (max-width: 1181px) 100vw, 1181px\" \/><\/figure>\n\n\n\n<figure class=\"wp-block-image size-large\"><img loading=\"lazy\" decoding=\"async\" width=\"1181\" height=\"787\" data-id=\"192084\" src=\"http:\/\/www.tucomarca.com\/wordpress\/segunda\/wp-content\/uploads\/2023\/07\/Sumarbunol03.jpg\" alt=\"\" class=\"wp-image-192084\" srcset=\"https:\/\/www.tucomarca.com\/wordpress\/segunda\/wp-content\/uploads\/2023\/07\/Sumarbunol03.jpg 1181w, https:\/\/www.tucomarca.com\/wordpress\/segunda\/wp-content\/uploads\/2023\/07\/Sumarbunol03-300x200.jpg 300w, https:\/\/www.tucomarca.com\/wordpress\/segunda\/wp-content\/uploads\/2023\/07\/Sumarbunol03-1024x682.jpg 1024w, https:\/\/www.tucomarca.com\/wordpress\/segunda\/wp-content\/uploads\/2023\/07\/Sumarbunol03-768x512.jpg 768w\" sizes=\"auto, (max-width: 1181px) 100vw, 1181px\" \/><\/figure>\n\n\n\n<figure class=\"wp-block-image size-large\"><img loading=\"lazy\" decoding=\"async\" width=\"1181\" height=\"787\" data-id=\"192086\" src=\"http:\/\/www.tucomarca.com\/wordpress\/segunda\/wp-content\/uploads\/2023\/07\/Sumarbunol04.jpg\" alt=\"\" class=\"wp-image-192086\" srcset=\"https:\/\/www.tucomarca.com\/wordpress\/segunda\/wp-content\/uploads\/2023\/07\/Sumarbunol04.jpg 1181w, https:\/\/www.tucomarca.com\/wordpress\/segunda\/wp-content\/uploads\/2023\/07\/Sumarbunol04-300x200.jpg 300w, https:\/\/www.tucomarca.com\/wordpress\/segunda\/wp-content\/uploads\/2023\/07\/Sumarbunol04-1024x682.jpg 1024w, https:\/\/www.tucomarca.com\/wordpress\/segunda\/wp-content\/uploads\/2023\/07\/Sumarbunol04-768x512.jpg 768w\" sizes=\"auto, (max-width: 1181px) 100vw, 1181px\" \/><\/figure>\n\n\n\n<figure class=\"wp-block-image size-large\"><img loading=\"lazy\" decoding=\"async\" width=\"1181\" height=\"787\" data-id=\"192088\" src=\"http:\/\/www.tucomarca.com\/wordpress\/segunda\/wp-content\/uploads\/2023\/07\/Sumarbunol06.jpg\" alt=\"\" class=\"wp-image-192088\" srcset=\"https:\/\/www.tucomarca.com\/wordpress\/segunda\/wp-content\/uploads\/2023\/07\/Sumarbunol06.jpg 1181w, https:\/\/www.tucomarca.com\/wordpress\/segunda\/wp-content\/uploads\/2023\/07\/Sumarbunol06-300x200.jpg 300w, https:\/\/www.tucomarca.com\/wordpress\/segunda\/wp-content\/uploads\/2023\/07\/Sumarbunol06-1024x682.jpg 1024w, https:\/\/www.tucomarca.com\/wordpress\/segunda\/wp-content\/uploads\/2023\/07\/Sumarbunol06-768x512.jpg 768w\" sizes=\"auto, (max-width: 1181px) 100vw, 1181px\" \/><\/figure>\n\n\n\n<figure class=\"wp-block-image size-large\"><img loading=\"lazy\" decoding=\"async\" width=\"1181\" height=\"787\" data-id=\"192092\" src=\"http:\/\/www.tucomarca.com\/wordpress\/segunda\/wp-content\/uploads\/2023\/07\/Sumarbunol08.jpg\" alt=\"\" class=\"wp-image-192092\" srcset=\"https:\/\/www.tucomarca.com\/wordpress\/segunda\/wp-content\/uploads\/2023\/07\/Sumarbunol08.jpg 1181w, https:\/\/www.tucomarca.com\/wordpress\/segunda\/wp-content\/uploads\/2023\/07\/Sumarbunol08-300x200.jpg 300w, https:\/\/www.tucomarca.com\/wordpress\/segunda\/wp-content\/uploads\/2023\/07\/Sumarbunol08-1024x682.jpg 1024w, https:\/\/www.tucomarca.com\/wordpress\/segunda\/wp-content\/uploads\/2023\/07\/Sumarbunol08-768x512.jpg 768w\" sizes=\"auto, (max-width: 1181px) 100vw, 1181px\" \/><\/figure>\n<\/figure>\n","protected":false},"excerpt":{"rendered":"<div class=\"mh-excerpt\">La coalici\u00f3 d&#8217;esquerres Comprom\u00eds-Sumar ha celebrat aquest dimecres el seu acte de campanya a Bunyol per a les Eleccions Genarales del pr\u00f2xim diumenge.&nbsp; L&#8217;acte va tindre lloc en la Pla\u00e7a Layana amb l&#8217;assist\u00e8ncia de nombr\u00f3s <a class=\"mh-excerpt-more\" href=\"https:\/\/www.tucomarca.com\/wordpress\/segunda\/ca\/la-coalicio-desquerres-sumar-celebra-un-acte-electoral-a-bunyol\/\" title=\"La coalici\u00f3 d&#8217;esquerres Sumar celebra un acte electoral a Bunyol\">[+] <\/a><\/div>\n","protected":false},"author":12,"featured_media":192091,"comment_status":"open","ping_status":"open","sticky":false,"template":"","format":"gallery","meta":{"footnotes":""},"categories":[10911,10894,10912,10947,10896],"tags":[10913,11570,10914,19495],"class_list":{"0":"post-192095","1":"post","2":"type-post","3":"status-publish","4":"format-gallery","5":"has-post-thumbnail","7":"category-bunol-ca","8":"category-la-comarca-ca","9":"category-la-hoya-ca","10":"category-politica","11":"category-seccion-ca","12":"tag-bunol-ca","13":"tag-eupv-ca","14":"tag-la-hoya-de-bunol-chiva-ca","15":"tag-sumar-ca","16":"post_format-post-format-gallery"},"_links":{"self":[{"href":"https:\/\/www.tucomarca.com\/wordpress\/segunda\/ca\/wp-json\/wp\/v2\/posts\/192095","targetHints":{"allow":["GET"]}}],"collection":[{"href":"https:\/\/www.tucomarca.com\/wordpress\/segunda\/ca\/wp-json\/wp\/v2\/posts"}],"about":[{"href":"https:\/\/www.tucomarca.com\/wordpress\/segunda\/ca\/wp-json\/wp\/v2\/types\/post"}],"author":[{"embeddable":true,"href":"https:\/\/www.tucomarca.com\/wordpress\/segunda\/ca\/wp-json\/wp\/v2\/users\/12"}],"replies":[{"embeddable":true,"href":"https:\/\/www.tucomarca.com\/wordpress\/segunda\/ca\/wp-json\/wp\/v2\/comments?post=192095"}],"version-history":[{"count":0,"href":"https:\/\/www.tucomarca.com\/wordpress\/segunda\/ca\/wp-json\/wp\/v2\/posts\/192095\/revisions"}],"wp:featuredmedia":[{"embeddable":true,"href":"https:\/\/www.tucomarca.com\/wordpress\/segunda\/ca\/wp-json\/wp\/v2\/media\/192091"}],"wp:attachment":[{"href":"https:\/\/www.tucomarca.com\/wordpress\/segunda\/ca\/wp-json\/wp\/v2\/media?parent=192095"}],"wp:term":[{"taxonomy":"category","embeddable":true,"href":"https:\/\/www.tucomarca.com\/wordpress\/segunda\/ca\/wp-json\/wp\/v2\/categories?post=192095"},{"taxonomy":"post_tag","embeddable":true,"href":"https:\/\/www.tucomarca.com\/wordpress\/segunda\/ca\/wp-json\/wp\/v2\/tags?post=192095"}],"curies":[{"name":"wp","href":"https:\/\/api.w.org\/{rel}","templated":true}]}}