{"id":192903,"date":"2023-08-01T08:00:00","date_gmt":"2023-08-01T07:00:00","guid":{"rendered":"https:\/\/www.tucomarca.com\/wordpress\/segunda\/?p=192903"},"modified":"2023-08-01T13:51:09","modified_gmt":"2023-08-01T12:51:09","slug":"juliol-deixa-temperatures-mes-elevades-del-normal-a-la-comarca-de-requena-utiel","status":"publish","type":"post","link":"https:\/\/www.tucomarca.com\/wordpress\/segunda\/ca\/juliol-deixa-temperatures-mes-elevades-del-normal-a-la-comarca-de-requena-utiel\/","title":{"rendered":"Juliol deixa temperatures m\u00e9s elevades del normal a la comarca de Requena-Utiel"},"content":{"rendered":"\n<p>El mes de juliol ha sigut m\u00e9s c\u00e0lid del normal a la comarca Requena-Utiel, fins al punt que ha registrat diverses nits tropicals. Les temperatures m\u00e0ximes m\u00e9s elevades es van aconseguir els dies 11 i 18, quan van superar els 40\u00b0 en la pr\u00e0ctica totalitat del territori comarcal.<\/p>\n\n\n\n<p>Moltes persones, principalment les de major edat, s&#8217;han queixat dels problemes que els han originat les altes temperatures com els relacionats amb les dificultats per a agafar el son.<\/p>\n\n\n\n<p>Per als cultius agr\u00edcoles les altes temperatures han sigut perjudicials perqu\u00e8 han agreujat les conseq\u00fc\u00e8ncies de la sequera, afirmen els agricultors. Informa, <strong>Luis ib\u00e1\u00f1ez<\/strong>.<\/p>\n","protected":false},"excerpt":{"rendered":"<div class=\"mh-excerpt\">El mes de juliol ha sigut m\u00e9s c\u00e0lid del normal a la comarca Requena-Utiel, fins al punt que ha registrat diverses nits tropicals. Les temperatures m\u00e0ximes m\u00e9s elevades es van aconseguir els dies 11 i <a class=\"mh-excerpt-more\" href=\"https:\/\/www.tucomarca.com\/wordpress\/segunda\/ca\/juliol-deixa-temperatures-mes-elevades-del-normal-a-la-comarca-de-requena-utiel\/\" title=\"Juliol deixa temperatures m\u00e9s elevades del normal a la comarca de Requena-Utiel\">[+] <\/a><\/div>\n","protected":false},"author":12,"featured_media":192901,"comment_status":"open","ping_status":"open","sticky":false,"template":"","format":"standard","meta":{"footnotes":""},"categories":[10905,10898,11055,10948,10894,10903,10908,10909,10896,11059],"tags":[12441,10910],"class_list":{"0":"post-192903","1":"post","2":"type-post","3":"status-publish","4":"format-standard","5":"has-post-thumbnail","7":"category-agricultura-la-comarca-ca","8":"category-ventana-ca","9":"category-fuenterrobles-ca","10":"category-infraestructuras-ca","11":"category-la-comarca-ca","12":"category-medio-ambiente-la-comarca-ca","13":"category-requena-ca","14":"category-requena-utiel-ca","15":"category-seccion-ca","16":"category-utiel-ca","17":"tag-altas-temperaturas-ca","18":"tag-requena-utiel-ca"},"_links":{"self":[{"href":"https:\/\/www.tucomarca.com\/wordpress\/segunda\/ca\/wp-json\/wp\/v2\/posts\/192903","targetHints":{"allow":["GET"]}}],"collection":[{"href":"https:\/\/www.tucomarca.com\/wordpress\/segunda\/ca\/wp-json\/wp\/v2\/posts"}],"about":[{"href":"https:\/\/www.tucomarca.com\/wordpress\/segunda\/ca\/wp-json\/wp\/v2\/types\/post"}],"author":[{"embeddable":true,"href":"https:\/\/www.tucomarca.com\/wordpress\/segunda\/ca\/wp-json\/wp\/v2\/users\/12"}],"replies":[{"embeddable":true,"href":"https:\/\/www.tucomarca.com\/wordpress\/segunda\/ca\/wp-json\/wp\/v2\/comments?post=192903"}],"version-history":[{"count":0,"href":"https:\/\/www.tucomarca.com\/wordpress\/segunda\/ca\/wp-json\/wp\/v2\/posts\/192903\/revisions"}],"wp:featuredmedia":[{"embeddable":true,"href":"https:\/\/www.tucomarca.com\/wordpress\/segunda\/ca\/wp-json\/wp\/v2\/media\/192901"}],"wp:attachment":[{"href":"https:\/\/www.tucomarca.com\/wordpress\/segunda\/ca\/wp-json\/wp\/v2\/media?parent=192903"}],"wp:term":[{"taxonomy":"category","embeddable":true,"href":"https:\/\/www.tucomarca.com\/wordpress\/segunda\/ca\/wp-json\/wp\/v2\/categories?post=192903"},{"taxonomy":"post_tag","embeddable":true,"href":"https:\/\/www.tucomarca.com\/wordpress\/segunda\/ca\/wp-json\/wp\/v2\/tags?post=192903"}],"curies":[{"name":"wp","href":"https:\/\/api.w.org\/{rel}","templated":true}]}}