{"id":193017,"date":"2023-08-02T09:00:00","date_gmt":"2023-08-02T08:00:00","guid":{"rendered":"https:\/\/www.tucomarca.com\/wordpress\/segunda\/?p=193017"},"modified":"2023-08-02T13:32:43","modified_gmt":"2023-08-02T12:32:43","slug":"ava-asaja-denuncia-els-primers-robatoris-de-garrofes-a-plena-llum-del-dia-mes-primerencs-i-organitzats","status":"publish","type":"post","link":"https:\/\/www.tucomarca.com\/wordpress\/segunda\/ca\/ava-asaja-denuncia-els-primers-robatoris-de-garrofes-a-plena-llum-del-dia-mes-primerencs-i-organitzats\/","title":{"rendered":"AVA-Asaja den\u00fancia els primers robatoris de garrofes: a plena llum del dia, m\u00e9s primerencs i organitzats"},"content":{"rendered":"\n<h4 class=\"wp-block-heading\">L&#8217;associaci\u00f3 exigeix la reimplantaci\u00f3 del pla especial de vigil\u00e0ncia en camps i magatzems i valora la iniciativa d&#8217;ajuntaments de contractar guarderies rurals&nbsp;<\/h4>\n\n\n\n<p>L&#8217;Associaci\u00f3 Valenciana d&#8217;Agricultors (AVA-Asaja) den\u00fancia la proliferaci\u00f3 dels primers robatoris de garrofes comesos enguany que, tal com destaca l&#8217;organitzaci\u00f3 agr\u00e0ria, es produeixen a plena llum del dia, cada vegada en unes dates m\u00e9s primerenques (quan la fruita seca encara no han aconseguit l&#8217;estat \u00f2ptim de maduraci\u00f3) i per part de bandes que actuen amb una major organitzaci\u00f3, rapidesa i \u00fas de materials per a incrementar els seus guanys a costa d&#8217;afonar la rendibilitat dels productors.&nbsp;<br>Associats han detectat des de fa quinze dies robatoris continuats en diversos termes del Camp de T\u00faria (com Olocau, Marines i Ll\u00edria). Aix\u00ed mateix, les forces de seguretat han constatat un increment de sostraccions a la comarca alacantina de la Vega Baixa del Segura (en finques d&#8217;Albatera, Almorad\u00ed i Rojals) i han obert una investigaci\u00f3 a una banda de cinc persones que es coordinaven per a estudiar el terreny, robar i vendre la mercaderia.&nbsp;<br>AVA-Asaja exigeix a la delegada del Govern a la Comunitat Valenciana, Pilar Bernab\u00e9, la reimplantaci\u00f3 i la m\u00e0xima intensificaci\u00f3 del pla especial de vigil\u00e0ncia que venen duent a terme aquests \u00faltims anys els equips ROCA de la Gu\u00e0rdia Civil al costat de la Policia de la Generalitat. A m\u00e9s dels camps, l&#8217;associaci\u00f3 insta a centrar els controls a les portes dels magatzems que s\u00f3n susceptibles de rebre els productes sostrets, on demana una comprovaci\u00f3 rigorosa de la tra\u00e7abilitat de cada lot, la quantitat del qual ha de coincidir amb el potencial productiu de les parcel\u00b7les indicades en el registre.&nbsp;<br>El responsable de la sectorial de fruita seca de AVA-Asaja, Armando Boullosa, afirma que \u201c\u00e9s evident que hi ha lladres que volen fer del robatori de garrofes la seua manera de vida i per a aix\u00f2 han apr\u00e9s a crear grups criminals perfectament estructurats. Hem arribat a una situaci\u00f3 cada vegada m\u00e9s intolerable davant la qual l&#8217;Administraci\u00f3 ha de posar tots els mitjans a la seua disposici\u00f3. Valorem la iniciativa que han empr\u00e9s ajuntaments com el de Xiva per a contractar guarderies rurals que coneixen el terme i poden ajudar a previndre delictes. Tota col\u00b7laboraci\u00f3 \u00e9s necess\u00e0ria enfront d&#8217;un problema que amena\u00e7a la superviv\u00e8ncia mateixa del cultiu\u201d.&nbsp;<br>AVA-Asaja sol\u00b7licita aix\u00ed mateix ampliar la vigil\u00e0ncia a altres cultius i infraestructures agr\u00e0ries que estan patint robatoris sistem\u00e0ticament. Segons les seues estimacions, els robatoris van provocar en l&#8217;\u00faltim any 25 milions de p\u00e8rdues als agricultors i ramaders de la Comunitat Valenciana.<\/p>\n\n\n\n<p><\/p>\n","protected":false},"excerpt":{"rendered":"<div class=\"mh-excerpt\">L&#8217;associaci\u00f3 exigeix la reimplantaci\u00f3 del pla especial de vigil\u00e0ncia en camps i magatzems i valora la iniciativa d&#8217;ajuntaments de contractar guarderies rurals&nbsp; L&#8217;Associaci\u00f3 Valenciana d&#8217;Agricultors (AVA-Asaja) den\u00fancia la proliferaci\u00f3 dels primers robatoris de garrofes comesos <a class=\"mh-excerpt-more\" href=\"https:\/\/www.tucomarca.com\/wordpress\/segunda\/ca\/ava-asaja-denuncia-els-primers-robatoris-de-garrofes-a-plena-llum-del-dia-mes-primerencs-i-organitzats\/\" title=\"AVA-Asaja den\u00fancia els primers robatoris de garrofes: a plena llum del dia, m\u00e9s primerencs i organitzats\">[+] <\/a><\/div>\n","protected":false},"author":12,"featured_media":193016,"comment_status":"open","ping_status":"open","sticky":false,"template":"","format":"standard","meta":{"footnotes":""},"categories":[10890,10905,10951,10892,11046,10898,10948,10963,10894,10904,10912,10902,10947,10909,10896,10897],"tags":[12976,11924,17603],"class_list":{"0":"post-193017","1":"post","2":"type-post","3":"status-publish","4":"format-standard","5":"has-post-thumbnail","7":"category-ademus","8":"category-agricultura-la-comarca-ca","9":"category-ayora-cofrentes-ca","10":"category-camp-de-turia-ca","11":"category-los-serranos-ca","12":"category-ventana-ca","13":"category-infraestructuras-ca","14":"category-la-canal-de-navarres-ca","15":"category-la-comarca-ca","16":"category-sin-categorizar-ca","17":"category-la-hoya-ca","18":"category-la-ribera-ca","19":"category-politica","20":"category-requena-utiel-ca","21":"category-seccion-ca","22":"category-sucesos-la-comarca-ca","23":"tag-algarrobas-ca","24":"tag-ava-asaja-ca","25":"tag-robos-de-algarrobas-ca"},"_links":{"self":[{"href":"https:\/\/www.tucomarca.com\/wordpress\/segunda\/ca\/wp-json\/wp\/v2\/posts\/193017","targetHints":{"allow":["GET"]}}],"collection":[{"href":"https:\/\/www.tucomarca.com\/wordpress\/segunda\/ca\/wp-json\/wp\/v2\/posts"}],"about":[{"href":"https:\/\/www.tucomarca.com\/wordpress\/segunda\/ca\/wp-json\/wp\/v2\/types\/post"}],"author":[{"embeddable":true,"href":"https:\/\/www.tucomarca.com\/wordpress\/segunda\/ca\/wp-json\/wp\/v2\/users\/12"}],"replies":[{"embeddable":true,"href":"https:\/\/www.tucomarca.com\/wordpress\/segunda\/ca\/wp-json\/wp\/v2\/comments?post=193017"}],"version-history":[{"count":0,"href":"https:\/\/www.tucomarca.com\/wordpress\/segunda\/ca\/wp-json\/wp\/v2\/posts\/193017\/revisions"}],"wp:featuredmedia":[{"embeddable":true,"href":"https:\/\/www.tucomarca.com\/wordpress\/segunda\/ca\/wp-json\/wp\/v2\/media\/193016"}],"wp:attachment":[{"href":"https:\/\/www.tucomarca.com\/wordpress\/segunda\/ca\/wp-json\/wp\/v2\/media?parent=193017"}],"wp:term":[{"taxonomy":"category","embeddable":true,"href":"https:\/\/www.tucomarca.com\/wordpress\/segunda\/ca\/wp-json\/wp\/v2\/categories?post=193017"},{"taxonomy":"post_tag","embeddable":true,"href":"https:\/\/www.tucomarca.com\/wordpress\/segunda\/ca\/wp-json\/wp\/v2\/tags?post=193017"}],"curies":[{"name":"wp","href":"https:\/\/api.w.org\/{rel}","templated":true}]}}