{"id":193051,"date":"2023-08-02T06:00:00","date_gmt":"2023-08-02T05:00:00","guid":{"rendered":"https:\/\/www.tucomarca.com\/wordpress\/segunda\/?p=193051"},"modified":"2023-08-02T23:17:15","modified_gmt":"2023-08-02T22:17:15","slug":"lalcalde-de-fuenterrobles-denuncia-una-agressio-homofoba-a-ell-i-a-la-seua-parella","status":"publish","type":"post","link":"https:\/\/www.tucomarca.com\/wordpress\/segunda\/ca\/lalcalde-de-fuenterrobles-denuncia-una-agressio-homofoba-a-ell-i-a-la-seua-parella\/","title":{"rendered":"L&#8217;alcalde de Fuenterrobles denuncia una agressi\u00f3 hom\u00f2foba a ell i a la seua parella"},"content":{"rendered":"\n<p>L&#8217;alcalde de Fuenterrobles, Adri\u00e1n \u00c1lvarez, ha denunciat davant la Gu\u00e0rdia Civil un atac hom\u00f2fob que va patir ahir mentre caminava amb la seua parella. Segons ha explicat, van ser agredits f\u00edsicament per una dona al crit de &#8220;mariconazos&#8221; i &#8220;marietes de merda&#8221;, a m\u00e9s d&#8217;anomenar-li &#8220;alcaldessa&#8221; per la seua condici\u00f3 LGTBIQ+.<\/p>\n\n\n\n<p>\u00c1lvarez va rebre una punyada en la mand\u00edbula mentre que a la seua parella li va colpejar en la templa, la qual cosa va provocar el trencament de les seues ulleres. Pel que sembla, l&#8217;agressi\u00f3 es va produir quan tots dos van arribar al negoci que regenten i, en veure&#8217;ls, segons indiquen, &#8220;va provocar que la dona entrara en c\u00f2lera&#8221;.<\/p>\n\n\n\n<p>Va ser llavors quan la parella es va llevar de damunt a la dona que va caure a terra i va comen\u00e7ar a dir que l&#8217;havien agredida. &#8220;Afortunadament, hi havia testimonis que van veure l&#8217;ocorregut&#8221;&nbsp;<\/p>\n\n\n\n<p>Despr\u00e9s del succe\u00eft, es van despla\u00e7ar a un centre de salut on els van emetre l&#8217;informe de lesions amb el qual van denunciar a la Gu\u00e0rdia Civil els fets.&nbsp;<\/p>\n\n\n\n<p>&#8220;Esperem que es fa\u00e7a just\u00edcia i que tot el pes de la llei caiga sobre aquest tipus de gent que es cree amb dret a agredir a uns altres sense cap objecci\u00f3&#8221;.<\/p>\n\n\n\n<p>&#8220;Aix\u00f2 ens fa cada dia m\u00e9s forts i ens reafirma en la idea que cal continuar lluitant per mantindre els nostres drets i llibertats i acabar amb la xacra de merda de l&#8217;odi&#8221;, escrivia Adri\u00e1n en les seues xarxes socials.<\/p>\n\n\n\n<p><\/p>\n","protected":false},"excerpt":{"rendered":"<div class=\"mh-excerpt\">L&#8217;alcalde de Fuenterrobles, Adri\u00e1n \u00c1lvarez, ha denunciat davant la Gu\u00e0rdia Civil un atac hom\u00f2fob que va patir ahir mentre caminava amb la seua parella. Segons ha explicat, van ser agredits f\u00edsicament per una dona al <a class=\"mh-excerpt-more\" href=\"https:\/\/www.tucomarca.com\/wordpress\/segunda\/ca\/lalcalde-de-fuenterrobles-denuncia-una-agressio-homofoba-a-ell-i-a-la-seua-parella\/\" title=\"L&#8217;alcalde de Fuenterrobles denuncia una agressi\u00f3 hom\u00f2foba a ell i a la seua parella\">[+] <\/a><\/div>\n","protected":false},"author":12,"featured_media":116368,"comment_status":"open","ping_status":"open","sticky":false,"template":"","format":"standard","meta":{"footnotes":""},"categories":[11055,10894,10947,10909,10896,10897],"tags":[19551,12836,10910],"class_list":{"0":"post-193051","1":"post","2":"type-post","3":"status-publish","4":"format-standard","5":"has-post-thumbnail","7":"category-fuenterrobles-ca","8":"category-la-comarca-ca","9":"category-politica","10":"category-requena-utiel-ca","11":"category-seccion-ca","12":"category-sucesos-la-comarca-ca","13":"tag-agresion-homofoba-ca","14":"tag-fuenterrobles-ca","15":"tag-requena-utiel-ca"},"_links":{"self":[{"href":"https:\/\/www.tucomarca.com\/wordpress\/segunda\/ca\/wp-json\/wp\/v2\/posts\/193051","targetHints":{"allow":["GET"]}}],"collection":[{"href":"https:\/\/www.tucomarca.com\/wordpress\/segunda\/ca\/wp-json\/wp\/v2\/posts"}],"about":[{"href":"https:\/\/www.tucomarca.com\/wordpress\/segunda\/ca\/wp-json\/wp\/v2\/types\/post"}],"author":[{"embeddable":true,"href":"https:\/\/www.tucomarca.com\/wordpress\/segunda\/ca\/wp-json\/wp\/v2\/users\/12"}],"replies":[{"embeddable":true,"href":"https:\/\/www.tucomarca.com\/wordpress\/segunda\/ca\/wp-json\/wp\/v2\/comments?post=193051"}],"version-history":[{"count":0,"href":"https:\/\/www.tucomarca.com\/wordpress\/segunda\/ca\/wp-json\/wp\/v2\/posts\/193051\/revisions"}],"wp:featuredmedia":[{"embeddable":true,"href":"https:\/\/www.tucomarca.com\/wordpress\/segunda\/ca\/wp-json\/wp\/v2\/media\/116368"}],"wp:attachment":[{"href":"https:\/\/www.tucomarca.com\/wordpress\/segunda\/ca\/wp-json\/wp\/v2\/media?parent=193051"}],"wp:term":[{"taxonomy":"category","embeddable":true,"href":"https:\/\/www.tucomarca.com\/wordpress\/segunda\/ca\/wp-json\/wp\/v2\/categories?post=193051"},{"taxonomy":"post_tag","embeddable":true,"href":"https:\/\/www.tucomarca.com\/wordpress\/segunda\/ca\/wp-json\/wp\/v2\/tags?post=193051"}],"curies":[{"name":"wp","href":"https:\/\/api.w.org\/{rel}","templated":true}]}}