{"id":193089,"date":"2023-08-03T12:00:00","date_gmt":"2023-08-03T11:00:00","guid":{"rendered":"https:\/\/www.tucomarca.com\/wordpress\/segunda\/?p=193089"},"modified":"2023-08-03T17:33:05","modified_gmt":"2023-08-03T16:33:05","slug":"benaguasil-obte-un-nou-taller-docupacio-per-a-20-persones","status":"publish","type":"post","link":"https:\/\/www.tucomarca.com\/wordpress\/segunda\/ca\/benaguasil-obte-un-nou-taller-docupacio-per-a-20-persones\/","title":{"rendered":"Benaguasil obt\u00e9 un nou taller d&#8217;ocupaci\u00f3 per a 20 persones"},"content":{"rendered":"\n<p><strong>Permetr\u00e0 que persones desocupades del municipi es formen en les especialitats d&#8217;obra de paleta i jardineria<\/strong><\/p>\n\n\n\n<p>L&#8217;ajuntament de Benaguasil ha obtingut un nou Taller d&#8217;Ocupaci\u00f3 amb una subvenci\u00f3 de Labora de 537.067,2\u20ac. El programa arrancar\u00e0 a la fi d&#8217;any i permetr\u00e0 contractar 20 persones en les especialitats de jardineria i obra de paleta i cinc persones que conformaran l&#8217;equip docent i de suport.&nbsp;<\/p>\n\n\n\n<p>Despr\u00e9s de l&#8217;anunci, la regidor de Personal, Patricia Merenciano ha assegurat que \u201cper a l&#8217;ajuntament de Benaguasil \u00e9s una prioritat apostar per iniciatives que, com els Tallers d&#8217;Ocupaci\u00f3, afavorisquen la inserci\u00f3 laboral i milloren les oportunitats d&#8217;\u00fas dels ve\u00efns i ve\u00efnes\u201d.<\/p>\n\n\n\n<p>Les persones interessades a participar en el proc\u00e9s de selecci\u00f3 del Taller d&#8217;Ocupaci\u00f3 denominada \u201cBenaguasil Sostenible IV\u201d han d&#8217;estar inscrites i registrades pr\u00e8viament en LABORA en les especialitats formativa: operacions auxiliars d&#8217;obra de paleta de f\u00e0briques i cobertes (EOCB0208), f\u00e0briques d&#8217;obra de paleta (EOCB0108), activitats auxiliars en vivers, jardins i centres de jardineria (AGAO0108) i instal\u00b7laci\u00f3 i manteniment de jardins i zones verdes (AGAO0208).<\/p>\n\n\n\n<p>Aix\u00ed mateix hauran de complir els seg\u00fcents requisits m\u00ednims: tindre 18 anys o m\u00e9s, ser demandants d&#8217;ocupaci\u00f3, registrades en un servei p\u00fablic d&#8217;ocupaci\u00f3, ser desocupades no ocupades o persones ocupades registrades en millora d&#8217;ocupaci\u00f3, complir els requisits establits en la normativa d&#8217;aplicaci\u00f3 per a formalitzar un contracte de formaci\u00f3 en alternan\u00e7a i complir els requisits establits en l&#8217;article 20 del Reial decret 34\/2008, de 18 de gener, pel qual es regulen els certificats de professionalitat, per a l&#8217;acc\u00e9s a les accions formatives.<\/p>\n\n\n\n<p>Aquests tallers s\u00f3n programes mixtos de formaci\u00f3 i ocupaci\u00f3&nbsp;que tenen com a objectiu millorar els recursos formatius dels participants, reciclar-se en altres ocupacions i adquirir un t\u00edtol formatiu amb la finalitat de millorar les seues possibilitats d&#8217;inserci\u00f3 en el mercat laboral.<\/p>\n","protected":false},"excerpt":{"rendered":"<div class=\"mh-excerpt\">Permetr\u00e0 que persones desocupades del municipi es formen en les especialitats d&#8217;obra de paleta i jardineria L&#8217;ajuntament de Benaguasil ha obtingut un nou Taller d&#8217;Ocupaci\u00f3 amb una subvenci\u00f3 de Labora de 537.067,2\u20ac. El programa arrancar\u00e0 <a class=\"mh-excerpt-more\" href=\"https:\/\/www.tucomarca.com\/wordpress\/segunda\/ca\/benaguasil-obte-un-nou-taller-docupacio-per-a-20-persones\/\" title=\"Benaguasil obt\u00e9 un nou taller d&#8217;ocupaci\u00f3 per a 20 persones\">[+] <\/a><\/div>\n","protected":false},"author":13,"featured_media":144795,"comment_status":"open","ping_status":"open","sticky":false,"template":"","format":"standard","meta":{"footnotes":""},"categories":[10952,10892,10948,10894,10947,10896],"tags":[11136,10899,12480],"class_list":{"0":"post-193089","1":"post","2":"type-post","3":"status-publish","4":"format-standard","5":"has-post-thumbnail","7":"category-benaguasil-ca","8":"category-camp-de-turia-ca","9":"category-infraestructuras-ca","10":"category-la-comarca-ca","11":"category-politica","12":"category-seccion-ca","13":"tag-benaguasil-ca","14":"tag-camp-de-turia-ca","15":"tag-empleo-ca"},"_links":{"self":[{"href":"https:\/\/www.tucomarca.com\/wordpress\/segunda\/ca\/wp-json\/wp\/v2\/posts\/193089","targetHints":{"allow":["GET"]}}],"collection":[{"href":"https:\/\/www.tucomarca.com\/wordpress\/segunda\/ca\/wp-json\/wp\/v2\/posts"}],"about":[{"href":"https:\/\/www.tucomarca.com\/wordpress\/segunda\/ca\/wp-json\/wp\/v2\/types\/post"}],"author":[{"embeddable":true,"href":"https:\/\/www.tucomarca.com\/wordpress\/segunda\/ca\/wp-json\/wp\/v2\/users\/13"}],"replies":[{"embeddable":true,"href":"https:\/\/www.tucomarca.com\/wordpress\/segunda\/ca\/wp-json\/wp\/v2\/comments?post=193089"}],"version-history":[{"count":0,"href":"https:\/\/www.tucomarca.com\/wordpress\/segunda\/ca\/wp-json\/wp\/v2\/posts\/193089\/revisions"}],"wp:featuredmedia":[{"embeddable":true,"href":"https:\/\/www.tucomarca.com\/wordpress\/segunda\/ca\/wp-json\/wp\/v2\/media\/144795"}],"wp:attachment":[{"href":"https:\/\/www.tucomarca.com\/wordpress\/segunda\/ca\/wp-json\/wp\/v2\/media?parent=193089"}],"wp:term":[{"taxonomy":"category","embeddable":true,"href":"https:\/\/www.tucomarca.com\/wordpress\/segunda\/ca\/wp-json\/wp\/v2\/categories?post=193089"},{"taxonomy":"post_tag","embeddable":true,"href":"https:\/\/www.tucomarca.com\/wordpress\/segunda\/ca\/wp-json\/wp\/v2\/tags?post=193089"}],"curies":[{"name":"wp","href":"https:\/\/api.w.org\/{rel}","templated":true}]}}