{"id":193181,"date":"2023-08-04T08:25:00","date_gmt":"2023-08-04T07:25:00","guid":{"rendered":"https:\/\/www.tucomarca.com\/wordpress\/segunda\/?p=193181"},"modified":"2023-08-04T08:44:54","modified_gmt":"2023-08-04T07:44:54","slug":"entrevista-paqui-rico-regidora-de-festes-godelleta-es-un-poble-que-destaca-tots-els-anys-per-les-seues-festes","status":"publish","type":"post","link":"https:\/\/www.tucomarca.com\/wordpress\/segunda\/ca\/entrevista-paqui-rico-regidora-de-festes-godelleta-es-un-poble-que-destaca-tots-els-anys-per-les-seues-festes\/","title":{"rendered":"Entrevista: Paqui Rico, regidora de Festes: &#8220;Godelleta \u00e9s un poble que destaca tots els anys per les seues festes&#8221;"},"content":{"rendered":"\n<h3 class=\"wp-block-heading\">Godelleta inicia aquest divendres amb el preg\u00f3 i la presentaci\u00f3 de les clavaries les seues festes d&#8217;estiu que es prolongaran fins al 27 d&#8217;agost. La m\u00e0xima responsable de l&#8217;\u00e0rea de Festa de la localitat, la regidora Paqui Rico, ha detallat a tucomarca.com els actes festius continguts en el programa que durant les pr\u00f2ximes setmanes es podran gaudir en la localitat.&nbsp;<\/h3>\n\n\n\n<figure class=\"wp-block-image size-large is-resized\"><img loading=\"lazy\" decoding=\"async\" src=\"http:\/\/www.tucomarca.com\/wordpress\/segunda\/wp-content\/uploads\/2023\/08\/GodelletaPaqui-778x1024.jpg\" alt=\"\" class=\"wp-image-193174\" width=\"486\" height=\"639\" srcset=\"https:\/\/www.tucomarca.com\/wordpress\/segunda\/wp-content\/uploads\/2023\/08\/GodelletaPaqui-778x1024.jpg 778w, https:\/\/www.tucomarca.com\/wordpress\/segunda\/wp-content\/uploads\/2023\/08\/GodelletaPaqui-228x300.jpg 228w, https:\/\/www.tucomarca.com\/wordpress\/segunda\/wp-content\/uploads\/2023\/08\/GodelletaPaqui-768x1011.jpg 768w, https:\/\/www.tucomarca.com\/wordpress\/segunda\/wp-content\/uploads\/2023\/08\/GodelletaPaqui.jpg 1112w\" sizes=\"auto, (max-width: 486px) 100vw, 486px\" \/><\/figure>\n\n\n\n<p><strong>\u2014 Acaba d&#8217;accedir al c\u00e0rrec de regidora de Festes de l&#8217;Ajuntament de Godelleta, quines sensacions tenen com a responsable d&#8217;aquest \u00e0rea a punt de *inciarse els festejos en la localitat?<\/strong><\/p>\n\n\n\n<p>\u2013 Perqu\u00e8 les meues sensacions la veritat \u00e9s que s\u00f3n molt bones, tant anteriorment com ara que soc regidor de Festes, a m\u00e9s d&#8217;altres regidories. No obstant aix\u00f2, les festes \u00e9s una cosa que sempre porte veient i, com encara sent de fora sempre he vingut ac\u00ed, perqu\u00e8 jo soc de Val\u00e8ncia per\u00f2 vinc des que vaig n\u00e0ixer a Godelleta, i el meu pare \u00e9s d&#8217;ac\u00ed, perqu\u00e8 les festes per a mi han sigut sempre el m\u00e9s i sempre les he gaudides molt\u00edssim amb tota la gent i amb tots els partits que han estat. En les festes de Godelleta ens unim molt la gent, per la qual cosa el poder preparar-les jo, encara que vaig molt boja, la veritat \u00e9s que l&#8217;estic gaudint. A m\u00e9s, \u00e9s impressionant l&#8217;ajuda que tinc de la Comissi\u00f3, es bolca molt\u00edssim la gent, l&#8217;alegria que es t\u00e9 i que es veu perqu\u00e8 s&#8217;acosten les dates\u2026 estic encantada, la veritat, estic molt contenta. Molt atrafegada, per\u00f2 s&#8217;emporta amb una satisfacci\u00f3 el fer coses que m&#8217;omplin molt i ho estic portant molt b\u00e9.<\/p>\n\n\n\n<p><strong>\u2014 Les festes comencen oficialment aquest divendres, dia 4 d&#8217;agost, amb el preg\u00f3 i la presentaci\u00f3 de la clavaria. Com es desenvolupar\u00e0 l&#8217;acte i qui el protagonitzaran enguany?<\/strong><\/p>\n\n\n\n<p>\u2013 S\u00ed, el dia 4 \u00e9s el preg\u00f3 i normalment es fa amb les persones encarregades aqueix dia de donar principi a les festes, per\u00f2 enguany hem afegit la presentaci\u00f3 dels clavaris. Es far\u00e0 una cercavila en el qual baixaran tots els clavaris al preg\u00f3, la qual cosa lluir\u00e0 molt\u00edssim perqu\u00e8 estaran en la pla\u00e7a la gent del preg\u00f3 i baixaran els clavaris. Es realitzar\u00e0 el preg\u00f3 i despr\u00e9s baixarem amb la gent que s&#8217;haja apuntat per lliure i els clavaris al poliesportiu, a un sopar que tenim preparada. Durant el sopar tindrem un *duo que ens amenitzar\u00e0 la vetlada i seguidament farem la presentaci\u00f3 dels clavaris i entregarem el premi de la portada del Llibre de Festes als xiquets que han guanyat. Tot seguit, continuarem amb una *discom\u00f3vil, aix\u00ed que jo crec que ser\u00e0 una tarde-nit molt completa per a comen\u00e7ar les festes.<\/p>\n\n\n\n<p><strong>\u2014 El preg\u00f3 dona el tret d&#8217;eixida a les festes, per\u00f2 per davant hi ha diverses setmanes d&#8217;actes. Podem avan\u00e7ar si hi haur\u00e0 canvis significatius respecte al programa de l&#8217;any passat?<\/strong><\/p>\n\n\n\n<p>\u2013 S\u00ed, en les pr\u00f2ximes setmanes hi ha diverses coses. El que tenim, tot seguit, l&#8217;endem\u00e0 del preg\u00f3, el dissabte, s\u00f3n les paelles. \u00c9s un dia molt important dins de les festes, a part de les clavaries i les activitats que es fan per a xiquets, els festejos d&#8217;esgl\u00e9sia, els taurins\u2026 L&#8217;endem\u00e0 de les paelles \u00e9s un dia tamb\u00e9 s\u00faper marcat perqu\u00e8 van les quadrilles, ens ajuntem en l&#8217;Avinguda Vicente *Lassala, i \u00e9s un dia marcat tamb\u00e9 des de fa molts anys. Encara que realment totes les dates s\u00f3n assenyalades, igual que el dia de cinquenes, que \u00e9s a l&#8217;altre dissabte. I tenim els sopars dels jubilats, tenim el sopar de l&#8217;associaci\u00f3 contra el c\u00e0ncer, on tamb\u00e9 la gent col\u00b7labora molt\u00edssim\u2026 De veritat que qui viva al poble pot dir que les festes a Godelleta s\u00f3n molt importants. Des de xicoteta que porte venint ho veig i la gent ho dona tot, joves, majors, els que es van acoblant de fora, dels xalets\u2026&nbsp;<\/p>\n\n\n\n<p><strong>\u2014 En qu\u00e8 es posar\u00e0 m\u00e9s l&#8217;accent enguany dins de les festes?&nbsp;<\/strong><\/p>\n\n\n\n<p>\u2013 B\u00e9, jo vull ressaltar sobretot la col\u00b7laboraci\u00f3 de totes les persones que formen part de la comissi\u00f3 de festes, perqu\u00e8 sense ells seria impossible realitzar els actes del programa de festes ja que sense la seua ajuda no podr\u00edem desenvolupar-les&nbsp;I realment el que a mi m&#8217;agradaria \u00e9s que isquera tot b\u00e9, ja que per a mi s\u00f3n totes les activitats importants des del primer dia fins al 27. Jo estar\u00e9 col\u00b7laborant i ajudant a totes les agrupacions, els clavaris i tot el que \u00e9s municipal. S&#8217;ha introdu\u00eft enguany el front\u00f3, que s\u00ed que \u00e9s un esport que no estava en el programa, per\u00f2 en realitat m&#8217;agradaria posar l&#8217;accent en tot. S&#8217;intentar\u00e0 comptar amb totes les associacions i es far\u00e0 costat a tot. Tamb\u00e9 tenim al club de karate, que no \u00e9s municipal per\u00f2 igualment se&#8217;ls dona la mateixa col\u00b7laboraci\u00f3 i t\u00e9 les seues actuacions en el poliesportiu, aix\u00ed que jo li donar\u00e9 suport a tot el que puga.<\/p>\n\n\n\n<p><strong>\u2014 M&#8217;imagine que a m\u00e9s de les associacions i les clavaries, la Uni\u00f3 Musical de Godelleta tindr\u00e0 un destacat paper en les festes, i m\u00e9s en un any en qu\u00e8 estan celebrant el seu \u00faltim triomf en el Certamen de Bandes de M\u00fasica Ciutat de Val\u00e8ncia, veritat?<\/strong><\/p>\n\n\n\n<p>\u2013 S\u00ed, la banda acompanyar\u00e0 a les clavaries el dia de la presentaci\u00f3, que abans del preg\u00f3 baixaran a la pla\u00e7a acompanyades per la banda. I despr\u00e9s tenim el concert del dia 14 en el qual tots els anys la banda municipal \u00e9s a Godelleta un n\u00famero u. A m\u00e9s es reconeixer\u00e0 al president aqueixa nit atorgant-li la medalla d&#8217;or de Godelleta, tal com aprovem en un dels \u00faltims plens de l&#8217;Ajuntament.<\/p>\n\n\n\n<p><strong>\u2014&nbsp;Els actes religiosos i taurins es mantenen o hi ha alguna variaci\u00f3?<\/strong><\/p>\n\n\n\n<p>\u2013 Els actes religiosos es mantenen, hi ha un munt de clavaris enguany, aix\u00f2 dona gust tamb\u00e9 tindre-ho. Entre unes confraries i altres s\u00f3n m\u00e9s de 70 clavaris. I els festejos taurins enguany, com va tocar la loteria ac\u00ed als clavaris de Sant Roque, tenim cinc dies de bous, del 23 al 27 dins de les festes&nbsp;<\/p>\n\n\n\n<p><strong>\u2014&nbsp; I, per a finalitzar, convidem a la participaci\u00f3 de ve\u00efns i visitants en aquests dies de festa?&nbsp;<\/strong><\/p>\n\n\n\n<p>\u2013 S\u00ed, clar Godelleta \u00e9s un poble que destaca sempre tots els anys per les seues festes, on tota l&#8217;\u00e9s benvinguda i ens encanta que vinga la gent a les festes. Esperem que vinga tota la gent possible, que Godelleta est\u00e0 oberta per a gaudir-ho.<\/p>\n","protected":false},"excerpt":{"rendered":"<div class=\"mh-excerpt\">Godelleta inicia aquest divendres amb el preg\u00f3 i la presentaci\u00f3 de les clavaries les seues festes d&#8217;estiu que es prolongaran fins al 27 d&#8217;agost. La m\u00e0xima responsable de l&#8217;\u00e0rea de Festa de la localitat, la <a class=\"mh-excerpt-more\" href=\"https:\/\/www.tucomarca.com\/wordpress\/segunda\/ca\/entrevista-paqui-rico-regidora-de-festes-godelleta-es-un-poble-que-destaca-tots-els-anys-per-les-seues-festes\/\" title=\"Entrevista: Paqui Rico, regidora de Festes: &#8220;Godelleta \u00e9s un poble que destaca tots els anys per les seues festes&#8221;\">[+] <\/a><\/div>\n","protected":false},"author":1,"featured_media":193206,"comment_status":"open","ping_status":"open","sticky":false,"template":"","format":"standard","meta":{"footnotes":""},"categories":[10898,10977,10894,10912,11007,10896],"tags":[11191,11087,10914],"class_list":{"0":"post-193181","1":"post","2":"type-post","3":"status-publish","4":"format-standard","5":"has-post-thumbnail","7":"category-ventana-ca","8":"category-godelleta-ca","9":"category-la-comarca-ca","10":"category-la-hoya-ca","11":"category-ocio-y-cultura-ca","12":"category-seccion-ca","13":"tag-fiestas-ca","14":"tag-godelleta-ca","15":"tag-la-hoya-de-bunol-chiva-ca"},"_links":{"self":[{"href":"https:\/\/www.tucomarca.com\/wordpress\/segunda\/ca\/wp-json\/wp\/v2\/posts\/193181","targetHints":{"allow":["GET"]}}],"collection":[{"href":"https:\/\/www.tucomarca.com\/wordpress\/segunda\/ca\/wp-json\/wp\/v2\/posts"}],"about":[{"href":"https:\/\/www.tucomarca.com\/wordpress\/segunda\/ca\/wp-json\/wp\/v2\/types\/post"}],"author":[{"embeddable":true,"href":"https:\/\/www.tucomarca.com\/wordpress\/segunda\/ca\/wp-json\/wp\/v2\/users\/1"}],"replies":[{"embeddable":true,"href":"https:\/\/www.tucomarca.com\/wordpress\/segunda\/ca\/wp-json\/wp\/v2\/comments?post=193181"}],"version-history":[{"count":0,"href":"https:\/\/www.tucomarca.com\/wordpress\/segunda\/ca\/wp-json\/wp\/v2\/posts\/193181\/revisions"}],"wp:featuredmedia":[{"embeddable":true,"href":"https:\/\/www.tucomarca.com\/wordpress\/segunda\/ca\/wp-json\/wp\/v2\/media\/193206"}],"wp:attachment":[{"href":"https:\/\/www.tucomarca.com\/wordpress\/segunda\/ca\/wp-json\/wp\/v2\/media?parent=193181"}],"wp:term":[{"taxonomy":"category","embeddable":true,"href":"https:\/\/www.tucomarca.com\/wordpress\/segunda\/ca\/wp-json\/wp\/v2\/categories?post=193181"},{"taxonomy":"post_tag","embeddable":true,"href":"https:\/\/www.tucomarca.com\/wordpress\/segunda\/ca\/wp-json\/wp\/v2\/tags?post=193181"}],"curies":[{"name":"wp","href":"https:\/\/api.w.org\/{rel}","templated":true}]}}