{"id":193313,"date":"2023-08-05T09:00:00","date_gmt":"2023-08-05T08:00:00","guid":{"rendered":"https:\/\/www.tucomarca.com\/wordpress\/segunda\/?p=193313"},"modified":"2023-08-05T18:40:12","modified_gmt":"2023-08-05T17:40:12","slug":"opinio-a-boca-de-cano-i-el-vclim-a-qui-embene-a-qui-porta-per-joseh-larrazabal","status":"publish","type":"post","link":"https:\/\/www.tucomarca.com\/wordpress\/segunda\/ca\/opinio-a-boca-de-cano-i-el-vclim-a-qui-embene-a-qui-porta-per-joseh-larrazabal\/","title":{"rendered":"Opini\u00f3: A boca de can\u00f3. \u00bfI el VCLim a qui embene, a qui porta?, per J\u00f3seh Larraz\u00e1bal"},"content":{"rendered":"\n<figure class=\"wp-block-image size-large is-resized\"><img loading=\"lazy\" decoding=\"async\" src=\"http:\/\/www.tucomarca.com\/wordpress\/segunda\/wp-content\/uploads\/2021\/07\/JoseLarrazabal-1024x1024.jpg\" alt=\"\" class=\"wp-image-136627\" width=\"192\" height=\"192\" srcset=\"https:\/\/www.tucomarca.com\/wordpress\/segunda\/wp-content\/uploads\/2021\/07\/JoseLarrazabal-1024x1024.jpg 1024w, https:\/\/www.tucomarca.com\/wordpress\/segunda\/wp-content\/uploads\/2021\/07\/JoseLarrazabal-300x300.jpg 300w, https:\/\/www.tucomarca.com\/wordpress\/segunda\/wp-content\/uploads\/2021\/07\/JoseLarrazabal-290x290.jpg 290w, https:\/\/www.tucomarca.com\/wordpress\/segunda\/wp-content\/uploads\/2021\/07\/JoseLarrazabal-768x768.jpg 768w, https:\/\/www.tucomarca.com\/wordpress\/segunda\/wp-content\/uploads\/2021\/07\/JoseLarrazabal.jpg 1086w\" sizes=\"auto, (max-width: 192px) 100vw, 192px\" \/><\/figure>\n\n\n\n<p>I el VCLim a qui embene, a qui porta?<br>Un equip sense present, sense futur.<br>Un club escap\u00e7at, i abandonat a la seua sort.<br>Una par\u00f2dia de club.<br>Fins quan?<br>Ser\u00e0 fins que vulga l&#8217;afici\u00f3, i ja ho he explicat moltes vegades.<br>M\u00e9s de 30 mil socis i 40.000 persones a Mestalla. ?<br>De veritat no ho entenen?<br>Lamentable.<br>Pobre vcf.<\/p>\n","protected":false},"excerpt":{"rendered":"<div class=\"mh-excerpt\">I el VCLim a qui embene, a qui porta?Un equip sense present, sense futur.Un club escap\u00e7at, i abandonat a la seua sort.Una par\u00f2dia de club.Fins quan?Ser\u00e0 fins que vulga l&#8217;afici\u00f3, i ja ho he explicat <a class=\"mh-excerpt-more\" href=\"https:\/\/www.tucomarca.com\/wordpress\/segunda\/ca\/opinio-a-boca-de-cano-i-el-vclim-a-qui-embene-a-qui-porta-per-joseh-larrazabal\/\" title=\"Opini\u00f3: A boca de can\u00f3. \u00bfI el VCLim a qui embene, a qui porta?, per J\u00f3seh Larraz\u00e1bal\">[+] <\/a><\/div>\n","protected":false},"author":12,"featured_media":136628,"comment_status":"open","ping_status":"open","sticky":false,"template":"","format":"standard","meta":{"footnotes":""},"categories":[11014,11003,11020,11021,10896],"tags":[10913,15481,10914,12606],"class_list":{"0":"post-193313","1":"post","2":"type-post","3":"status-publish","4":"format-standard","5":"has-post-thumbnail","7":"category-canal-valencia-cf-ca","8":"category-sports","9":"category-opinion-ca","10":"category-opinion-ca-2","11":"category-seccion-ca","12":"tag-bunol-ca","13":"tag-joseh-larrazabal-ca","14":"tag-la-hoya-de-bunol-chiva-ca","15":"tag-valencia-cf-ca"},"_links":{"self":[{"href":"https:\/\/www.tucomarca.com\/wordpress\/segunda\/ca\/wp-json\/wp\/v2\/posts\/193313","targetHints":{"allow":["GET"]}}],"collection":[{"href":"https:\/\/www.tucomarca.com\/wordpress\/segunda\/ca\/wp-json\/wp\/v2\/posts"}],"about":[{"href":"https:\/\/www.tucomarca.com\/wordpress\/segunda\/ca\/wp-json\/wp\/v2\/types\/post"}],"author":[{"embeddable":true,"href":"https:\/\/www.tucomarca.com\/wordpress\/segunda\/ca\/wp-json\/wp\/v2\/users\/12"}],"replies":[{"embeddable":true,"href":"https:\/\/www.tucomarca.com\/wordpress\/segunda\/ca\/wp-json\/wp\/v2\/comments?post=193313"}],"version-history":[{"count":0,"href":"https:\/\/www.tucomarca.com\/wordpress\/segunda\/ca\/wp-json\/wp\/v2\/posts\/193313\/revisions"}],"wp:featuredmedia":[{"embeddable":true,"href":"https:\/\/www.tucomarca.com\/wordpress\/segunda\/ca\/wp-json\/wp\/v2\/media\/136628"}],"wp:attachment":[{"href":"https:\/\/www.tucomarca.com\/wordpress\/segunda\/ca\/wp-json\/wp\/v2\/media?parent=193313"}],"wp:term":[{"taxonomy":"category","embeddable":true,"href":"https:\/\/www.tucomarca.com\/wordpress\/segunda\/ca\/wp-json\/wp\/v2\/categories?post=193313"},{"taxonomy":"post_tag","embeddable":true,"href":"https:\/\/www.tucomarca.com\/wordpress\/segunda\/ca\/wp-json\/wp\/v2\/tags?post=193313"}],"curies":[{"name":"wp","href":"https:\/\/api.w.org\/{rel}","templated":true}]}}