{"id":193433,"date":"2023-08-08T11:00:00","date_gmt":"2023-08-08T09:00:00","guid":{"rendered":"https:\/\/www.tucomarca.com\/wordpress\/segunda\/?p=193433"},"modified":"2023-08-08T14:30:07","modified_gmt":"2023-08-08T12:30:07","slug":"els-veins-i-veines-de-bunyol-ja-poden-recollir-les-seues-preentrades-per-a-la-tomatina-2023","status":"publish","type":"post","link":"https:\/\/www.tucomarca.com\/wordpress\/segunda\/ca\/els-veins-i-veines-de-bunyol-ja-poden-recollir-les-seues-preentrades-per-a-la-tomatina-2023\/","title":{"rendered":"Els ve\u00efns i ve\u00efnes de Bunyol ja poden recollir les seues preentrades per a la Tomatina 2023"},"content":{"rendered":"\n<p>La Tomatina est\u00e0 molt a la vora. Des d&#8217;aquest dimarts, dia 8, fins al dijous 24 d&#8217;agost, el ve\u00efnat de Bunyol podr\u00e0 passar-se a recollir les preentrades per a la Tomatina, en horari de 10 a 14 hores, en la planta baixa de l&#8217;ajuntament.\u00a0<\/p>\n\n\n\n<p>La preentrada haur\u00e0 de ser canviada per una polsera els dies previs a la Tomatina, la que permetr\u00e0 accedir al recinte de l&#8217;esdeveniment. <\/p>\n","protected":false},"excerpt":{"rendered":"<div class=\"mh-excerpt\">La Tomatina est\u00e0 molt a la vora. Des d&#8217;aquest dimarts, dia 8, fins al dijous 24 d&#8217;agost, el ve\u00efnat de Bunyol podr\u00e0 passar-se a recollir les preentrades per a la Tomatina, en horari de 10 <a class=\"mh-excerpt-more\" href=\"https:\/\/www.tucomarca.com\/wordpress\/segunda\/ca\/els-veins-i-veines-de-bunyol-ja-poden-recollir-les-seues-preentrades-per-a-la-tomatina-2023\/\" title=\"Els ve\u00efns i ve\u00efnes de Bunyol ja poden recollir les seues preentrades per a la Tomatina 2023\">[+] <\/a><\/div>\n","protected":false},"author":12,"featured_media":105460,"comment_status":"open","ping_status":"open","sticky":false,"template":"","format":"standard","meta":{"footnotes":""},"categories":[10911,10894,10912,11007,10896],"tags":[10913,10914,19566,19567],"class_list":{"0":"post-193433","1":"post","2":"type-post","3":"status-publish","4":"format-standard","5":"has-post-thumbnail","7":"category-bunol-ca","8":"category-la-comarca-ca","9":"category-la-hoya-ca","10":"category-ocio-y-cultura-ca","11":"category-seccion-ca","12":"tag-bunol-ca","13":"tag-la-hoya-de-bunol-chiva-ca","14":"tag-preentradas-tomatina-ca","15":"tag-vecinos-de-bunol-ca"},"_links":{"self":[{"href":"https:\/\/www.tucomarca.com\/wordpress\/segunda\/ca\/wp-json\/wp\/v2\/posts\/193433","targetHints":{"allow":["GET"]}}],"collection":[{"href":"https:\/\/www.tucomarca.com\/wordpress\/segunda\/ca\/wp-json\/wp\/v2\/posts"}],"about":[{"href":"https:\/\/www.tucomarca.com\/wordpress\/segunda\/ca\/wp-json\/wp\/v2\/types\/post"}],"author":[{"embeddable":true,"href":"https:\/\/www.tucomarca.com\/wordpress\/segunda\/ca\/wp-json\/wp\/v2\/users\/12"}],"replies":[{"embeddable":true,"href":"https:\/\/www.tucomarca.com\/wordpress\/segunda\/ca\/wp-json\/wp\/v2\/comments?post=193433"}],"version-history":[{"count":0,"href":"https:\/\/www.tucomarca.com\/wordpress\/segunda\/ca\/wp-json\/wp\/v2\/posts\/193433\/revisions"}],"wp:featuredmedia":[{"embeddable":true,"href":"https:\/\/www.tucomarca.com\/wordpress\/segunda\/ca\/wp-json\/wp\/v2\/media\/105460"}],"wp:attachment":[{"href":"https:\/\/www.tucomarca.com\/wordpress\/segunda\/ca\/wp-json\/wp\/v2\/media?parent=193433"}],"wp:term":[{"taxonomy":"category","embeddable":true,"href":"https:\/\/www.tucomarca.com\/wordpress\/segunda\/ca\/wp-json\/wp\/v2\/categories?post=193433"},{"taxonomy":"post_tag","embeddable":true,"href":"https:\/\/www.tucomarca.com\/wordpress\/segunda\/ca\/wp-json\/wp\/v2\/tags?post=193433"}],"curies":[{"name":"wp","href":"https:\/\/api.w.org\/{rel}","templated":true}]}}