{"id":193457,"date":"2023-08-08T09:55:00","date_gmt":"2023-08-08T07:55:00","guid":{"rendered":"https:\/\/www.tucomarca.com\/wordpress\/segunda\/?p=193457"},"modified":"2023-08-08T15:01:44","modified_gmt":"2023-08-08T13:01:44","slug":"el-departament-de-la-ribera-i-les-associacions-dalzheimer-de-la-comarca-convoquen-la-4a-edicio-del-concurs-de-relat-breu-contar-per-a-recordar","status":"publish","type":"post","link":"https:\/\/www.tucomarca.com\/wordpress\/segunda\/ca\/el-departament-de-la-ribera-i-les-associacions-dalzheimer-de-la-comarca-convoquen-la-4a-edicio-del-concurs-de-relat-breu-contar-per-a-recordar\/","title":{"rendered":"El Departament de la Ribera i les associacions d&#8217;Alzheimer de la comarca convoquen la 4a edici\u00f3 del concurs de relat breu \u201cContar per a recordar\u201d"},"content":{"rendered":"\n<p>El Departament de Salut de la Ribera i Alzheimer Plataforma la Ribera, organitzaci\u00f3 que reuneix les associacions de familiars de malalts d&#8217;Alzheimer de la comarca, han convocat la 4a edici\u00f3 del seu concurs de relat breu \u201cContar per a recordar\u201d.<\/p>\n\n\n\n<p>L&#8217;objectiu d&#8217;este concurs \u00e9s el de donar visibilitat i conscienciar a la poblaci\u00f3 sobre esta malaltia degenerativa que ocupa, actualment, el tercer lloc com a patologia sanit\u00e0ria, per darrere dels accidents cardiovasculars i el c\u00e0ncer i que s&#8217;estima que afecta m\u00e9s de 3.500 persones de la comarca de la Ribera.&nbsp;<\/p>\n\n\n\n<p>Des de l&#8217;any 2018, el Departament de Salut i la Plataforma organitzen este concurs de cara a celebrar el Dia Mundial de l&#8217;Alzheimer, que es commemora cada 21 de setembre.&nbsp;<\/p>\n\n\n\n<p>Podr\u00e0 participar en el concurs qualsevol persona major d&#8217;edat que presente un m\u00e0xim de dos relats in\u00e8dits, amb una extensi\u00f3 m\u00e0xima de 400 paraules, i que versaran sobre la malaltia i les seues repercussions sobre els pacients i els seus familiars i amics. Els textos han d&#8217;enviar-se, fins al 3 de setembre, mitjan\u00e7ant correu electr\u00f2nic a yoparticipo_laribera@gva.es.<\/p>\n\n\n\n<p>En les bases del concurs s&#8217;han establit un Primer i Segon Premi, dotats amb una tauleta i un lot de llibres, respectivament. El relat que aconseguisca el Primer Premi, a m\u00e9s a m\u00e9s, ser\u00e0 impr\u00e9s en una lona que romandr\u00e0 penjada en el vest\u00edbul principal de l&#8217;Hospital de la Ribera durant un any.<\/p>\n\n\n\n<p>La decisi\u00f3 del Jurat del Concurs, format per representants de les associacions que conformen la Plataforma i per membres de la Direcci\u00f3 del Departament de Salut de la Ribera, est\u00e0 previst que es done a con\u00e9ixer el pr\u00f2xim 20 de setembre, en un acte que tindr\u00e0 lloc a l&#8217;Hospital d&#8217;Alzira amb motiu de la celebraci\u00f3 del Dia Mundial de la malaltia.<\/p>\n\n\n\n<figure class=\"wp-block-image size-large\"><img loading=\"lazy\" decoding=\"async\" width=\"720\" height=\"1024\" src=\"http:\/\/www.tucomarca.com\/wordpress\/segunda\/wp-content\/uploads\/2023\/08\/basesRiberaRelato-720x1024.jpg\" alt=\"\" class=\"wp-image-193450\" srcset=\"https:\/\/www.tucomarca.com\/wordpress\/segunda\/wp-content\/uploads\/2023\/08\/basesRiberaRelato-720x1024.jpg 720w, https:\/\/www.tucomarca.com\/wordpress\/segunda\/wp-content\/uploads\/2023\/08\/basesRiberaRelato-211x300.jpg 211w, https:\/\/www.tucomarca.com\/wordpress\/segunda\/wp-content\/uploads\/2023\/08\/basesRiberaRelato-768x1093.jpg 768w, https:\/\/www.tucomarca.com\/wordpress\/segunda\/wp-content\/uploads\/2023\/08\/basesRiberaRelato.jpg 839w\" sizes=\"auto, (max-width: 720px) 100vw, 720px\" \/><\/figure>\n","protected":false},"excerpt":{"rendered":"<div class=\"mh-excerpt\">El Departament de Salut de la Ribera i Alzheimer Plataforma la Ribera, organitzaci\u00f3 que reuneix les associacions de familiars de malalts d&#8217;Alzheimer de la comarca, han convocat la 4a edici\u00f3 del seu concurs de relat <a class=\"mh-excerpt-more\" href=\"https:\/\/www.tucomarca.com\/wordpress\/segunda\/ca\/el-departament-de-la-ribera-i-les-associacions-dalzheimer-de-la-comarca-convoquen-la-4a-edicio-del-concurs-de-relat-breu-contar-per-a-recordar\/\" title=\"El Departament de la Ribera i les associacions d&#8217;Alzheimer de la comarca convoquen la 4a edici\u00f3 del concurs de relat breu \u201cContar per a recordar\u201d\">[+] <\/a><\/div>\n","protected":false},"author":12,"featured_media":193454,"comment_status":"open","ping_status":"open","sticky":false,"template":"","format":"standard","meta":{"footnotes":""},"categories":[11019,10889,11010,10948,10894,10902,10896],"tags":[14095,11356],"class_list":{"0":"post-193457","1":"post","2":"type-post","3":"status-publish","4":"format-standard","5":"has-post-thumbnail","7":"category-agenda-ca","8":"category-alzira-cat","9":"category-canal-salud","10":"category-infraestructuras-ca","11":"category-la-comarca-ca","12":"category-la-ribera-ca","13":"category-seccion-ca","14":"tag-departamento-de-salud-de-la-ribera-ca","15":"tag-ribera-alta-ca"},"_links":{"self":[{"href":"https:\/\/www.tucomarca.com\/wordpress\/segunda\/ca\/wp-json\/wp\/v2\/posts\/193457","targetHints":{"allow":["GET"]}}],"collection":[{"href":"https:\/\/www.tucomarca.com\/wordpress\/segunda\/ca\/wp-json\/wp\/v2\/posts"}],"about":[{"href":"https:\/\/www.tucomarca.com\/wordpress\/segunda\/ca\/wp-json\/wp\/v2\/types\/post"}],"author":[{"embeddable":true,"href":"https:\/\/www.tucomarca.com\/wordpress\/segunda\/ca\/wp-json\/wp\/v2\/users\/12"}],"replies":[{"embeddable":true,"href":"https:\/\/www.tucomarca.com\/wordpress\/segunda\/ca\/wp-json\/wp\/v2\/comments?post=193457"}],"version-history":[{"count":0,"href":"https:\/\/www.tucomarca.com\/wordpress\/segunda\/ca\/wp-json\/wp\/v2\/posts\/193457\/revisions"}],"wp:featuredmedia":[{"embeddable":true,"href":"https:\/\/www.tucomarca.com\/wordpress\/segunda\/ca\/wp-json\/wp\/v2\/media\/193454"}],"wp:attachment":[{"href":"https:\/\/www.tucomarca.com\/wordpress\/segunda\/ca\/wp-json\/wp\/v2\/media?parent=193457"}],"wp:term":[{"taxonomy":"category","embeddable":true,"href":"https:\/\/www.tucomarca.com\/wordpress\/segunda\/ca\/wp-json\/wp\/v2\/categories?post=193457"},{"taxonomy":"post_tag","embeddable":true,"href":"https:\/\/www.tucomarca.com\/wordpress\/segunda\/ca\/wp-json\/wp\/v2\/tags?post=193457"}],"curies":[{"name":"wp","href":"https:\/\/api.w.org\/{rel}","templated":true}]}}