{"id":193726,"date":"2023-08-11T09:00:00","date_gmt":"2023-08-11T07:00:00","guid":{"rendered":"https:\/\/www.tucomarca.com\/wordpress\/segunda\/?p=193726"},"modified":"2023-08-11T19:29:35","modified_gmt":"2023-08-11T17:29:35","slug":"la-diputacio-de-valencia-obri-al-transit-la-nova-rotonda-en-la-interseccio-de-les-carreteres-cv-510-i-cv-506-a-alzira","status":"publish","type":"post","link":"https:\/\/www.tucomarca.com\/wordpress\/segunda\/ca\/la-diputacio-de-valencia-obri-al-transit-la-nova-rotonda-en-la-interseccio-de-les-carreteres-cv-510-i-cv-506-a-alzira\/","title":{"rendered":"La Diputaci\u00f3 de Val\u00e8ncia obri al tr\u00e0nsit la nova rotonda en la intersecci\u00f3 de les carreteres CV-510 i CV-506 a Alzira"},"content":{"rendered":"\n<h4 class=\"wp-block-heading\">El projecte contempla la remodelaci\u00f3 i millora de la seguretat de l&#8217;encreuament de la CV-510 amb la CV-506 a Alzira, aix\u00ed com una altra glorieta en la intersecci\u00f3 de la CV-506 amb el Cam\u00ed Baix de Corbera<\/h4>\n\n\n\n<h4 class=\"wp-block-heading\">L&#8217;obra que executa l&#8217;\u00e0rea provincial d&#8217;infraestructures i que es posa en servei este divendres compta amb un pressupost de 2.740.000 euros i un termini d&#8217;execuci\u00f3 de sis mesos<\/h4>\n\n\n\n<p>La Diputaci\u00f3 de Val\u00e8ncia obri al tr\u00e0nsit este divendres la nova rotonda en l&#8217;encreuament de les carreteres CV-510 i CV-506 a Alzira. Amb esta actuaci\u00f3, l&#8217;\u00e0rea d&#8217;Infraestructures que dirigix la vicepresidenta segona, Reme Mazzolari, pret\u00e9n millorar la intersecci\u00f3 que existia anteriorment entre les dos vies de titularitat provincial, aix\u00ed com refor\u00e7ar la seguretat en l&#8217;encreuament de la CV-506 amb el Cam\u00ed Baix de Corbera que comunica Alzira amb Corbera i Favara, a la comarca de la Ribera Alta.<\/p>\n\n\n\n<p>Amb un pressupost de m\u00e9s de 2.740.000 euros i un termini d&#8217;execuci\u00f3 estimat de sis mesos, l&#8217;actuaci\u00f3 de l&#8217;\u00e0rea d&#8217;infraestructures de la Diputaci\u00f3 de Val\u00e8ncia millorar\u00e0 la seguretat vi\u00e0ria en estes carreteres mitjan\u00e7ant l&#8217;execuci\u00f3 de sengles glorietes en les interseccions que, a m\u00e9s, pacificaran el tr\u00e0nsit i canalitzaran les diferents traject\u00f2ries, prohibint-se els girs a esquerres i evitant-se d&#8217;esta manera els tan perillosos creus dels mateixos.<\/p>\n\n\n\n<p>Les obres consistixen, principalment, en la implantaci\u00f3 d&#8217;una intersecci\u00f3 tipus girat\u00f2ria de 29 metres de r\u00e0dio exterior situada sobre la intersecci\u00f3 de la CV-510 i la CV-506 i d&#8217;una altra de 17,5 metres en la intersecci\u00f3 de la CV-506 amb el cam\u00ed Baix de Corbera. Amb aix\u00f2 es millora la visibilitat de les interseccions tipus \u2018creu\u2019 que existia pr\u00e8viament a l&#8217;actuaci\u00f3 en estos punts, reduint molt significativament el risc d&#8217;accidents.<\/p>\n\n\n\n<p>Entre altres mesures que contribu\u00efxen a la seguretat dels usuaris de la via, s&#8217;ha ampliat la plataforma actual mitjan\u00e7ant l&#8217;addici\u00f3 de vorals d&#8217;un metre i bermes de 0,75 metres en els ramals d&#8217;acc\u00e9s de la CV-510 a la glorieta d&#8217;intersecci\u00f3 amb la CV-506 i en el tram de 750 metres aproximadament a modificar de la pr\u00f2pia CV-506. D&#8217;altra banda, s&#8217;ha dissenyat una xarxa de drenatge que millorar\u00e0 l&#8217;evacuaci\u00f3 dels escolaments de la carretera, mitjan\u00e7ant noves cunetes, i s&#8217;adequar\u00e0 la senyalitzaci\u00f3, l&#8217;abalisament i els sistemes de contenci\u00f3 d&#8217;estes vies en tot l&#8217;entorn de l&#8217;actuaci\u00f3 prevista.<\/p>\n\n\n\n<p><\/p>\n","protected":false},"excerpt":{"rendered":"<div class=\"mh-excerpt\">El projecte contempla la remodelaci\u00f3 i millora de la seguretat de l&#8217;encreuament de la CV-510 amb la CV-506 a Alzira, aix\u00ed com una altra glorieta en la intersecci\u00f3 de la CV-506 amb el Cam\u00ed Baix <a class=\"mh-excerpt-more\" href=\"https:\/\/www.tucomarca.com\/wordpress\/segunda\/ca\/la-diputacio-de-valencia-obri-al-transit-la-nova-rotonda-en-la-interseccio-de-les-carreteres-cv-510-i-cv-506-a-alzira\/\" title=\"La Diputaci\u00f3 de Val\u00e8ncia obri al tr\u00e0nsit la nova rotonda en la intersecci\u00f3 de les carreteres CV-510 i CV-506 a Alzira\">[+] <\/a><\/div>\n","protected":false},"author":12,"featured_media":193725,"comment_status":"open","ping_status":"open","sticky":false,"template":"","format":"standard","meta":{"footnotes":""},"categories":[10889,10898,10948,10894,10902,10947,10896],"tags":[11192,18369,18370,11246],"class_list":{"0":"post-193726","1":"post","2":"type-post","3":"status-publish","4":"format-standard","5":"has-post-thumbnail","7":"category-alzira-cat","8":"category-ventana-ca","9":"category-infraestructuras-ca","10":"category-la-comarca-ca","11":"category-la-ribera-ca","12":"category-politica","13":"category-seccion-ca","14":"tag-alzira-ca","15":"tag-cv-506-ca","16":"tag-cv-510-ca","17":"tag-diputacio-de-valencia-ca"},"_links":{"self":[{"href":"https:\/\/www.tucomarca.com\/wordpress\/segunda\/ca\/wp-json\/wp\/v2\/posts\/193726","targetHints":{"allow":["GET"]}}],"collection":[{"href":"https:\/\/www.tucomarca.com\/wordpress\/segunda\/ca\/wp-json\/wp\/v2\/posts"}],"about":[{"href":"https:\/\/www.tucomarca.com\/wordpress\/segunda\/ca\/wp-json\/wp\/v2\/types\/post"}],"author":[{"embeddable":true,"href":"https:\/\/www.tucomarca.com\/wordpress\/segunda\/ca\/wp-json\/wp\/v2\/users\/12"}],"replies":[{"embeddable":true,"href":"https:\/\/www.tucomarca.com\/wordpress\/segunda\/ca\/wp-json\/wp\/v2\/comments?post=193726"}],"version-history":[{"count":0,"href":"https:\/\/www.tucomarca.com\/wordpress\/segunda\/ca\/wp-json\/wp\/v2\/posts\/193726\/revisions"}],"wp:featuredmedia":[{"embeddable":true,"href":"https:\/\/www.tucomarca.com\/wordpress\/segunda\/ca\/wp-json\/wp\/v2\/media\/193725"}],"wp:attachment":[{"href":"https:\/\/www.tucomarca.com\/wordpress\/segunda\/ca\/wp-json\/wp\/v2\/media?parent=193726"}],"wp:term":[{"taxonomy":"category","embeddable":true,"href":"https:\/\/www.tucomarca.com\/wordpress\/segunda\/ca\/wp-json\/wp\/v2\/categories?post=193726"},{"taxonomy":"post_tag","embeddable":true,"href":"https:\/\/www.tucomarca.com\/wordpress\/segunda\/ca\/wp-json\/wp\/v2\/tags?post=193726"}],"curies":[{"name":"wp","href":"https:\/\/api.w.org\/{rel}","templated":true}]}}