{"id":193865,"date":"2023-08-14T09:20:00","date_gmt":"2023-08-14T07:20:00","guid":{"rendered":"https:\/\/www.tucomarca.com\/wordpress\/segunda\/?p=193865"},"modified":"2023-08-14T14:56:07","modified_gmt":"2023-08-14T12:56:07","slug":"sorganitza-a-setaigues-una-iniciativa-popular-municipal-contra-els-projectes-eolics-en-el-terme-municipal","status":"publish","type":"post","link":"https:\/\/www.tucomarca.com\/wordpress\/segunda\/ca\/sorganitza-a-setaigues-una-iniciativa-popular-municipal-contra-els-projectes-eolics-en-el-terme-municipal\/","title":{"rendered":"S&#8217;organitza a Setaig\u00fces una iniciativa popular municipal contra els projectes e\u00f2lics en el terme municipal"},"content":{"rendered":"\n<p>La&nbsp;Plataforma ciutadana per a la defensa i protecci\u00f3 del territori de Setaig\u00fces&nbsp;ha presentat en el consistori una Iniciativa Municipal Popular en contra dels dos projectes d&#8217;energies renovables projectats en el municipi.<\/p>\n\n\n\n<p>&#8220;Les quasi dues-centes signatures presentades per la Plataforma superen el llindar del 20% del cens electoral exigit per la Llei 7\/1985 de 2 d&#8217;abril, reguladora de les Bases de R\u00e8gim Local&#8221;, han explicat des de la plataforma.<\/p>\n\n\n\n<p>&#8220;\u00c9s la primera vegada en la hist\u00f2ria del municipi de Setaig\u00fces, i una de les primeres en tota la Comunitat Valenciana, que s&#8217;aconsegueix presentar una Iniciativa Municipal Popular, eina prevista per la llei per a facilitar la participaci\u00f3 efectiva dels ve\u00efns en els assumptes de la vida p\u00fablica local&#8221;.<\/p>\n\n\n\n<p><strong>Sobre la suspensi\u00f3 dels projectes e\u00f2lics:<\/strong><\/p>\n\n\n\n<p>&#8220;El mes de mar\u00e7 passat, el consistori de Setaig\u00fces va aprovar per unanimitat la proposta del grup municipal del Partit Popular de sol\u00b7licitar la suspensi\u00f3 dels projectes e\u00f2lics Sierra de Teix i Sierra de Xiva, previstos en el terme municipal. D&#8217;igual forma es va acordar sol\u00b7licitar de la Conselleria d&#8217;Agricultura, Desenvolupament Rural, Emerg\u00e8ncia clim\u00e0tica i Transici\u00f3 ecol\u00f2gica l&#8217;ampliaci\u00f3 a una gran part del terme municipal de la zona ZEPA, d&#8217;especial protecci\u00f3 dels ocells, denominada Alt T\u00faria i Sierra de Negrete&#8221;, han afegit<\/p>\n\n\n\n<p>&#8220;Aquesta ampliaci\u00f3 ha sigut sol\u00b7licitada reiteradament per associacions ecologistes com a SEU\u2010 Birdlife i la SVEO Societat Val\u00e8ncia d&#8217;Ornitologia. La Conselleria va iniciar el mes de maig passat els tr\u00e0mits per a dur a terme aquesta ampliaci\u00f3&#8221;.<\/p>\n\n\n\n<p>&#8220;L&#8217;anterior Consellera amb compet\u00e8ncies en la mat\u00e8ria, Isaura Navarro, va manifestar en diferents ocasions el seu rebuig a aquests projectes pel seu important impacte mediambiental i pel greu risc d&#8217;incendis forestals que implicaria la instal\u00b7laci\u00f3 de 19 aerogeneradors en una zona de gran densitat forestal i d&#8217;important valor ecol\u00f2gic&#8221;.<\/p>\n\n\n\n<p>&#8220;La posada en marxa dels dos projectes e\u00f2lics significaria la instal\u00b7laci\u00f3 de dues noves subestacions el\u00e8ctriques, l&#8217;obertura d&#8217;11 quil\u00f2metres de nous camins, 30 quil\u00f2metres de canalitzacions el\u00e8ctriques, 14 quil\u00f2metres de noves l\u00ednies a\u00e8ries d&#8217;alta tensi\u00f3 amb 40 torres de subjecci\u00f3, i m\u00e9s de 2.000.000 m\u00b3 de desmunts i terraplens en 1.250.000 m\u00b2 de superf\u00edcie afectada, qualificada urban\u00edsticament com a s\u00f2l no urbanitzable protegit dels termes municipals de Setaig\u00fces i Requena&#8221;, sempre segons la plataforma.<\/p>\n\n\n\n<p>&#8220;A m\u00e9s de les al\u00b7legacions presentades per l&#8217;Ajuntament de Setaig\u00fces contra els projectes e\u00f2lics de l&#8217;empresa Renomar, l&#8217;oposici\u00f3 a tots dos projectes ha sigut tamb\u00e9 expressada des dels ajuntaments de Requena i Xiva, afectats per aquests, aix\u00ed com per multitud d&#8217;associacions ecologistes, artistes com Miquel Navarro, ve\u00efns i particulars&#8221;, han finalitzat.<\/p>\n","protected":false},"excerpt":{"rendered":"<div class=\"mh-excerpt\">La&nbsp;Plataforma ciutadana per a la defensa i protecci\u00f3 del territori de Setaig\u00fces&nbsp;ha presentat en el consistori una Iniciativa Municipal Popular en contra dels dos projectes d&#8217;energies renovables projectats en el municipi. &#8220;Les quasi dues-centes signatures <a class=\"mh-excerpt-more\" href=\"https:\/\/www.tucomarca.com\/wordpress\/segunda\/ca\/sorganitza-a-setaigues-una-iniciativa-popular-municipal-contra-els-projectes-eolics-en-el-terme-municipal\/\" title=\"S&#8217;organitza a Setaig\u00fces una iniciativa popular municipal contra els projectes e\u00f2lics en el terme municipal\">[+] <\/a><\/div>\n","protected":false},"author":13,"featured_media":75528,"comment_status":"open","ping_status":"open","sticky":false,"template":"","format":"standard","meta":{"footnotes":""},"categories":[10948,10894,10912,10903,10947,10896,10979,10897],"tags":[10914,12166,11157],"class_list":{"0":"post-193865","1":"post","2":"type-post","3":"status-publish","4":"format-standard","5":"has-post-thumbnail","7":"category-infraestructuras-ca","8":"category-la-comarca-ca","9":"category-la-hoya-ca","10":"category-medio-ambiente-la-comarca-ca","11":"category-politica","12":"category-seccion-ca","13":"category-siete-aguas-ca","14":"category-sucesos-la-comarca-ca","15":"tag-la-hoya-de-bunol-chiva-ca","16":"tag-medio-ambiente-ca","17":"tag-siete-aguas-ca"},"_links":{"self":[{"href":"https:\/\/www.tucomarca.com\/wordpress\/segunda\/ca\/wp-json\/wp\/v2\/posts\/193865","targetHints":{"allow":["GET"]}}],"collection":[{"href":"https:\/\/www.tucomarca.com\/wordpress\/segunda\/ca\/wp-json\/wp\/v2\/posts"}],"about":[{"href":"https:\/\/www.tucomarca.com\/wordpress\/segunda\/ca\/wp-json\/wp\/v2\/types\/post"}],"author":[{"embeddable":true,"href":"https:\/\/www.tucomarca.com\/wordpress\/segunda\/ca\/wp-json\/wp\/v2\/users\/13"}],"replies":[{"embeddable":true,"href":"https:\/\/www.tucomarca.com\/wordpress\/segunda\/ca\/wp-json\/wp\/v2\/comments?post=193865"}],"version-history":[{"count":0,"href":"https:\/\/www.tucomarca.com\/wordpress\/segunda\/ca\/wp-json\/wp\/v2\/posts\/193865\/revisions"}],"wp:featuredmedia":[{"embeddable":true,"href":"https:\/\/www.tucomarca.com\/wordpress\/segunda\/ca\/wp-json\/wp\/v2\/media\/75528"}],"wp:attachment":[{"href":"https:\/\/www.tucomarca.com\/wordpress\/segunda\/ca\/wp-json\/wp\/v2\/media?parent=193865"}],"wp:term":[{"taxonomy":"category","embeddable":true,"href":"https:\/\/www.tucomarca.com\/wordpress\/segunda\/ca\/wp-json\/wp\/v2\/categories?post=193865"},{"taxonomy":"post_tag","embeddable":true,"href":"https:\/\/www.tucomarca.com\/wordpress\/segunda\/ca\/wp-json\/wp\/v2\/tags?post=193865"}],"curies":[{"name":"wp","href":"https:\/\/api.w.org\/{rel}","templated":true}]}}