{"id":194821,"date":"2023-08-23T11:00:00","date_gmt":"2023-08-23T09:00:00","guid":{"rendered":"https:\/\/www.tucomarca.com\/wordpress\/segunda\/?p=194821"},"modified":"2023-08-23T15:23:42","modified_gmt":"2023-08-23T13:23:42","slug":"xiva-gaudeix-de-la-seua-tradicional-fira-del-pernil","status":"publish","type":"post","link":"https:\/\/www.tucomarca.com\/wordpress\/segunda\/ca\/xiva-gaudeix-de-la-seua-tradicional-fira-del-pernil\/","title":{"rendered":"Xiva gaudeix de la seua tradicional Fira del Pernil"},"content":{"rendered":"\n<p>Aquest dimecres, dia 23 d&#8217;agost, els ve\u00efns de Xiva poden gaudir a partir de les 13,00 hores de la tradicional Fira del Pernil en la Pla\u00e7a de l&#8217;Ajuntament.\u00a0A continuaci\u00f3, a les 14,00 hores, tindr\u00e0 lloc una Entrada de Vacas i Bous, pertanyents en aquesta ocasi\u00f3 a la Ramaderia H\u00e9ctor L\u00f3pez de Xiva.<\/p>\n\n\n\n<p>El dia comptar\u00e0 tamb\u00e9 amb una Vesprada plena d&#8217;actes Taurins en la Pla\u00e7a de Bous a c\u00e0rrec del bestiar brau de la Ramaderia Miguel Parejo de Cabanes (Castell\u00f3).<\/p>\n\n\n\n<p>A les 23,30 hores es desenvolupar\u00e0, en la Pla\u00e7a de Bous, el Concurs De Emboladores amb la participaci\u00f3 de les quadrilles Emboladors de la Font de la Figuera,&nbsp;Emboladores la Tenalla (Xiva), Emboladoras de Taurines Maneres (Prov\u00edncia de Castell\u00f3, Val\u00e8ncia i Terol), Emboladoras Afici\u00f3 Taurina (Tarragona i Castell\u00f3). La quadrilla guanyadora embolar\u00e1 un cinqu\u00e9 bou per al gaudi de tots els assistents.<\/p>\n","protected":false},"excerpt":{"rendered":"<div class=\"mh-excerpt\">Aquest dimecres, dia 23 d&#8217;agost, els ve\u00efns de Xiva poden gaudir a partir de les 13,00 hores de la tradicional Fira del Pernil en la Pla\u00e7a de l&#8217;Ajuntament.\u00a0A continuaci\u00f3, a les 14,00 hores, tindr\u00e0 lloc <a class=\"mh-excerpt-more\" href=\"https:\/\/www.tucomarca.com\/wordpress\/segunda\/ca\/xiva-gaudeix-de-la-seua-tradicional-fira-del-pernil\/\" title=\"Xiva gaudeix de la seua tradicional Fira del Pernil\">[+] <\/a><\/div>\n","protected":false},"author":13,"featured_media":194815,"comment_status":"open","ping_status":"open","sticky":false,"template":"","format":"standard","meta":{"footnotes":""},"categories":[11019,10894,10912,11008,10896,10975],"tags":[11195,10914,19468],"class_list":{"0":"post-194821","1":"post","2":"type-post","3":"status-publish","4":"format-standard","5":"has-post-thumbnail","7":"category-agenda-ca","8":"category-la-comarca-ca","9":"category-la-hoya-ca","10":"category-pueblos-en-fiestas-ca","11":"category-seccion-ca","12":"category-chiva-ca","13":"tag-chiva-ca","14":"tag-la-hoya-de-bunol-chiva-ca","15":"tag-pueblos-en-fiestas-ca"},"_links":{"self":[{"href":"https:\/\/www.tucomarca.com\/wordpress\/segunda\/ca\/wp-json\/wp\/v2\/posts\/194821","targetHints":{"allow":["GET"]}}],"collection":[{"href":"https:\/\/www.tucomarca.com\/wordpress\/segunda\/ca\/wp-json\/wp\/v2\/posts"}],"about":[{"href":"https:\/\/www.tucomarca.com\/wordpress\/segunda\/ca\/wp-json\/wp\/v2\/types\/post"}],"author":[{"embeddable":true,"href":"https:\/\/www.tucomarca.com\/wordpress\/segunda\/ca\/wp-json\/wp\/v2\/users\/13"}],"replies":[{"embeddable":true,"href":"https:\/\/www.tucomarca.com\/wordpress\/segunda\/ca\/wp-json\/wp\/v2\/comments?post=194821"}],"version-history":[{"count":0,"href":"https:\/\/www.tucomarca.com\/wordpress\/segunda\/ca\/wp-json\/wp\/v2\/posts\/194821\/revisions"}],"wp:featuredmedia":[{"embeddable":true,"href":"https:\/\/www.tucomarca.com\/wordpress\/segunda\/ca\/wp-json\/wp\/v2\/media\/194815"}],"wp:attachment":[{"href":"https:\/\/www.tucomarca.com\/wordpress\/segunda\/ca\/wp-json\/wp\/v2\/media?parent=194821"}],"wp:term":[{"taxonomy":"category","embeddable":true,"href":"https:\/\/www.tucomarca.com\/wordpress\/segunda\/ca\/wp-json\/wp\/v2\/categories?post=194821"},{"taxonomy":"post_tag","embeddable":true,"href":"https:\/\/www.tucomarca.com\/wordpress\/segunda\/ca\/wp-json\/wp\/v2\/tags?post=194821"}],"curies":[{"name":"wp","href":"https:\/\/api.w.org\/{rel}","templated":true}]}}