{"id":194870,"date":"2023-08-24T09:05:00","date_gmt":"2023-08-24T07:05:00","guid":{"rendered":"https:\/\/www.tucomarca.com\/wordpress\/segunda\/?p=194870"},"modified":"2023-08-24T09:23:51","modified_gmt":"2023-08-24T07:23:51","slug":"efectius-del-consorci-provincial-de-bombers-actuen-en-lincendi-duna-nau-industrial-a-lliria","status":"publish","type":"post","link":"https:\/\/www.tucomarca.com\/wordpress\/segunda\/ca\/efectius-del-consorci-provincial-de-bombers-actuen-en-lincendi-duna-nau-industrial-a-lliria\/","title":{"rendered":"Efectius del Consorci Provincial de Bombers actuen en l&#8217;incendi d&#8217;una nau industrial a Ll\u00edria"},"content":{"rendered":"\n<p>Passades les sis i mitja de la vesprada d&#8217;aquest dimecres s&#8217;ha donat per controlat l&#8217;incendi que des de primeres hores s&#8217;ha iniciat en una nau industrial situada en el terme municipal de Ll\u00edria.\u00a0<\/p>\n\n\n\n<p>Efectius del Consorci Provincial de Bombers de Val\u00e8ncia s&#8217;han mobilitzat per a actuar en una nau de fabricaci\u00f3 de finestres d&#8217;alumini a la qual s&#8217;han despla\u00e7at quatre dotacions dels parcs de Paterna, Xiva i Sagunt al costat d&#8217;un sergent.<\/p>\n\n\n\n<figure class=\"wp-block-image size-large\"><img loading=\"lazy\" decoding=\"async\" width=\"1024\" height=\"576\" src=\"http:\/\/www.tucomarca.com\/wordpress\/segunda\/wp-content\/uploads\/2023\/08\/BomberosLliria2-1024x576.jpg\" alt=\"\" class=\"wp-image-194866\" srcset=\"https:\/\/www.tucomarca.com\/wordpress\/segunda\/wp-content\/uploads\/2023\/08\/BomberosLliria2-1024x576.jpg 1024w, https:\/\/www.tucomarca.com\/wordpress\/segunda\/wp-content\/uploads\/2023\/08\/BomberosLliria2-300x169.jpg 300w, https:\/\/www.tucomarca.com\/wordpress\/segunda\/wp-content\/uploads\/2023\/08\/BomberosLliria2-768x432.jpg 768w, https:\/\/www.tucomarca.com\/wordpress\/segunda\/wp-content\/uploads\/2023\/08\/BomberosLliria2-1536x863.jpg 1536w, https:\/\/www.tucomarca.com\/wordpress\/segunda\/wp-content\/uploads\/2023\/08\/BomberosLliria2-678x381.jpg 678w, https:\/\/www.tucomarca.com\/wordpress\/segunda\/wp-content\/uploads\/2023\/08\/BomberosLliria2.jpg 2048w\" sizes=\"auto, (max-width: 1024px) 100vw, 1024px\" \/><\/figure>\n","protected":false},"excerpt":{"rendered":"<div class=\"mh-excerpt\">Passades les sis i mitja de la vesprada d&#8217;aquest dimecres s&#8217;ha donat per controlat l&#8217;incendi que des de primeres hores s&#8217;ha iniciat en una nau industrial situada en el terme municipal de Ll\u00edria.\u00a0 Efectius del <a class=\"mh-excerpt-more\" href=\"https:\/\/www.tucomarca.com\/wordpress\/segunda\/ca\/efectius-del-consorci-provincial-de-bombers-actuen-en-lincendi-duna-nau-industrial-a-lliria\/\" title=\"Efectius del Consorci Provincial de Bombers actuen en l&#8217;incendi d&#8217;una nau industrial a Ll\u00edria\">[+] <\/a><\/div>\n","protected":false},"author":1,"featured_media":194865,"comment_status":"open","ping_status":"open","sticky":false,"template":"","format":"image","meta":{"footnotes":""},"categories":[10892,10898,10948,10894,10928,10896,10897],"tags":[10899,12834,11070],"class_list":{"0":"post-194870","1":"post","2":"type-post","3":"status-publish","4":"format-image","5":"has-post-thumbnail","7":"category-camp-de-turia-ca","8":"category-ventana-ca","9":"category-infraestructuras-ca","10":"category-la-comarca-ca","11":"category-lliria-ca","12":"category-seccion-ca","13":"category-sucesos-la-comarca-ca","14":"tag-camp-de-turia-ca","15":"tag-consorcio-provincial-de-bomberos-de-valencia-ca","16":"tag-lliria-ca","17":"post_format-post-format-image"},"_links":{"self":[{"href":"https:\/\/www.tucomarca.com\/wordpress\/segunda\/ca\/wp-json\/wp\/v2\/posts\/194870","targetHints":{"allow":["GET"]}}],"collection":[{"href":"https:\/\/www.tucomarca.com\/wordpress\/segunda\/ca\/wp-json\/wp\/v2\/posts"}],"about":[{"href":"https:\/\/www.tucomarca.com\/wordpress\/segunda\/ca\/wp-json\/wp\/v2\/types\/post"}],"author":[{"embeddable":true,"href":"https:\/\/www.tucomarca.com\/wordpress\/segunda\/ca\/wp-json\/wp\/v2\/users\/1"}],"replies":[{"embeddable":true,"href":"https:\/\/www.tucomarca.com\/wordpress\/segunda\/ca\/wp-json\/wp\/v2\/comments?post=194870"}],"version-history":[{"count":0,"href":"https:\/\/www.tucomarca.com\/wordpress\/segunda\/ca\/wp-json\/wp\/v2\/posts\/194870\/revisions"}],"wp:featuredmedia":[{"embeddable":true,"href":"https:\/\/www.tucomarca.com\/wordpress\/segunda\/ca\/wp-json\/wp\/v2\/media\/194865"}],"wp:attachment":[{"href":"https:\/\/www.tucomarca.com\/wordpress\/segunda\/ca\/wp-json\/wp\/v2\/media?parent=194870"}],"wp:term":[{"taxonomy":"category","embeddable":true,"href":"https:\/\/www.tucomarca.com\/wordpress\/segunda\/ca\/wp-json\/wp\/v2\/categories?post=194870"},{"taxonomy":"post_tag","embeddable":true,"href":"https:\/\/www.tucomarca.com\/wordpress\/segunda\/ca\/wp-json\/wp\/v2\/tags?post=194870"}],"curies":[{"name":"wp","href":"https:\/\/api.w.org\/{rel}","templated":true}]}}