{"id":194910,"date":"2023-08-24T15:00:00","date_gmt":"2023-08-24T13:00:00","guid":{"rendered":"https:\/\/www.tucomarca.com\/wordpress\/segunda\/?p=194910"},"modified":"2023-08-24T22:32:28","modified_gmt":"2023-08-24T20:32:28","slug":"sinicien-els-actes-oficials-de-la-fira-i-lxxiv-festa-de-la-verema-de-requena","status":"publish","type":"post","link":"https:\/\/www.tucomarca.com\/wordpress\/segunda\/ca\/sinicien-els-actes-oficials-de-la-fira-i-lxxiv-festa-de-la-verema-de-requena\/","title":{"rendered":"S&#8217;inicien els actes oficials de la Fira i LXXIV Festa de la Verema de Requena"},"content":{"rendered":"\n<p>Des dels balcons del M.I. Ajuntament, el regidor de Fira i Festejos, Alberto Garc\u00eda Caba\u00f1as, ha obert aquest passat dimecres, el preg\u00f3 que anuncia el comen\u00e7ament de les festes en el qual ha actuat de pregoner oficial de la Fira 2023, Don Francisco Prada Gayoso, president de la Fundaci\u00f3 Ciutat de Requena, advocat i economista, amant del vi i entusiasta de Requena.&nbsp;<\/p>\n\n\n\n<p>A continuaci\u00f3, s&#8217;ha inaugurat el Real de la Fira i l&#8217;encesa de l&#8217;escut de Requena.<\/p>\n\n\n\n<p>Durant la setmana es podran gaudir d&#8217;una infinitat d&#8217;activitats, entre les quals es pot destacar aquest dijous, la Fira Requenense del Vi, organitzada per FEREVIN, a c\u00e0rrec d&#8217;autoritats, reines, presidents, comissions de la LXXIV Festa de la Verema, convidats i p\u00fablic en general.<\/p>\n\n\n\n<p>Tamb\u00e9 els actes culturals amb diverses exposicions, els actes religiosos, la m\u00fasica, el vi i l&#8217;esport ocuparen els dies de festa.<\/p>\n\n\n\n<p><strong>DIJOUS 24 AGOST&nbsp;<\/strong><\/p>\n\n\n\n<p>10.00 XXII TORNEIG POPULAR DE DOMIN\u00d3 PER PARELLES \u201cCOVI\u00d1AS\u201d CIUTAT DE REQUENA&nbsp;<\/p>\n\n\n\n<p>De 10 a 19 hores aproximadament. Tercer tram de l&#8217;avinguda Raval. Organitza Associaci\u00f3 d&#8217;Aficionats al Domin\u00f3.&nbsp;<\/p>\n\n\n\n<p>12.00 INAUGURACI\u00d3 XV EXPOSICI\u00d3 D&#8217;ENCAIX DE BOLILLOS I ALTRES LABORS&nbsp;<\/p>\n\n\n\n<p>L&#8217;exposici\u00f3 podr\u00e0 visitar-se del 24 d&#8217;agost al 3 de setembre, en horari de 10.30 a 14.00 hores en el Museu Municipal. Entrada gratu\u00efta. Organitza Associaci\u00f3 de Bolillos, Manualitats i Labors Artesanals de Requena.&nbsp;<\/p>\n\n\n\n<p>19.00 OBERTURA I INAUGURACI\u00d3 DE LA XXXI EDICI\u00d3 DE LA FIRA REQUENENSE DEL VI \u201cFEREV\u00cdN 2023\u201d&nbsp;<\/p>\n\n\n\n<p>A c\u00e0rrec d&#8217;autoritats, reines, presidents, comissions de la LXXIV Festa de la Verema, convidats i p\u00fablic en general. Organitza FEREV\u00cdN.&nbsp;<\/p>\n\n\n\n<p>20.00 TRIDU EN HONOR DE LA SANT\u00cdSSIMA VERGE DELS DOLORES&nbsp;<\/p>\n\n\n\n<p>Primer dia. Parr\u00f2quia de Sant Nicol\u00e1s (Temple del Carmen).&nbsp;<\/p>\n\n\n\n<p>20.00 INAUGURACI\u00d3 DE L&#8217;EXPOSICI\u00d3 COL\u00b7LECTIVA DEL CERCLE ART\u00cdSTIC REQUENENSE&nbsp;<\/p>\n\n\n\n<p>L&#8217;exposici\u00f3 podr\u00e0 visitar-se del 24 d&#8217;agost al 15 de setembre, en horari de 17.00 a 20.00 hores. Sala d&#8217;Exposicions \u201cAntic Mercat\u201d. Entrada gratu\u00efta. Organitza M.I. Ajuntament de Requena.&nbsp;<\/p>\n\n\n\n<p>20.30 MUSICAL INFANTIL \u201cACOLOREIX, APR\u00c9N CANTANT\u201d&nbsp;<\/p>\n\n\n\n<p>Plaza Juan Grand\u00eda. Entrada gratu\u00efta. Acte amb cadires. Organitza M.I. Ajuntament de Requena.&nbsp;<\/p>\n\n\n\n<p>23.30 MUSICAL \u201cTHE REVOLUTION\u201d&nbsp;<\/p>\n\n\n\n<p>Una hist\u00f2ria actual en un format trencador. Plaza Juan Grand\u00eda. Entrada gratu\u00efta. Acte amb cadires. Organitza M.I. Ajuntament de Requena.&nbsp;<\/p>\n\n\n\n<p>00.30 REMEMBER 90\u2019S I 00\u2019S.&nbsp;<\/p>\n\n\n\n<p>Zona de carpes. Organitza Uni\u00f3 de Ra\u00efms.&nbsp;<\/p>\n\n\n\n<p><strong>DIVENDRES 25 D&#8217;AGOST&nbsp;<\/strong><\/p>\n\n\n\n<p>12.00 VERM\u00da&nbsp;<\/p>\n\n\n\n<p>Pavell\u00f3 LXXIV Festa de la Verema. Pati del Mercat. Organitza LXXIV Festa de la Verema&nbsp;<\/p>\n\n\n\n<p>19.00 TAST COMENTAT DE VINS&nbsp;<\/p>\n\n\n\n<p>Tast dels vins guanyadors en l&#8217;IX Concurs de Vins de FEREV\u00cdN. Entrada 7 \u20ac. Claustre del Museu Municipal. Organitza FEREV\u00cdN.&nbsp;<\/p>\n\n\n\n<p>19.30 INAUGURACI\u00d3 DEL XXIV MERCAT MEDIEVAL&nbsp;<\/p>\n\n\n\n<p>Per part d&#8217;autoritats i comissions de la LXXIV Festa de la Verema. Mercat del 25 al 27 d&#8217;agost, amb diverses passades d&#8217;exhibicions. Plaza del Coronel Ruiz de Barn\u00fas. Organitza M.I. Ajuntament de Requena.&nbsp;<\/p>\n\n\n\n<p>20.00 TRIDU EN HONOR DE LA SANT\u00cdSSIMA VERGE DELS DOLORES&nbsp;<\/p>\n\n\n\n<p>Segon dia. Parr\u00f2quia de Sant Nicol\u00e1s (Temple del Carmen).&nbsp;<\/p>\n\n\n\n<p>20.00 CONCERT EXTRAORDINARI DE FIRA ESCOLA RONDALLA&nbsp;<\/p>\n\n\n\n<p>Cor, Orquestra de Pols i Pua i cantants solistes. Teatre Principal. Organitza Associaci\u00f3 Escola Rondalla de Requena.&nbsp;<\/p>\n\n\n\n<p>20.30 OBERTURA DEL MUSEU DE LA FESTA DE LA VEREMA&nbsp;<\/p>\n\n\n\n<p>Es procedir\u00e0 a l&#8217;obertura del Museu de la Festa de la Verema, situat en C\/ Santa Mar\u00eda, no 41. Romandr\u00e0 obert des d&#8217;aqueix dia i durant els dies de festes, en horari d&#8217;11 a 14 hores i de 18 a 21 hores. Diumenge 3 de setembre tarde tancat.&nbsp;<\/p>\n\n\n\n<p>23.00 X CONCERT DE LA VEREMA I EL VI&nbsp;<\/p>\n\n\n\n<p>L&#8217;Orquestra Filharm\u00f2nica de la Fundaci\u00f3 Ciutat de Requena al costat de la gran cantaora de flamenc Mar\u00eda Toledo i la balladora flamenca Roc\u00edo Ibarra, sota la direcci\u00f3 del mestre Francisco Melero, interpretaran obres de Manuel de Falla. Pati d&#8217;Armes. Organitza Orquestra Filharm\u00f2nica de la Fundaci\u00f3 Ciutat de Requena.&nbsp;<\/p>\n\n\n\n<p>01.00 REVETLA UNI\u00d3 DE RA\u00cfMS. ORQUESTRA \u201cNEXT\u201d&nbsp;<\/p>\n\n\n\n<p>Zona de carpes. Organitza Uni\u00f3 de Ra\u00efms.<\/p>\n\n\n\n<p><strong>DISSABTE 26 D&#8217;AGOST&nbsp;<\/strong><\/p>\n\n\n\n<p>12.00 VERM\u00da&nbsp;<\/p>\n\n\n\n<p>Pavell\u00f3 LXXIV Festa de la Verema. Pati del Mercat. Organitza LXXIV Festa de la Verema.&nbsp;<\/p>\n\n\n\n<p>18.30 PARTIT DE FUTBOL \u201cTROFEU CIUTAT DE REQUENA\u201d&nbsp;<\/p>\n\n\n\n<p>Sporting Club Requena-Club Esportiu Utiel. Estadi Municipal Tom\u00e1s Berlanga. Organitza Sporting Club Requena.&nbsp;<\/p>\n\n\n\n<p>20.00 BALLS DE LA GLORIETA&nbsp;<\/p>\n\n\n\n<p>Finalitza el cicle de balls de la Glorieta amb l&#8217;actuaci\u00f3 del Grup \u201cDuo Summer\u201d. Parc de la Glorieta. Organitza M.I. Ajuntament de Requena.&nbsp;<\/p>\n\n\n\n<p>20.00 TRIDU EN HONOR DE LA SANT\u00cdSSIMA VERGE DELS DOLORES&nbsp;<\/p>\n\n\n\n<p>Tercer dia. Parr\u00f2quia de Sant Nicol\u00e1s (Temple del Carmen).&nbsp;<\/p>\n\n\n\n<p>20.00 ACTUACI\u00d3 MUSICAL DEL GRUP \u201cBILLY BAND BOOM\u201d&nbsp;<\/p>\n\n\n\n<p>Actuaci\u00f3 musical per a xiquets i xiquetes d&#8217;entre 2 a 14 anys i les seues fam\u00edlies. Gratu\u00eft. Plaza de Bous. Organitza M.I. Ajuntament de Requena.&nbsp;<\/p>\n\n\n\n<p>20.30 PRESENTACI\u00d3 DEL DOCUMENTAL \u201cREVELANT MIRADES\u201d FUNDACI\u00d3 \u201cCIUTAT DE REQUENA\u201d&nbsp;<\/p>\n\n\n\n<p>Documental que narra les expedicions que la Fundaci\u00f3 realitza al Senegal per a operar cataractes i millorar la visi\u00f3 amb ajudes \u00f2ptiques en plena sabana africana. Documental seleccionat per R\u00e0dio Televisi\u00f3 Espanyola per a ser em\u00e9s al setembre de 2023. Entrada gratu\u00efta amb invitaci\u00f3, fins a completar aforament. Per a m\u00e9s informaci\u00f3 www.fundacionciudadderequena. com. Temple de Sant Nicol\u00e1s. Organitza Fundaci\u00f3 Ciutat de Requena.&nbsp;<\/p>\n\n\n\n<p>22.30 CONCERT DE REV\u00d2LVER&nbsp;<\/p>\n\n\n\n<p>Entrada gratu\u00efta. Plaza de bous de Requena. Organitza M.I Ajuntament de Requena.&nbsp;<\/p>\n\n\n\n<p>23.00 OBRA DE TEATRE \u201cROMA\u201d&nbsp;<\/p>\n\n\n\n<p>Raval-Teatre presenta aquesta obra de David Barreiro, que va obtindre el Primer Premi del XV Certamen Internacional de Teatre Breu \u201cCiutat de Requena\u201d. Interpretada per Elena Exp\u00f3sito i Roberto L\u00f3pez, sota la direcci\u00f3 de Jos\u00e9 Luis Prieto. Representaci\u00f3 patrocinada per la Fundaci\u00f3 Ciutat de Requena. Pati d&#8217;Armes. Organitza CAT Raval-Teatre.&nbsp;<\/p>\n\n\n\n<p>00.30 CASTELL DE FOCS ARTIFICIALS&nbsp;<\/p>\n\n\n\n<p>Pirot\u00e8cnia \u201cGermans Caballer, Pirot\u00e8cnics\u201d. Carrer Jaime Juan Casta\u00f1er. Organitza M.I. Ajuntament de Requena.&nbsp;<\/p>\n\n\n\n<p>01.30 MACRODISCOM\u00d3VIL. FESTA \u201cLA COMUNITAT\u201d AMB ADRI\u00c1N CERVERA&nbsp;<\/p>\n\n\n\n<p>Zona de carpes. Organitza Uni\u00f3 de Ra\u00efms.<\/p>\n\n\n\n<p><strong>DIUMENGE 27 D&#8217;AGOST&nbsp;<\/strong><\/p>\n\n\n\n<p>10.00 XI FIRA DE L&#8217;ESTOC DEL COMER\u00c7 DE REQUENA&nbsp;<\/p>\n\n\n\n<p>De 10 a 21 hores. Primer, segon i tercer tram de l&#8217;avinguda Raval. Organitza Associaci\u00f3 de Comerciants i Professionals dels Serveis de Requena.&nbsp;<\/p>\n\n\n\n<p>12.00 SOLEMNE EUCARISTIA EN ACCI\u00d3 DE GR\u00c0CIES EN HONOR A LA NOSTRA PATRONA LA SANT\u00cdSSIMA VERGE DELS DOLORES&nbsp;<\/p>\n\n\n\n<p>Parr\u00f2quia de Sant Nicol\u00e1s (Temple del Carmen).&nbsp;<\/p>\n\n\n\n<p>12.00 VERM\u00da&nbsp;<\/p>\n\n\n\n<p>Pavell\u00f3 LXXIV Festa de la Verema. Pati del Mercat. Organitza LXXIV Festa de la Verema&nbsp;<\/p>\n\n\n\n<p>13.30 LLIURAMENT DE PREMIS DE L&#8217;IX CONCURS DE VINS DE FEREV\u00cdN.&nbsp;<\/p>\n\n\n\n<p>Edifici Multifuncional del Recinte Firal. Organitza FEREV\u00cdN.&nbsp;<\/p>\n\n\n\n<p>14.00 EXTRAORDIN\u00c0RIA MASCLET\u00c1&nbsp;<\/p>\n\n\n\n<p>Pirot\u00e8cnia \u201cGermans Caballer, Pirot\u00e8cnics\u201d. Plaza Juan Grand\u00eda. Organitza M.I. Ajuntament de Requena.&nbsp;<\/p>\n\n\n\n<p>14.30 CLAUSURA OFICIAL I TANCAMENT DE LA XXXI EDICI\u00d3 DE LA FIRA REQUENENSE DEL VI&nbsp;<\/p>\n\n\n\n<p>Edifici Multifuncional del Recinte Firal. Organitza FEREV\u00cdN.&nbsp;<\/p>\n\n\n\n<p>19.00 TAST TEATROMUSICALIZADA&nbsp;<\/p>\n\n\n\n<p>Museu Festa de la Verema situat en carrer Sant Mar\u00eda no 41. Organitza LXXIV Festa de la Verema.&nbsp;<\/p>\n\n\n\n<p>20.15 BAIXADA DE LA BANDERA I PROCESS\u00d3 C\u00cdVICA&nbsp;<\/p>\n\n\n\n<p>Baixada de la Bandera i a continuaci\u00f3 process\u00f3 c\u00edvica, des de la Casa Consistorial fins a la Parr\u00f2quia de Sant Nicol\u00e1s (Temple del Carmen). Organitza M.I. Ajuntament de Requena.&nbsp;<\/p>\n\n\n\n<p>20.30 SOLEMNE PROCESS\u00d3 DE LA SANT\u00cdSSIMA VERGE DELS DOLORES&nbsp;<\/p>\n\n\n\n<p>Process\u00f3 de la Sant\u00edssima Verge dels Dolores, que eixint de la Parr\u00f2quia de Sant Nicol\u00e1s (Temple del Carmen) recorrer\u00e0 el seg\u00fcent itinerari: Carmen, M\u00fasic Dessaborida, Plaza Consistorial, Anselmo Fern\u00e1ndez, Constituci\u00f3, Norberto Pi\u00f1ango, pla\u00e7a del Portal, Pes, pla\u00e7a d&#8217;Espanya i Carmen.&nbsp;<\/p>\n\n\n\n<p>23.00 CONCERT TRIBUT A \u201cQUEEN\u201d&nbsp;<\/p>\n\n\n\n<p>Un espectacle ple de m\u00e0gia i sentiment amb can\u00e7ons de la hist\u00f2rica banda. Plaza de Bous. Organitza LXXIV Festa de la Verema.&nbsp;<\/p>\n\n\n\n<p>00.30 XII ROCK IN RIU MAGRE&nbsp;<\/p>\n\n\n\n<p>Zona de carpes. Organitza Uni\u00f3 de Ra\u00efms.&nbsp;<\/p>\n\n\n\n<p><\/p>\n","protected":false},"excerpt":{"rendered":"<div class=\"mh-excerpt\">Des dels balcons del M.I. Ajuntament, el regidor de Fira i Festejos, Alberto Garc\u00eda Caba\u00f1as, ha obert aquest passat dimecres, el preg\u00f3 que anuncia el comen\u00e7ament de les festes en el qual ha actuat de <a class=\"mh-excerpt-more\" href=\"https:\/\/www.tucomarca.com\/wordpress\/segunda\/ca\/sinicien-els-actes-oficials-de-la-fira-i-lxxiv-festa-de-la-verema-de-requena\/\" title=\"S&#8217;inicien els actes oficials de la Fira i LXXIV Festa de la Verema de Requena\">[+] <\/a><\/div>\n","protected":false},"author":12,"featured_media":192670,"comment_status":"open","ping_status":"open","sticky":false,"template":"","format":"standard","meta":{"footnotes":""},"categories":[11019,10898,10894,11007,10908,10909,10896],"tags":[19607,11099,10910],"class_list":{"0":"post-194910","1":"post","2":"type-post","3":"status-publish","4":"format-standard","5":"has-post-thumbnail","7":"category-agenda-ca","8":"category-ventana-ca","9":"category-la-comarca-ca","10":"category-ocio-y-cultura-ca","11":"category-requena-ca","12":"category-requena-utiel-ca","13":"category-seccion-ca","14":"tag-lxxiv-fiesta-de-la-vendimia-de-requena-ca","15":"tag-requena-ca","16":"tag-requena-utiel-ca"},"_links":{"self":[{"href":"https:\/\/www.tucomarca.com\/wordpress\/segunda\/ca\/wp-json\/wp\/v2\/posts\/194910","targetHints":{"allow":["GET"]}}],"collection":[{"href":"https:\/\/www.tucomarca.com\/wordpress\/segunda\/ca\/wp-json\/wp\/v2\/posts"}],"about":[{"href":"https:\/\/www.tucomarca.com\/wordpress\/segunda\/ca\/wp-json\/wp\/v2\/types\/post"}],"author":[{"embeddable":true,"href":"https:\/\/www.tucomarca.com\/wordpress\/segunda\/ca\/wp-json\/wp\/v2\/users\/12"}],"replies":[{"embeddable":true,"href":"https:\/\/www.tucomarca.com\/wordpress\/segunda\/ca\/wp-json\/wp\/v2\/comments?post=194910"}],"version-history":[{"count":0,"href":"https:\/\/www.tucomarca.com\/wordpress\/segunda\/ca\/wp-json\/wp\/v2\/posts\/194910\/revisions"}],"wp:featuredmedia":[{"embeddable":true,"href":"https:\/\/www.tucomarca.com\/wordpress\/segunda\/ca\/wp-json\/wp\/v2\/media\/192670"}],"wp:attachment":[{"href":"https:\/\/www.tucomarca.com\/wordpress\/segunda\/ca\/wp-json\/wp\/v2\/media?parent=194910"}],"wp:term":[{"taxonomy":"category","embeddable":true,"href":"https:\/\/www.tucomarca.com\/wordpress\/segunda\/ca\/wp-json\/wp\/v2\/categories?post=194910"},{"taxonomy":"post_tag","embeddable":true,"href":"https:\/\/www.tucomarca.com\/wordpress\/segunda\/ca\/wp-json\/wp\/v2\/tags?post=194910"}],"curies":[{"name":"wp","href":"https:\/\/api.w.org\/{rel}","templated":true}]}}