{"id":194921,"date":"2023-08-24T14:00:00","date_gmt":"2023-08-24T12:00:00","guid":{"rendered":"https:\/\/www.tucomarca.com\/wordpress\/segunda\/?p=194921"},"modified":"2023-08-24T19:09:31","modified_gmt":"2023-08-24T17:09:31","slug":"benaguasil-continua-apostant-per-lart-urba-amb-un-mural-en-3d","status":"publish","type":"post","link":"https:\/\/www.tucomarca.com\/wordpress\/segunda\/ca\/benaguasil-continua-apostant-per-lart-urba-amb-un-mural-en-3d\/","title":{"rendered":"Benaguasil continua apostant per l&#8217;art urb\u00e0 amb un mural en 3D"},"content":{"rendered":"\n<h4 class=\"wp-block-heading\">\u201cMurfalla Projet\u201d \u00e9s el t\u00edtol d&#8217;aquesta obra que \u00e9s un h\u00edbrid entre una falla i un mural d&#8217;art urb\u00e0 amb peces que sobre\u00efxen de la paret<\/h4>\n\n\n\n<p>L&#8217;Ajuntament de Benaguasil en col\u00b7laboraci\u00f3 de Caos Comunity ha iniciat els treballs del nou mural d&#8217;art urb\u00e0 amb peces de falla en 3D que ixen de la paret.<\/p>\n\n\n\n<p>Es tracta d&#8217;un treball de 480 metres quadrats executat al carrer Pla\u00e7a de Bous, en concret en la paret de l&#8217;edifici que es troba pr\u00f2xim al parc del Pilar.<\/p>\n\n\n\n<p>El mural, obra dels artistes Asier Vera, Mone Uzi Crew i Gio ArtColor, porta per t\u00edtol \u201cMurfalla Project\u201d i representa un h\u00edbrid entre una falla i un mural d&#8217;art urb\u00e0, la qual cosa el converteix en una cosa \u00fanica ja que segons els artistes \u201c\u00e9s la primera vegada que es realitza una cosa aix\u00ed, ja que no s&#8217;ha fet enlloc del m\u00f3n\u201d.<\/p>\n\n\n\n<p>Els regidors Patricia Merenciano, Carlos Bosch i Rosa Cervera s&#8217;han acostat a visitar el mural que estar\u00e0 llest en uns dies.<\/p>\n\n\n\n<p>Aquest nou mural s&#8217;uneix als ja distribu\u00efts per tot el municipi amb l&#8217;objectiu d&#8217;acostar l&#8217;art a espais oberts i a la ciutadania i generar un circuit art\u00edstic.<\/p>\n\n\n\n<figure class=\"wp-block-image size-full\"><img loading=\"lazy\" decoding=\"async\" width=\"1024\" height=\"768\" src=\"http:\/\/www.tucomarca.com\/wordpress\/segunda\/wp-content\/uploads\/2023\/08\/BenaguasilMural02.jpg\" alt=\"\" class=\"wp-image-194918\" srcset=\"https:\/\/www.tucomarca.com\/wordpress\/segunda\/wp-content\/uploads\/2023\/08\/BenaguasilMural02.jpg 1024w, https:\/\/www.tucomarca.com\/wordpress\/segunda\/wp-content\/uploads\/2023\/08\/BenaguasilMural02-300x225.jpg 300w, https:\/\/www.tucomarca.com\/wordpress\/segunda\/wp-content\/uploads\/2023\/08\/BenaguasilMural02-768x576.jpg 768w, https:\/\/www.tucomarca.com\/wordpress\/segunda\/wp-content\/uploads\/2023\/08\/BenaguasilMural02-678x509.jpg 678w, https:\/\/www.tucomarca.com\/wordpress\/segunda\/wp-content\/uploads\/2023\/08\/BenaguasilMural02-326x245.jpg 326w, https:\/\/www.tucomarca.com\/wordpress\/segunda\/wp-content\/uploads\/2023\/08\/BenaguasilMural02-80x60.jpg 80w\" sizes=\"auto, (max-width: 1024px) 100vw, 1024px\" \/><\/figure>\n\n\n\n<p><\/p>\n","protected":false},"excerpt":{"rendered":"<div class=\"mh-excerpt\">\u201cMurfalla Projet\u201d \u00e9s el t\u00edtol d&#8217;aquesta obra que \u00e9s un h\u00edbrid entre una falla i un mural d&#8217;art urb\u00e0 amb peces que sobre\u00efxen de la paret L&#8217;Ajuntament de Benaguasil en col\u00b7laboraci\u00f3 de Caos Comunity ha <a class=\"mh-excerpt-more\" href=\"https:\/\/www.tucomarca.com\/wordpress\/segunda\/ca\/benaguasil-continua-apostant-per-lart-urba-amb-un-mural-en-3d\/\" title=\"Benaguasil continua apostant per l&#8217;art urb\u00e0 amb un mural en 3D\">[+] <\/a><\/div>\n","protected":false},"author":12,"featured_media":194917,"comment_status":"open","ping_status":"open","sticky":false,"template":"","format":"standard","meta":{"footnotes":""},"categories":[10952,10892,10894,11007,11063,10947,10896],"tags":[19609,11136,10899,19610],"class_list":{"0":"post-194921","1":"post","2":"type-post","3":"status-publish","4":"format-standard","5":"has-post-thumbnail","7":"category-benaguasil-ca","8":"category-camp-de-turia-ca","9":"category-la-comarca-ca","10":"category-ocio-y-cultura-ca","11":"category-pintura-ca","12":"category-politica","13":"category-seccion-ca","14":"tag-arte-urbano-ca","15":"tag-benaguasil-ca","16":"tag-camp-de-turia-ca","17":"tag-muralla-projet-ca"},"_links":{"self":[{"href":"https:\/\/www.tucomarca.com\/wordpress\/segunda\/ca\/wp-json\/wp\/v2\/posts\/194921","targetHints":{"allow":["GET"]}}],"collection":[{"href":"https:\/\/www.tucomarca.com\/wordpress\/segunda\/ca\/wp-json\/wp\/v2\/posts"}],"about":[{"href":"https:\/\/www.tucomarca.com\/wordpress\/segunda\/ca\/wp-json\/wp\/v2\/types\/post"}],"author":[{"embeddable":true,"href":"https:\/\/www.tucomarca.com\/wordpress\/segunda\/ca\/wp-json\/wp\/v2\/users\/12"}],"replies":[{"embeddable":true,"href":"https:\/\/www.tucomarca.com\/wordpress\/segunda\/ca\/wp-json\/wp\/v2\/comments?post=194921"}],"version-history":[{"count":0,"href":"https:\/\/www.tucomarca.com\/wordpress\/segunda\/ca\/wp-json\/wp\/v2\/posts\/194921\/revisions"}],"wp:featuredmedia":[{"embeddable":true,"href":"https:\/\/www.tucomarca.com\/wordpress\/segunda\/ca\/wp-json\/wp\/v2\/media\/194917"}],"wp:attachment":[{"href":"https:\/\/www.tucomarca.com\/wordpress\/segunda\/ca\/wp-json\/wp\/v2\/media?parent=194921"}],"wp:term":[{"taxonomy":"category","embeddable":true,"href":"https:\/\/www.tucomarca.com\/wordpress\/segunda\/ca\/wp-json\/wp\/v2\/categories?post=194921"},{"taxonomy":"post_tag","embeddable":true,"href":"https:\/\/www.tucomarca.com\/wordpress\/segunda\/ca\/wp-json\/wp\/v2\/tags?post=194921"}],"curies":[{"name":"wp","href":"https:\/\/api.w.org\/{rel}","templated":true}]}}