{"id":194989,"date":"2023-08-25T12:30:00","date_gmt":"2023-08-25T10:30:00","guid":{"rendered":"https:\/\/www.tucomarca.com\/wordpress\/segunda\/?p=194989"},"modified":"2023-08-25T15:35:53","modified_gmt":"2023-08-25T13:35:53","slug":"video-la-reina-de-la-fira-i-festes-de-bunyol-celeste-agustina-ens-convida-a-participar-en-els-festejos","status":"publish","type":"post","link":"https:\/\/www.tucomarca.com\/wordpress\/segunda\/ca\/video-la-reina-de-la-fira-i-festes-de-bunyol-celeste-agustina-ens-convida-a-participar-en-els-festejos\/","title":{"rendered":"V\u00eddeo: la Reina de la Fira i Festes de Bunyol, Celeste Agustina, ens convida a participar en els festejos"},"content":{"rendered":"\n<figure class=\"wp-block-embed is-type-video is-provider-youtube wp-block-embed-youtube wp-embed-aspect-16-9 wp-has-aspect-ratio\"><div class=\"wp-block-embed__wrapper\">\n<iframe loading=\"lazy\" title=\"V\u00eddeo: la Reina de la Feria y Fiestas de Bu\u00f1ol, Celeste Agustina, nos invita a la participaci\u00f3n\" width=\"500\" height=\"281\" src=\"https:\/\/www.youtube.com\/embed\/-xu_gsWvCZQ?feature=oembed\" frameborder=\"0\" allow=\"accelerometer; autoplay; clipboard-write; encrypted-media; gyroscope; picture-in-picture; web-share\" referrerpolicy=\"strict-origin-when-cross-origin\" allowfullscreen><\/iframe>\n<\/div><\/figure>\n\n\n\n<p>V\u00eddeo elaborat per <strong>tucomarca televisi\u00f3<\/strong> en el qual la Reina de la Fira i Festes de Bunyol 2023, Celeste Agustina, ens convida a participar en uns festejos que aquest divendres s&#8217;intensifiquen en la localitat i que s&#8217;han iniciat dies arrere amb la seua presentaci\u00f3, amb l&#8217;acte de les cinc comissions falleres de la localitat aix\u00ed com amb del concert &#8220;M\u00e0 a m\u00e0&#8221; entre les dues bandes de m\u00fasica locals.<\/p>\n","protected":false},"excerpt":{"rendered":"<div class=\"mh-excerpt\">V\u00eddeo elaborat per tucomarca televisi\u00f3 en el qual la Reina de la Fira i Festes de Bunyol 2023, Celeste Agustina, ens convida a participar en uns festejos que aquest divendres s&#8217;intensifiquen en la localitat i <a class=\"mh-excerpt-more\" href=\"https:\/\/www.tucomarca.com\/wordpress\/segunda\/ca\/video-la-reina-de-la-fira-i-festes-de-bunyol-celeste-agustina-ens-convida-a-participar-en-els-festejos\/\" title=\"V\u00eddeo: la Reina de la Fira i Festes de Bunyol, Celeste Agustina, ens convida a participar en els festejos\">[+] <\/a><\/div>\n","protected":false},"author":1,"featured_media":194986,"comment_status":"open","ping_status":"open","sticky":false,"template":"","format":"video","meta":{"footnotes":""},"categories":[11019,10911,10898,10894,10904,10912,11004,11007,11008,10896,11062],"tags":[17325,10913,19619,11177,10914,12503],"class_list":{"0":"post-194989","1":"post","2":"type-post","3":"status-publish","4":"format-video","5":"has-post-thumbnail","7":"category-agenda-ca","8":"category-bunol-ca","9":"category-ventana-ca","10":"category-la-comarca-ca","11":"category-sin-categorizar-ca","12":"category-la-hoya-ca","13":"category-la-semana-en-imagenes-ca","14":"category-ocio-y-cultura-ca","15":"category-pueblos-en-fiestas-ca","16":"category-seccion-ca","17":"category-videos","18":"tag-2023-ca","19":"tag-bunol-ca","20":"tag-celeste-ca","21":"tag-fira-y-festes","22":"tag-la-hoya-de-bunol-chiva-ca","23":"tag-reina-feria-y-fiestas-de-bunol-ca","24":"post_format-post-format-video"},"_links":{"self":[{"href":"https:\/\/www.tucomarca.com\/wordpress\/segunda\/ca\/wp-json\/wp\/v2\/posts\/194989","targetHints":{"allow":["GET"]}}],"collection":[{"href":"https:\/\/www.tucomarca.com\/wordpress\/segunda\/ca\/wp-json\/wp\/v2\/posts"}],"about":[{"href":"https:\/\/www.tucomarca.com\/wordpress\/segunda\/ca\/wp-json\/wp\/v2\/types\/post"}],"author":[{"embeddable":true,"href":"https:\/\/www.tucomarca.com\/wordpress\/segunda\/ca\/wp-json\/wp\/v2\/users\/1"}],"replies":[{"embeddable":true,"href":"https:\/\/www.tucomarca.com\/wordpress\/segunda\/ca\/wp-json\/wp\/v2\/comments?post=194989"}],"version-history":[{"count":0,"href":"https:\/\/www.tucomarca.com\/wordpress\/segunda\/ca\/wp-json\/wp\/v2\/posts\/194989\/revisions"}],"wp:featuredmedia":[{"embeddable":true,"href":"https:\/\/www.tucomarca.com\/wordpress\/segunda\/ca\/wp-json\/wp\/v2\/media\/194986"}],"wp:attachment":[{"href":"https:\/\/www.tucomarca.com\/wordpress\/segunda\/ca\/wp-json\/wp\/v2\/media?parent=194989"}],"wp:term":[{"taxonomy":"category","embeddable":true,"href":"https:\/\/www.tucomarca.com\/wordpress\/segunda\/ca\/wp-json\/wp\/v2\/categories?post=194989"},{"taxonomy":"post_tag","embeddable":true,"href":"https:\/\/www.tucomarca.com\/wordpress\/segunda\/ca\/wp-json\/wp\/v2\/tags?post=194989"}],"curies":[{"name":"wp","href":"https:\/\/api.w.org\/{rel}","templated":true}]}}