{"id":195043,"date":"2023-08-26T09:00:00","date_gmt":"2023-08-26T07:00:00","guid":{"rendered":"https:\/\/www.tucomarca.com\/wordpress\/segunda\/?p=195043"},"modified":"2023-08-26T11:30:52","modified_gmt":"2023-08-26T09:30:52","slug":"lartistica-de-bunyol-viu-aquest-diumenge-el-seu-dia-gran-amb-la-festa-del-manto","status":"publish","type":"post","link":"https:\/\/www.tucomarca.com\/wordpress\/segunda\/ca\/lartistica-de-bunyol-viu-aquest-diumenge-el-seu-dia-gran-amb-la-festa-del-manto\/","title":{"rendered":"\u00abL&#8217;Art\u00edstica\u00bb de Bunyol viu aquest diumenge el seu dia gran amb la Festa del Mant\u00f3"},"content":{"rendered":"\n<figure class=\"wp-block-image size-large\"><img loading=\"lazy\" decoding=\"async\" width=\"1024\" height=\"831\" src=\"http:\/\/www.tucomarca.com\/wordpress\/segunda\/wp-content\/uploads\/2023\/08\/feosPres00-1024x831.jpg\" alt=\"\" class=\"wp-image-195042\" srcset=\"https:\/\/www.tucomarca.com\/wordpress\/segunda\/wp-content\/uploads\/2023\/08\/feosPres00-1024x831.jpg 1024w, https:\/\/www.tucomarca.com\/wordpress\/segunda\/wp-content\/uploads\/2023\/08\/feosPres00-300x244.jpg 300w, https:\/\/www.tucomarca.com\/wordpress\/segunda\/wp-content\/uploads\/2023\/08\/feosPres00-768x624.jpg 768w, https:\/\/www.tucomarca.com\/wordpress\/segunda\/wp-content\/uploads\/2023\/08\/feosPres00.jpg 1170w\" sizes=\"auto, (max-width: 1024px) 100vw, 1024px\" \/><\/figure>\n\n\n\n<p>Aquest diumenge, 27 d&#8217;agost, \u00e9s el gran dia de celebraci\u00f3 per a &#8220;Els Lletjos&#8221; amb la seua Festa del Mant\u00f3 que, com cada any, saca al carrer les millors gales de la Societat Musical \u00abL&#8217;Art\u00edstica\u00bb de Bunyol.<\/p>\n\n\n\n<p>Aix\u00ed, a les 12,30 comen\u00e7ar\u00e0 la festa amb l&#8217;ofrena matinal, a la qual s&#8217;uneix el sorteig de mantons i posteriorment la gran cavalcada del mant\u00f3 a las20,00 hores.<\/p>\n\n\n\n<p>En totes dues cites participaran la Reina del Mant\u00f3 2023, Virginia Mi\u00f1ana Carrascosa, la Reina Infantil, Sira Blanes Garc\u00eda, i la representant, Paula Gisbert Barranco.<\/p>\n","protected":false},"excerpt":{"rendered":"<div class=\"mh-excerpt\">Aquest diumenge, 27 d&#8217;agost, \u00e9s el gran dia de celebraci\u00f3 per a &#8220;Els Lletjos&#8221; amb la seua Festa del Mant\u00f3 que, com cada any, saca al carrer les millors gales de la Societat Musical \u00abL&#8217;Art\u00edstica\u00bb <a class=\"mh-excerpt-more\" href=\"https:\/\/www.tucomarca.com\/wordpress\/segunda\/ca\/lartistica-de-bunyol-viu-aquest-diumenge-el-seu-dia-gran-amb-la-festa-del-manto\/\" title=\"\u00abL&#8217;Art\u00edstica\u00bb de Bunyol viu aquest diumenge el seu dia gran amb la Festa del Mant\u00f3\">[+] <\/a><\/div>\n","protected":false},"author":12,"featured_media":195042,"comment_status":"open","ping_status":"open","sticky":false,"template":"","format":"standard","meta":{"footnotes":""},"categories":[11019,10911,10894,10912,11007,10896],"tags":[10913,17118,10914],"class_list":{"0":"post-195043","1":"post","2":"type-post","3":"status-publish","4":"format-standard","5":"has-post-thumbnail","7":"category-agenda-ca","8":"category-bunol-ca","9":"category-la-comarca-ca","10":"category-la-hoya-ca","11":"category-ocio-y-cultura-ca","12":"category-seccion-ca","13":"tag-bunol-ca","14":"tag-fiesta-del-manton-ca","15":"tag-la-hoya-de-bunol-chiva-ca"},"_links":{"self":[{"href":"https:\/\/www.tucomarca.com\/wordpress\/segunda\/ca\/wp-json\/wp\/v2\/posts\/195043","targetHints":{"allow":["GET"]}}],"collection":[{"href":"https:\/\/www.tucomarca.com\/wordpress\/segunda\/ca\/wp-json\/wp\/v2\/posts"}],"about":[{"href":"https:\/\/www.tucomarca.com\/wordpress\/segunda\/ca\/wp-json\/wp\/v2\/types\/post"}],"author":[{"embeddable":true,"href":"https:\/\/www.tucomarca.com\/wordpress\/segunda\/ca\/wp-json\/wp\/v2\/users\/12"}],"replies":[{"embeddable":true,"href":"https:\/\/www.tucomarca.com\/wordpress\/segunda\/ca\/wp-json\/wp\/v2\/comments?post=195043"}],"version-history":[{"count":0,"href":"https:\/\/www.tucomarca.com\/wordpress\/segunda\/ca\/wp-json\/wp\/v2\/posts\/195043\/revisions"}],"wp:featuredmedia":[{"embeddable":true,"href":"https:\/\/www.tucomarca.com\/wordpress\/segunda\/ca\/wp-json\/wp\/v2\/media\/195042"}],"wp:attachment":[{"href":"https:\/\/www.tucomarca.com\/wordpress\/segunda\/ca\/wp-json\/wp\/v2\/media?parent=195043"}],"wp:term":[{"taxonomy":"category","embeddable":true,"href":"https:\/\/www.tucomarca.com\/wordpress\/segunda\/ca\/wp-json\/wp\/v2\/categories?post=195043"},{"taxonomy":"post_tag","embeddable":true,"href":"https:\/\/www.tucomarca.com\/wordpress\/segunda\/ca\/wp-json\/wp\/v2\/tags?post=195043"}],"curies":[{"name":"wp","href":"https:\/\/api.w.org\/{rel}","templated":true}]}}