{"id":195514,"date":"2023-08-28T06:00:00","date_gmt":"2023-08-28T04:00:00","guid":{"rendered":"https:\/\/www.tucomarca.com\/wordpress\/segunda\/?p=195514"},"modified":"2023-08-28T18:47:13","modified_gmt":"2023-08-28T16:47:13","slug":"opinio-a-boca-de-cano-anim-jenni-per-joseh-larrazabal","status":"publish","type":"post","link":"https:\/\/www.tucomarca.com\/wordpress\/segunda\/ca\/opinio-a-boca-de-cano-anim-jenni-per-joseh-larrazabal\/","title":{"rendered":"Opini\u00f3:. &#8220;A boca de can\u00f3&#8221;: \u00c0nim Jenni!, per J\u00f3seh Larraz\u00e1bal"},"content":{"rendered":"\n<figure class=\"wp-block-image size-large is-resized\"><img loading=\"lazy\" decoding=\"async\" src=\"http:\/\/www.tucomarca.com\/wordpress\/segunda\/wp-content\/uploads\/2021\/07\/JoseLarrazabal-1024x1024.jpg\" alt=\"\" class=\"wp-image-136627\" width=\"215\" height=\"215\" srcset=\"https:\/\/www.tucomarca.com\/wordpress\/segunda\/wp-content\/uploads\/2021\/07\/JoseLarrazabal-1024x1024.jpg 1024w, https:\/\/www.tucomarca.com\/wordpress\/segunda\/wp-content\/uploads\/2021\/07\/JoseLarrazabal-300x300.jpg 300w, https:\/\/www.tucomarca.com\/wordpress\/segunda\/wp-content\/uploads\/2021\/07\/JoseLarrazabal-290x290.jpg 290w, https:\/\/www.tucomarca.com\/wordpress\/segunda\/wp-content\/uploads\/2021\/07\/JoseLarrazabal-768x768.jpg 768w, https:\/\/www.tucomarca.com\/wordpress\/segunda\/wp-content\/uploads\/2021\/07\/JoseLarrazabal.jpg 1086w\" sizes=\"auto, (max-width: 215px) 100vw, 215px\" \/><\/figure>\n\n\n\n<p>Hola, em permetreu que expresse la meua opini\u00f3 sobre els \u00faltims esdeveniments que van sorgint davant el nefast i vergony\u00f3s episodi provocat per Rubiales, en aquell temps president de la Real Federaci\u00f3 Espanyola de Futbol.<br>Estan convertint, jo diria m\u00e9s aviat que han convertit, aqueix desafortunat episodi que tots coneixem, en un tema que va m\u00e9s enll\u00e0 de l&#8217;\u00e8tic, de l&#8217;error, d&#8217;una conducta irrespectuosa en la qual tots podem caure en un moment d&#8217;euf\u00f2ria i celebraci\u00f3.<br>Aix\u00f2 ja ha arribat massa lluny tant a nivell nacional i internacional.<br>Rubiales ha tacat i ha fet malb\u00e9 l&#8217;orgull i l&#8217;alegria de tots-as els espanyols per veure a les nostres representants campiones del m\u00f3n de futbol femen\u00ed, i aix\u00f2 no t\u00e9 perd\u00f3.<br>Ara la FIFA ha susp\u00e9s al nefast Rubiales del seu c\u00e0rrec, el CSD l&#8217;ha denunciat al TAD perqu\u00e8 siga inhabilitat, les den\u00fancies i les dimissions de c\u00e0rrecs federatius augmenten cada vegada m\u00e9s, els jugadors i c\u00e0rrecs dels clubs de la Lliga s&#8217;han manifestat en favor de Jenni Bell i les campiones del m\u00f3n&#8230;<br>Malgrat tot des de la federaci\u00f3 segueixen amb la seua fugida cap avant i la seua prepot\u00e8ncia plantant cara i defensant amb ungles i dents i d&#8217;una manera absurda a un president que va perdre els papers despr\u00e9s del partit, els va perdre encara m\u00e9s en el seu discurs asamble\u00edstico i els continua perdent en les seues repres\u00e0lies i respostes plenes de prepot\u00e8ncia i rancor cap a totes les acusacions i desqualificacions, amb una actitud injustificable.<br>Han transformat una acci\u00f3, masclista, s\u00ed, i improcedent, s\u00ed, per\u00f2 que podia haver tingut una justificaci\u00f3 si des del principi haguera reconegut la seua falta i haguera demanat perd\u00f3, en un assumpte entre masclistes pat\u00e8tics i dones que defensen el seu honor.<br>No tenen res a fer. Continuar oposant resist\u00e8ncia amb justificacions f\u00e0tues, amb mentides, culpabilitzant, a base de mentides i misog\u00ednia, a Jennifer Hermoso d&#8217;una desgraciada acci\u00f3 de la qual la teua vas ser l&#8217;\u00fanic actor i protagonista \u00e9s de covards, Rubiales.<br>No tens res a fer, t&#8217;has ficat en un tema molt esvar\u00f3s, un tema entre masclistes i feministes. Ning\u00fa et dona suport ni a tu ni als teus empleats federatius comprats i pressionats per tu.<br>\u00c9s un tema que se&#8217;t va de les mans. M\u00e9s t&#8217;hi haguera v\u00e0lid tindre homenia, demanar, perd\u00f3 i dimitir si haguera sigut necessari, almenys t&#8217;hagueres anat com un home i amb el teu honor restitu\u00eft, o quasi.<br>T&#8217;anir\u00e0s, perqu\u00e8 et tiraran, com una rata sense honor i sense homenia.<br>Has pres decisions en calenta, error, i sense reflexionar, la teua arrog\u00e0ncia, masclisme i prepot\u00e8ncia t&#8217;han jugat una mala passada.<br>No tens eixida.<br>Potser encara eres a temps de reflexionar i marxar-te amb una mica d&#8217;homenia i dignitat si \u00e9s que alguna vegada l&#8217;has tinguda.<br>Pensa-ho Rubiales, ves-te ja.<br>Potser encara eres a temps.<br>La meua admiraci\u00f3 a les campiones del m\u00f3n de futbol femen\u00ed.<br>Enhorabona campiones.<br>\u00c0nim Jenni!<\/p>\n\n\n\n<p>Les jugadores han denunciat conductes sexistes i d&#8217;assetjament des de fa anys. Han renunciat a la selecci\u00f3 86 jugadores.<br>No \u00e9s bastant Rubiales?<br>Fins on?<\/p>\n","protected":false},"excerpt":{"rendered":"<div class=\"mh-excerpt\">Hola, em permetreu que expresse la meua opini\u00f3 sobre els \u00faltims esdeveniments que van sorgint davant el nefast i vergony\u00f3s episodi provocat per Rubiales, en aquell temps president de la Real Federaci\u00f3 Espanyola de Futbol.Estan <a class=\"mh-excerpt-more\" href=\"https:\/\/www.tucomarca.com\/wordpress\/segunda\/ca\/opinio-a-boca-de-cano-anim-jenni-per-joseh-larrazabal\/\" title=\"Opini\u00f3:. &#8220;A boca de can\u00f3&#8221;: \u00c0nim Jenni!, per J\u00f3seh Larraz\u00e1bal\">[+] <\/a><\/div>\n","protected":false},"author":12,"featured_media":136628,"comment_status":"open","ping_status":"open","sticky":false,"template":"","format":"standard","meta":{"footnotes":""},"categories":[11015,11014,11003,10894,11020,11021,10896],"tags":[15972,10913,10914,19629],"class_list":{"0":"post-195514","1":"post","2":"type-post","3":"status-publish","4":"format-standard","5":"has-post-thumbnail","7":"category-canal-futbol","8":"category-canal-valencia-cf-ca","9":"category-sports","10":"category-la-comarca-ca","11":"category-opinion-ca","12":"category-opinion-ca-2","13":"category-seccion-ca","14":"tag-a-bocajarro-ca","15":"tag-bunol-ca","16":"tag-la-hoya-de-bunol-chiva-ca","17":"tag-rubiales-ca"},"_links":{"self":[{"href":"https:\/\/www.tucomarca.com\/wordpress\/segunda\/ca\/wp-json\/wp\/v2\/posts\/195514","targetHints":{"allow":["GET"]}}],"collection":[{"href":"https:\/\/www.tucomarca.com\/wordpress\/segunda\/ca\/wp-json\/wp\/v2\/posts"}],"about":[{"href":"https:\/\/www.tucomarca.com\/wordpress\/segunda\/ca\/wp-json\/wp\/v2\/types\/post"}],"author":[{"embeddable":true,"href":"https:\/\/www.tucomarca.com\/wordpress\/segunda\/ca\/wp-json\/wp\/v2\/users\/12"}],"replies":[{"embeddable":true,"href":"https:\/\/www.tucomarca.com\/wordpress\/segunda\/ca\/wp-json\/wp\/v2\/comments?post=195514"}],"version-history":[{"count":0,"href":"https:\/\/www.tucomarca.com\/wordpress\/segunda\/ca\/wp-json\/wp\/v2\/posts\/195514\/revisions"}],"wp:featuredmedia":[{"embeddable":true,"href":"https:\/\/www.tucomarca.com\/wordpress\/segunda\/ca\/wp-json\/wp\/v2\/media\/136628"}],"wp:attachment":[{"href":"https:\/\/www.tucomarca.com\/wordpress\/segunda\/ca\/wp-json\/wp\/v2\/media?parent=195514"}],"wp:term":[{"taxonomy":"category","embeddable":true,"href":"https:\/\/www.tucomarca.com\/wordpress\/segunda\/ca\/wp-json\/wp\/v2\/categories?post=195514"},{"taxonomy":"post_tag","embeddable":true,"href":"https:\/\/www.tucomarca.com\/wordpress\/segunda\/ca\/wp-json\/wp\/v2\/tags?post=195514"}],"curies":[{"name":"wp","href":"https:\/\/api.w.org\/{rel}","templated":true}]}}