{"id":195536,"date":"2023-08-29T09:00:00","date_gmt":"2023-08-29T07:00:00","guid":{"rendered":"https:\/\/www.tucomarca.com\/wordpress\/segunda\/?p=195536"},"modified":"2023-08-29T14:06:36","modified_gmt":"2023-08-29T12:06:36","slug":"lajuntament-de-requena-demana-a-la-ciutadania-que-seviten-actes-incivics-durant-la-nit-de-la-zurra","status":"publish","type":"post","link":"https:\/\/www.tucomarca.com\/wordpress\/segunda\/ca\/lajuntament-de-requena-demana-a-la-ciutadania-que-seviten-actes-incivics-durant-la-nit-de-la-zurra\/","title":{"rendered":"L&#8217;Ajuntament de Requena demana a la ciutadania que s&#8217;eviten actes inc\u00edvics durant la Nit de la Zurra"},"content":{"rendered":"\n<p>Aquesta nit es dur\u00e0 a terme a Requena la solta de caps de bestiar braus, a la qual seguir\u00e0 la tradicional Nit de la Surra. El recorregut de la surra inclour\u00e0 els carrers Rafael Duyos, General Pereyra, Valentin Garc\u00eda Tena, Norberto Pi\u00f1ango, Plaza del Portal, Garc\u00eda Mont\u00e9s, la Vila Joiosa i Plaza Juan Grand\u00eda.<\/p>\n\n\n\n<p>\u201cDes de l&#8217;Ajuntament de Requena, han fet una crida a la responsabilitat de tots els assistents perqu\u00e8 gaudisquen de la nit de manera segura i respectuosa\u201d. I demanen, per favor, \u201cevitar actes inc\u00edvics. Per a garantir la seguretat, Gu\u00e0rdia Civil, Policia Local i Protecci\u00f3 Civil estaran a la disposici\u00f3 dels ciutadans durant l&#8217;esdeveniment\u201d.\u00a0Informa, <strong>Luis Ib\u00e1\u00f1ez<\/strong>.<\/p>\n","protected":false},"excerpt":{"rendered":"<div class=\"mh-excerpt\">Aquesta nit es dur\u00e0 a terme a Requena la solta de caps de bestiar braus, a la qual seguir\u00e0 la tradicional Nit de la Surra. El recorregut de la surra inclour\u00e0 els carrers Rafael Duyos, <a class=\"mh-excerpt-more\" href=\"https:\/\/www.tucomarca.com\/wordpress\/segunda\/ca\/lajuntament-de-requena-demana-a-la-ciutadania-que-seviten-actes-incivics-durant-la-nit-de-la-zurra\/\" title=\"L&#8217;Ajuntament de Requena demana a la ciutadania que s&#8217;eviten actes inc\u00edvics durant la Nit de la Zurra\">[+] <\/a><\/div>\n","protected":false},"author":1,"featured_media":139332,"comment_status":"open","ping_status":"open","sticky":false,"template":"","format":"standard","meta":{"footnotes":""},"categories":[11019,10898,10894,10904,10908,10909,10896],"tags":[11099,10910,12650],"class_list":{"0":"post-195536","1":"post","2":"type-post","3":"status-publish","4":"format-standard","5":"has-post-thumbnail","7":"category-agenda-ca","8":"category-ventana-ca","9":"category-la-comarca-ca","10":"category-sin-categorizar-ca","11":"category-requena-ca","12":"category-requena-utiel-ca","13":"category-seccion-ca","14":"tag-requena-ca","15":"tag-requena-utiel-ca","16":"tag-vendimia-ca"},"_links":{"self":[{"href":"https:\/\/www.tucomarca.com\/wordpress\/segunda\/ca\/wp-json\/wp\/v2\/posts\/195536","targetHints":{"allow":["GET"]}}],"collection":[{"href":"https:\/\/www.tucomarca.com\/wordpress\/segunda\/ca\/wp-json\/wp\/v2\/posts"}],"about":[{"href":"https:\/\/www.tucomarca.com\/wordpress\/segunda\/ca\/wp-json\/wp\/v2\/types\/post"}],"author":[{"embeddable":true,"href":"https:\/\/www.tucomarca.com\/wordpress\/segunda\/ca\/wp-json\/wp\/v2\/users\/1"}],"replies":[{"embeddable":true,"href":"https:\/\/www.tucomarca.com\/wordpress\/segunda\/ca\/wp-json\/wp\/v2\/comments?post=195536"}],"version-history":[{"count":0,"href":"https:\/\/www.tucomarca.com\/wordpress\/segunda\/ca\/wp-json\/wp\/v2\/posts\/195536\/revisions"}],"wp:featuredmedia":[{"embeddable":true,"href":"https:\/\/www.tucomarca.com\/wordpress\/segunda\/ca\/wp-json\/wp\/v2\/media\/139332"}],"wp:attachment":[{"href":"https:\/\/www.tucomarca.com\/wordpress\/segunda\/ca\/wp-json\/wp\/v2\/media?parent=195536"}],"wp:term":[{"taxonomy":"category","embeddable":true,"href":"https:\/\/www.tucomarca.com\/wordpress\/segunda\/ca\/wp-json\/wp\/v2\/categories?post=195536"},{"taxonomy":"post_tag","embeddable":true,"href":"https:\/\/www.tucomarca.com\/wordpress\/segunda\/ca\/wp-json\/wp\/v2\/tags?post=195536"}],"curies":[{"name":"wp","href":"https:\/\/api.w.org\/{rel}","templated":true}]}}