{"id":195945,"date":"2023-09-01T09:00:00","date_gmt":"2023-09-01T07:00:00","guid":{"rendered":"https:\/\/www.tucomarca.com\/wordpress\/segunda\/?p=195945"},"modified":"2023-09-01T14:40:33","modified_gmt":"2023-09-01T12:40:33","slug":"la-unitat-de-mobilitat-i-seguretat-de-la-guardia-civil-en-la-volta-ciclista-a-espanya-2023-recorre-les-carreteres-valencianes","status":"publish","type":"post","link":"https:\/\/www.tucomarca.com\/wordpress\/segunda\/ca\/la-unitat-de-mobilitat-i-seguretat-de-la-guardia-civil-en-la-volta-ciclista-a-espanya-2023-recorre-les-carreteres-valencianes\/","title":{"rendered":"La Unitat de Mobilitat i Seguretat de la Gu\u00e0rdia Civil en la Volta ciclista a Espanya 2023 recorre les carreteres valencianes"},"content":{"rendered":"\n<p><strong>En l&#8217;inici de la 7a etapa, 1 de setembre, de la 78a Volta ciclista a Espanya, en la localitat d&#8217;Utiel, es rendir\u00e0 un sentit homenatge al GC Sr. Francisco Ram\u00f3n Montes F\u00e9lix, mort en sinistre vial recentment<\/strong><\/p>\n\n\n\n<p><strong>La componen 134 gu\u00e0rdies civils, amb 59 motocicletes, 1 helic\u00f2pter i altres vehicles tant turismes com tot terreny. 3 dels gu\u00e0rdies civils es troben destinats a la prov\u00edncia de Val\u00e8ncia<\/strong><\/p>\n\n\n\n<p>Amb motiu de l&#8217;inici de la 7a etapa, dia 1 de setembre, de la 78a edici\u00f3 de la Volta Ciclista a Espanya 2023, amb inici en la localitat d&#8217;Utiel, per la UMSV de Gu\u00e0rdia Civil, es rendir\u00e0 un sentit homenatge al Gu\u00e0rdia Civil Sr. Francisco Ram\u00f3n Montes F\u00e9lix, mort el passat dia 10 d&#8217;abril de 2023, en la CV-415 km 19, a conseq\u00fc\u00e8ncia d&#8217;un sinistre vial en acte de servei de vigil\u00e0ncia de carreteres en operaci\u00f3 especial de tr\u00e0nsit de Setmana Santa. L&#8217;acte es realitzar\u00e0 amb la pres\u00e8ncia de la seua parella sentimental, pares, aix\u00ed com uns altres familiars i autoritats.<\/p>\n\n\n\n<p>A aquest Operatiu, espec\u00edficament, es destina per a donar cobertura i seguretat a tot l&#8217;esdeveniment la Gu\u00e0rdia Civil ha constitu\u00eft la seua tradicional Unitat de Mobilitat i Seguretat Vi\u00e0ria (UMSV) composta per 134 gu\u00e0rdies civils (85 de l&#8217;Agrupaci\u00f3 de Tr\u00e0nsit, 39 de l&#8217;Agrupaci\u00f3 de Reserva i Seguretat, 6 del Servei aeri, 2 GAR\/UAV, 2 Servei Material M\u00f2bil) que acompanyaran a l&#8217;esdeveniment esportiu durant tot el seu recorregut. Tres d&#8217;ells es troben destinats a la prov\u00edncia de Val\u00e8ncia.<\/p>\n\n\n\n<p>La Gu\u00e0rdia civil de Val\u00e8ncia estableix un dispositiu de seguretat amb motiu de la Volta Ciclista a Espanya de m\u00e9s de 200 agents, pertanyents a Seguretat Ciutadana de les Unitats Territorials, USECIC (Unitat de Seguretat Ciutadana), a m\u00e9s de GEDEX i Servei Cinol\u00f3gico, aix\u00ed com del Subsector de Tr\u00e0nsit i altres especialitats.<\/p>\n\n\n\n<p>Tot aix\u00f2 en llaures al fet que una de les proves esportives m\u00e9s importants d&#8217;Espanya se celebre amb total normalitat, a m\u00e9s del Centre Operatiu de la Comand\u00e0ncia (COC), punt neur\u00e0lgic de les transmissions de tot l&#8217;operatiu de la prov\u00edncia.<\/p>\n\n\n\n<p>En la localitat d&#8217;Oliva, en la finalitzaci\u00f3 de l&#8217;etapa, dins de l&#8217;espai establit per l&#8217;Organitzaci\u00f3 del Parc Tornada, C\/ Pare Antonio Salelles, la Gu\u00e0rdia Civil, tindr\u00e0 instal\u00b7lat un estand amb exposici\u00f3 de mitjans i material espec\u00edfic amb el qual treballen els agents de diferents especialitats, d&#8217;acc\u00e9s lliure per a tot el p\u00fablic.<\/p>\n","protected":false},"excerpt":{"rendered":"<div class=\"mh-excerpt\">En l&#8217;inici de la 7a etapa, 1 de setembre, de la 78a Volta ciclista a Espanya, en la localitat d&#8217;Utiel, es rendir\u00e0 un sentit homenatge al GC Sr. Francisco Ram\u00f3n Montes F\u00e9lix, mort en sinistre <a class=\"mh-excerpt-more\" href=\"https:\/\/www.tucomarca.com\/wordpress\/segunda\/ca\/la-unitat-de-mobilitat-i-seguretat-de-la-guardia-civil-en-la-volta-ciclista-a-espanya-2023-recorre-les-carreteres-valencianes\/\" title=\"La Unitat de Mobilitat i Seguretat de la Gu\u00e0rdia Civil en la Volta ciclista a Espanya 2023 recorre les carreteres valencianes\">[+] <\/a><\/div>\n","protected":false},"author":13,"featured_media":159617,"comment_status":"open","ping_status":"open","sticky":false,"template":"","format":"standard","meta":{"footnotes":""},"categories":[11013,11046,11003,10898,10948,10894,10904,10912,10902,10947,10909,10896,10897,11059],"tags":[10910,11174,13857],"class_list":{"0":"post-195945","1":"post","2":"type-post","3":"status-publish","4":"format-standard","5":"has-post-thumbnail","7":"category-ciclismo-ca","8":"category-los-serranos-ca","9":"category-sports","10":"category-ventana-ca","11":"category-infraestructuras-ca","12":"category-la-comarca-ca","13":"category-sin-categorizar-ca","14":"category-la-hoya-ca","15":"category-la-ribera-ca","16":"category-politica","17":"category-requena-utiel-ca","18":"category-seccion-ca","19":"category-sucesos-la-comarca-ca","20":"category-utiel-ca","21":"tag-requena-utiel-ca","22":"tag-utiel-ca","23":"tag-vuelta-ciclista-ca"},"_links":{"self":[{"href":"https:\/\/www.tucomarca.com\/wordpress\/segunda\/ca\/wp-json\/wp\/v2\/posts\/195945","targetHints":{"allow":["GET"]}}],"collection":[{"href":"https:\/\/www.tucomarca.com\/wordpress\/segunda\/ca\/wp-json\/wp\/v2\/posts"}],"about":[{"href":"https:\/\/www.tucomarca.com\/wordpress\/segunda\/ca\/wp-json\/wp\/v2\/types\/post"}],"author":[{"embeddable":true,"href":"https:\/\/www.tucomarca.com\/wordpress\/segunda\/ca\/wp-json\/wp\/v2\/users\/13"}],"replies":[{"embeddable":true,"href":"https:\/\/www.tucomarca.com\/wordpress\/segunda\/ca\/wp-json\/wp\/v2\/comments?post=195945"}],"version-history":[{"count":0,"href":"https:\/\/www.tucomarca.com\/wordpress\/segunda\/ca\/wp-json\/wp\/v2\/posts\/195945\/revisions"}],"wp:featuredmedia":[{"embeddable":true,"href":"https:\/\/www.tucomarca.com\/wordpress\/segunda\/ca\/wp-json\/wp\/v2\/media\/159617"}],"wp:attachment":[{"href":"https:\/\/www.tucomarca.com\/wordpress\/segunda\/ca\/wp-json\/wp\/v2\/media?parent=195945"}],"wp:term":[{"taxonomy":"category","embeddable":true,"href":"https:\/\/www.tucomarca.com\/wordpress\/segunda\/ca\/wp-json\/wp\/v2\/categories?post=195945"},{"taxonomy":"post_tag","embeddable":true,"href":"https:\/\/www.tucomarca.com\/wordpress\/segunda\/ca\/wp-json\/wp\/v2\/tags?post=195945"}],"curies":[{"name":"wp","href":"https:\/\/api.w.org\/{rel}","templated":true}]}}